{"id":8,"count":52,"description":"<strong>Nous \u00e9coutons la voix des artisans, apprentis, ma\u00eetres d\u2019apprentissage, qui, \u00e0 travers des portraits, interviews, podcasts et vid\u00e9os, mettent en lumi\u00e8re leur parcours inspirant, leurs expertise et savoir-faire mais aussi les perspectives de leur m\u00e9tier.<\/strong>","link":"https:\/\/www.cma-hautsdefrance.fr\/blog\/histoires-artisans\/","name":"Paroles d'artisans","slug":"histoires-artisans","taxonomy":"category","parent":0,"meta":[],"_links":{"self":[{"href":"https:\/\/www.cma-hautsdefrance.fr\/blog\/wp-json\/wp\/v2\/categories\/8","targetHints":{"allow":["GET"]}}],"collection":[{"href":"https:\/\/www.cma-hautsdefrance.fr\/blog\/wp-json\/wp\/v2\/categories"}],"about":[{"href":"https:\/\/www.cma-hautsdefrance.fr\/blog\/wp-json\/wp\/v2\/taxonomies\/category"}],"wp:post_type":[{"href":"https:\/\/www.cma-hautsdefrance.fr\/blog\/wp-json\/wp\/v2\/posts?categories=8"}],"curies":[{"name":"wp","href":"https:\/\/api.w.org\/{rel}","templated":true}]}}