{"id":10048,"date":"2025-02-21T09:00:00","date_gmt":"2025-02-21T08:00:00","guid":{"rendered":"https:\/\/www.cma-hautsdefrance.fr\/blog\/?p=10048"},"modified":"2025-02-24T09:42:17","modified_gmt":"2025-02-24T08:42:17","slug":"selections-regionales-worldskills-2025-a-arras-lapprenti-fleuriste-hugo-lefevre-rafle-lor-de-la-graine-de-champion","status":"publish","type":"post","link":"https:\/\/www.cma-hautsdefrance.fr\/blog\/actualites\/selections-regionales-worldskills-2025-a-arras-lapprenti-fleuriste-hugo-lefevre-rafle-lor-de-la-graine-de-champion\/","title":{"rendered":"S\u00e9lections r\u00e9gionales Worldskills 2025 HDF L&rsquo;apprenti fleuriste Hugo Lefevre rafle l&rsquo;or : de la graine de champion"},"content":{"rendered":"<span class=\"rt-reading-time\" style=\"display: block;\"><span class=\"rt-label rt-prefix\">Temps de lecture\u00a0: <\/span> <span class=\"rt-time\">4<\/span> <span class=\"rt-label rt-postfix\">minutes<\/span><\/span>\n<p class=\"has-medium-font-size\"><strong>D\u00e9tenteur d\u2019une m\u00e9daille d\u2019argent en 2024 au concours du Meilleur Apprenti de France (MAF), Hugo Lefevre, apprenti \u00e0 CMA Formation Amiens, vient de rafler une m\u00e9daille d\u2019or en fleuristerie d\u00e9but f\u00e9vrier aux s\u00e9lections r\u00e9gionales des Worldskills 2025. Le jeune fleuriste &#8230; en herbe a accept\u00e9 d\u2019\u00e9voquer sa passion pour l\u2019art floral.<\/strong><\/p>\n\n\n\n<p style=\"font-size:14px\"><strong>-Pouvez-vous vous pr\u00e9senter en quelques mots et expliquer ce qui vous a pouss\u00e9 \u00e0 choisir la formation de fleuriste&nbsp;?<\/strong><\/p>\n\n\n<div class=\"wp-block-image\">\n<figure class=\"alignright size-large is-resized\"><img loading=\"lazy\" decoding=\"async\" width=\"768\" height=\"1024\" src=\"https:\/\/www.cma-hautsdefrance.fr\/blog\/wp-content\/uploads\/2025\/02\/1000000082-768x1024.jpg\" alt=\"\" class=\"wp-image-10065\" style=\"width:443px;height:auto\"\/><\/figure>\n<\/div>\n\n\n<p style=\"font-size:14px\"><strong>-Hugo Lef\u00e8vre&nbsp;:<\/strong> J\u2019ai 20 ans, j\u2019ai toujours eu envie d\u2019\u00eatre fleuriste\u2026 Malheureusement, apr\u00e8s le coll\u00e8ge, je n\u2019ai pas pu me lancer tout de suite dans cette formation, \u00e0 cause de la pand\u00e9mie du Covid. J\u2019ai pers\u00e9v\u00e9r\u00e9, j\u2019ai pass\u00e9 mon CAP en un an et je suis actuellement en BP 1<sup>ere<\/sup> ann\u00e9e \u00e0 CMA Formation Amiens tout en travaillant chez Absolument fleurs \u00e0 Amiens. C\u2019est un univers qui me passionne (sourire).<\/p>\n\n\n\n<p style=\"font-size:14px\"><strong>-Qu\u2019aimez-vous dans ce m\u00e9tier ?<\/strong><br><strong>-HL&nbsp;:<\/strong> J\u2019aime l\u2019aspect cr\u00e9atif, les mati\u00e8res qu\u2019on travaille. En art floral, on ne fait pas seulement des bouquets, mais aussi de la d\u00e9coration, des bijoux, notamment avec des fleurs s\u00e9ch\u00e9es ou \u00e9ternelles (stabilis\u00e9es*). La libert\u00e9 de cr\u00e9ation est incroyable&nbsp;! On peut tout faire \u2026<\/p>\n\n\n\n<p style=\"font-size:14px\"><strong>-Comment avez-vous d\u00e9couvert la comp\u00e9tition des WorldSkills&nbsp; et qu\u2019est-ce qui a motiv\u00e9 votre participation ?<br>-HL&nbsp;: <\/strong>C\u2019est ma professeure d\u2019art floral, Madame Ponthieu, qui m\u2019en a parl\u00e9. Elle a cru en moi, sans doute aussi parce que j\u2019avais gagn\u00e9 la m\u00e9daille d\u2019argent en 2024 au concours du MAF&nbsp;en fleuristerie.<br><strong><br>-Comment vous \u00eates-vous pr\u00e9par\u00e9 \u00e0 cette comp\u00e9tition ?<br>-HL&nbsp;: <\/strong>C\u2019est Madame Ponthieu qui m\u2019a entrain\u00e9. Nous avons travaill\u00e9 de fa\u00e7on intense trois jours avant les \u00e9preuves, en \u00e9tant vraiment focus sur toutes les techniques. Il fallait vraiment tout envisager parce qu\u2019aux Worldskills, contrairement au MAF, on ne re\u00e7oit pas le sujet \u00e0 l\u2019avance.<\/p>\n\n\n<div class=\"wp-block-image\">\n<figure class=\"alignleft size-large is-resized\"><img loading=\"lazy\" decoding=\"async\" width=\"1024\" height=\"768\" src=\"https:\/\/www.cma-hautsdefrance.fr\/blog\/wp-content\/uploads\/2025\/02\/1000000086-1024x768.jpg\" alt=\"\" class=\"wp-image-10059\" style=\"width:560px;height:auto\"\/><\/figure>\n<\/div>\n\n\n<p style=\"font-size:14px\"><strong>-Avez-vous re\u00e7u un accompagnement particulier?<\/strong><br><strong>-HL&nbsp;: <\/strong>Non, car Madame Ponthieu souhaitait que je prenne avant tout du plaisir pendant la comp\u00e9tition, elle voulait que je m\u2019amuse avant tout et du coup cela m\u2019a enlev\u00e9 de la pression, j\u2019\u00e9tais plus d\u00e9tendu. L\u2019objectif, selon elle, n\u2019est pas uniquement de gagner mais de vivre une exp\u00e9rience.<\/p>\n\n\n\n<p><\/p>\n\n\n\n<p style=\"font-size:16px\"><strong>\u00ab\u00a0S&rsquo;entrainer uniquement pour gagner&nbsp;n\u2019est pas le plus important, le plus beau c\u2019est de faire ce qu\u2019on aime&nbsp;!\u00a0\u00bb<\/strong><\/p>\n\n\n\n<p><\/p>\n\n\n\n<p style=\"font-size:14px\"><strong>-Sur quels aspects techniques deviez-vous le plus travailler ?<\/strong><br><strong>-HL&nbsp;: <\/strong>J\u2019ai insist\u00e9 sur le travail du fil de fer dont on se sert pour la structure de nos compositions, mais aussi sur tous les types de mat\u00e9riaux tels que le bois, la corde, le carton\u2026Il faut tout tester pour \u00eatre s\u00fbr de bien faire.<\/p>\n\n\n\n<p style=\"font-size:14px\"><strong>-Pouvez-vous nous raconter votre exp\u00e9rience pendant les s\u00e9lections r\u00e9gionales ?<\/strong><br><strong>-HL&nbsp;: <\/strong>M\u00eame si j\u2019\u00e9tais d\u00e9tendu, une fois le th\u00e8me d\u00e9voil\u00e9&nbsp;: Shanga\u00ef, c\u2019\u00e9tait tout de m\u00eame &nbsp;complexe&nbsp;(rire)&nbsp;! Le premier jour, il fallait r\u00e9aliser dans un temps imparti, un bouquet \u00e0 structure, un bijou et un centre de table. Ce dernier \u00e9tait compos\u00e9 d\u2019une couronne en papier m\u00e2ch\u00e9 avec 60 % de plantes. Pour le bijou, il fallait int\u00e9grer du tulle dans la composition. Le 2\u00e8 jour, je devais notamment r\u00e9aliser une coiffe et je n\u2019\u00e9tais pas trop inspir\u00e9\u2026 J\u2019ai cr\u00e9\u00e9 une couronne entrelac\u00e9e.<\/p>\n\n\n<div class=\"wp-block-image\">\n<figure class=\"alignleft size-large is-resized\"><img loading=\"lazy\" decoding=\"async\" width=\"533\" height=\"1024\" src=\"https:\/\/www.cma-hautsdefrance.fr\/blog\/wp-content\/uploads\/2025\/02\/thumbnail_image4-533x1024.jpg\" alt=\"\" class=\"wp-image-10070\" style=\"width:500px;height:auto\"\/><\/figure>\n<\/div>\n\n\n<p style=\"font-size:14px\"><strong>-Quel a \u00e9t\u00e9 le plus grand d\u00e9fi rencontr\u00e9 pendant les \u00e9preuves ?<\/strong><br><strong>-HL&nbsp;: <\/strong>Le plus grand d\u00e9fi c\u2019\u00e9tait de r\u00e9aliser la lanterne \u00e0 suspendre, il fallait respecter des dimensions pr\u00e9cises (60&#215;60 cm) et il y avait une bougie&nbsp;\u00e0 placer, donc avec la chaleur et les fleurs c\u2019\u00e9tait un peu p\u00e9rilleux (rire).<\/p>\n\n\n\n<p style=\"font-size:14px\"><strong>-Comment avez-vous ressenti l\u2019annonce des r\u00e9sultats et que repr\u00e9sente pour vous cette m\u00e9daille d\u2019or ?<\/strong><br><strong>-HL&nbsp;<\/strong>: C\u2019\u00e9tait une belle surprise \u00e0 laquelle je ne m\u2019attendais pas. Finalement, c\u2019est rapide, car je suis seulement en premi\u00e8re ann\u00e9e de BP. Je suis fier de moi (sourire). Pour le moment, je pense \u00e0 l\u2019entrainement pour la s\u00e9lection nationale des Worldskills, je vais d\u00e9sormais m\u2019entra\u00eener avec Claire Lefebvre, on va travailler sur le planning afin de bien s\u2019organiser. Cela me donne aussi envie de poursuivre dans la voie des concours en participant \u00e0 celui du Meilleur Ouvrier de France (MOF).<\/p>\n\n\n\n<p style=\"font-size:14px\"><strong>-Quels conseils donneriez-vous aux jeunes qui aimeraient se lancer dans les Worldskills ?<\/strong><br><strong>-HL&nbsp;: <\/strong>Ne pas perdre de vue que s\u2019entrainer uniquement pour gagner&nbsp;n\u2019est pas le plus important, le plus beau c\u2019est de faire ce qu\u2019on aime&nbsp;!<\/p>\n\n\n\n<p style=\"font-size:14px\">*La s\u00e8ve des fleurs est remplac\u00e9e par un s\u00e9rum par trempage ou vaporisation, cela permet de conserver la fra\u00eecheur et les parfums.<\/p>\n\n\n\n<p style=\"font-size:14px\">Photo DR CMA HDF<\/p>\n\n\n\n<div style=\"height:34px\" aria-hidden=\"true\" class=\"wp-block-spacer\"><\/div>\n\n\n\n<p style=\"font-size:16px\"><strong>Le mot de son professeur :<\/strong> Nathalie Ponthieu, professeur d\u2019art floral \u00e0 CMA Formation Amiens<\/p>\n\n\n<div class=\"wp-block-image\">\n<figure class=\"alignleft size-large is-resized\"><img loading=\"lazy\" decoding=\"async\" width=\"768\" height=\"1024\" src=\"https:\/\/www.cma-hautsdefrance.fr\/blog\/wp-content\/uploads\/2025\/02\/1000000083-768x1024.jpg\" alt=\"\" class=\"wp-image-10060\" style=\"width:386px;height:auto\"\/><\/figure>\n<\/div>\n\n\n<p><\/p>\n\n\n\n<p><\/p>\n\n\n\n<p style=\"font-size:14px\"><strong>\u00ab&nbsp;Hugo a du talent mais aussi beaucoup d\u2019humilit\u00e9&nbsp;\u00bb<\/strong><\/p>\n\n\n\n<p style=\"font-size:14px\">\u00ab&nbsp;Je suis tr\u00e8s heureuse pour Hugo, je dois souligner chez lui son talent qui se d\u00e9veloppe mais aussi sa grande part d\u2019humilit\u00e9. On ne prend jamais de candidat au hasard&nbsp;!&nbsp;\u00bb<\/p>\n\n\n\n<p style=\"font-size:14px\"><\/p>\n\n\n\n<p style=\"font-size:14px\"><\/p>\n\n\n\n<p><\/p>\n","protected":false},"excerpt":{"rendered":"<p><span class=\"rt-reading-time\" style=\"display: block;\"><span class=\"rt-label rt-prefix\">Temps de lecture\u00a0: <\/span> <span class=\"rt-time\">4<\/span> <span class=\"rt-label rt-postfix\">minutes<\/span><\/span> D\u00e9tenteur d\u2019une m\u00e9daille d\u2019argent en 2024 au concours du Meilleur Apprenti de France (MAF), Hugo Lefevre, apprenti \u00e0 CMA Formation Amiens, vient de rafler une m\u00e9daille d\u2019or en fleuristerie d\u00e9but f\u00e9vrier aux s\u00e9lections r\u00e9gionales des Worldskills 2025. Le jeune fleuriste [&hellip;]<\/p>\n","protected":false},"author":20,"featured_media":10073,"comment_status":"closed","ping_status":"open","sticky":false,"template":"","format":"standard","meta":{"footnotes":""},"categories":[111,31,6,8],"tags":[96,78,71,73,221,158,238,183,63,91,177,144],"class_list":["post-10048","post","type-post","status-publish","format-standard","has-post-thumbnail","hentry","category-a-la-une","category-actu-somme","category-actualites","category-histoires-artisans","tag-amiens","tag-apprenti","tag-artisan","tag-artisanat","tag-cma-formation-amiens","tag-cma-hdf","tag-fleuriste","tag-fleuristerie","tag-hauts-de-france","tag-interview","tag-medaille-dor","tag-world-skills"],"_links":{"self":[{"href":"https:\/\/www.cma-hautsdefrance.fr\/blog\/wp-json\/wp\/v2\/posts\/10048","targetHints":{"allow":["GET"]}}],"collection":[{"href":"https:\/\/www.cma-hautsdefrance.fr\/blog\/wp-json\/wp\/v2\/posts"}],"about":[{"href":"https:\/\/www.cma-hautsdefrance.fr\/blog\/wp-json\/wp\/v2\/types\/post"}],"author":[{"embeddable":true,"href":"https:\/\/www.cma-hautsdefrance.fr\/blog\/wp-json\/wp\/v2\/users\/20"}],"replies":[{"embeddable":true,"href":"https:\/\/www.cma-hautsdefrance.fr\/blog\/wp-json\/wp\/v2\/comments?post=10048"}],"version-history":[{"count":18,"href":"https:\/\/www.cma-hautsdefrance.fr\/blog\/wp-json\/wp\/v2\/posts\/10048\/revisions"}],"predecessor-version":[{"id":10078,"href":"https:\/\/www.cma-hautsdefrance.fr\/blog\/wp-json\/wp\/v2\/posts\/10048\/revisions\/10078"}],"wp:featuredmedia":[{"embeddable":true,"href":"https:\/\/www.cma-hautsdefrance.fr\/blog\/wp-json\/wp\/v2\/media\/10073"}],"wp:attachment":[{"href":"https:\/\/www.cma-hautsdefrance.fr\/blog\/wp-json\/wp\/v2\/media?parent=10048"}],"wp:term":[{"taxonomy":"category","embeddable":true,"href":"https:\/\/www.cma-hautsdefrance.fr\/blog\/wp-json\/wp\/v2\/categories?post=10048"},{"taxonomy":"post_tag","embeddable":true,"href":"https:\/\/www.cma-hautsdefrance.fr\/blog\/wp-json\/wp\/v2\/tags?post=10048"}],"curies":[{"name":"wp","href":"https:\/\/api.w.org\/{rel}","templated":true}]}}