{"id":10079,"date":"2025-02-28T09:00:00","date_gmt":"2025-02-28T08:00:00","guid":{"rendered":"https:\/\/www.cma-hautsdefrance.fr\/blog\/?p=10079"},"modified":"2025-02-27T10:45:38","modified_gmt":"2025-02-27T09:45:38","slug":"selections-regionales-worldskills-2025-hdf-gauthier-macrez-lapprenti-aux-doigts-dor","status":"publish","type":"post","link":"https:\/\/www.cma-hautsdefrance.fr\/blog\/histoires-artisans\/selections-regionales-worldskills-2025-hdf-gauthier-macrez-lapprenti-aux-doigts-dor\/","title":{"rendered":"S\u00e9lections r\u00e9gionales Worldskills 2025 HDF :  Gauthier Macrez, l&rsquo;apprenti aux doigts d&rsquo;or"},"content":{"rendered":"<span class=\"rt-reading-time\" style=\"display: block;\"><span class=\"rt-label rt-prefix\">Temps de lecture\u00a0: <\/span> <span class=\"rt-time\">3<\/span> <span class=\"rt-label rt-postfix\">minutes<\/span><\/span>\n<p class=\"has-medium-font-size\"><strong>Il avait d\u00e9j\u00e0 obtenu une m\u00e9daille d\u2019argent en coiffure en 2023, lors des s\u00e9lections r\u00e9gionales des Worldskills. Deux ans plus tard, Gauthier Macrez, jeune apprenti coiffeur \u00e0 CMA Formation et Entreprises Calais, a vu son talent r\u00e9compens\u00e9 par une m\u00e9daille d\u2019or aux s\u00e9lections r\u00e9gionales des Worldskills. Il revient avec enthousiasme sur les moments forts des \u00e9preuves qui l\u2019ont men\u00e9 vers cette belle victoire.<\/strong><\/p>\n\n\n\n<p style=\"font-size:14px\"><strong>-Pouvez-vous vous pr\u00e9senter en quelques mots et notamment expliquer ce qui vous a pouss\u00e9 \u00e0 choisir la formation de coiffeur ?<\/strong><br><strong>-Gauthier Macrez&nbsp;: <\/strong>J\u2019ai 19 ans, j\u2019ai commenc\u00e9 par un CAP coiffure \u00e0 15 ans \u00e0 CMA Formation et Entreprises Calais puis j\u2019ai continu\u00e9 par un BP en deux ans, que je termine cette ann\u00e9e dans le m\u00eame \u00e9tablissement, tout en travaillant en alternance au salon Joc\u2019hair \u00e0 Blendecques. J\u2019ai toujours aim\u00e9 la coiffure, d\u00e9j\u00e0 tr\u00e8s jeune cela m\u2019attirait. Ma s\u0153ur \u00e9tait coiffeuse et cela m\u2019a sans doute aussi influenc\u00e9.<\/p>\n\n\n<div class=\"wp-block-image\">\n<figure class=\"alignleft size-full\"><img loading=\"lazy\" decoding=\"async\" width=\"281\" height=\"500\" src=\"https:\/\/www.cma-hautsdefrance.fr\/blog\/wp-content\/uploads\/2025\/02\/b78c873e-e72a-42fb-aff0-87dd560cdd26.jpeg\" alt=\"\" class=\"wp-image-10087\"\/><\/figure>\n<\/div>\n\n\n<p style=\"font-size:14px\"><strong>-Comment avez-vous d\u00e9couvert la comp\u00e9tition des WorldSkills et qu\u2019est-ce qui vous a motiv\u00e9 votre participation ?<br>-GM&nbsp;: <\/strong>J\u2019avais pass\u00e9 le concours du Rotary, en soutien \u00e0 Octobre rose, en 2022 et 2024 o\u00f9 j\u2019avais obtenu la premi\u00e8re place puis les s\u00e9lections r\u00e9gionales des Worldskills en 2023 qui m\u2019ont permis de d\u00e9crocher la m\u00e9daille d\u2019argent. C\u2019\u00e9tait d\u00e9j\u00e0 un excellent entrainement qui m\u2019a incit\u00e9 \u00e0 poursuivre dans cette voie. Ma professeure V\u00e9ronique Boivin m\u2019a aussi beaucoup encourag\u00e9. Je suis d\u2019un temp\u00e9rament comp\u00e9titeur et je trouve que les concours sont stimulants et favorisent l\u2019expression artistique. On peut cr\u00e9er, cela permet aussi d\u2019avoir un regard nouveau&nbsp;sur notre travail\u2026 Madame Boivin \u00e9tait partante pour que je participe d\u00e8s la premi\u00e8re ann\u00e9e de CAP (d\u2019ailleurs j\u2019\u00e9tais le seul au milieu de tous les BP &#8211; sourire) et j\u2019ai obtenu la m\u00e9daille d\u2019argent. Avec ma prof\u2019, nous avons une vraie complicit\u00e9, nous partageons cette passion pour la coiffure.<\/p>\n\n\n\n<p style=\"font-size:14px\"><strong>-Comment vous \u00eates-vous pr\u00e9par\u00e9 \u00e0 cette comp\u00e9tition&nbsp;?<\/strong> <br><strong>&#8211; GM <\/strong>: Je me suis pr\u00e9par\u00e9 environ deux mois avant, en m\u2019entrainant pendant mes journ\u00e9es de repos, avec Madame Boivin. J\u2019ai aussi re\u00e7u le soutien et les conseils de Laura Nunes, m\u00e9daill\u00e9e d\u2019or en coiffure \u00e0 la comp\u00e9tition r\u00e9gionale des Worldskills en 2020.<\/p>\n\n\n\n<p style=\"font-size:14px\"><strong>-Avez-vous re\u00e7u un accompagnement particulier ?<\/strong><br><strong>-GM&nbsp;: <\/strong>J\u2019ai re\u00e7u le soutien et les encouragements de ma prof, de ma fili\u00e8re, de mes proches.<\/p>\n\n\n\n<p style=\"font-size:14px\"><strong>-Sur quels aspects techniques deviez vous le plus travailler ?<\/strong><br><strong>-GM&nbsp;: <\/strong>J\u2019ai beaucoup travaill\u00e9 le chignon, c\u2019est une technique complexe et je me suis aussi entra\u00een\u00e9 sur la coupe homme.<\/p>\n\n\n\n<p style=\"font-size:14px\"><strong>-Pouvez-vous nous raconter votre exp\u00e9rience pendant les s\u00e9lections r\u00e9gionales ?<\/strong><br><strong>-GM&nbsp;: <\/strong>Je stresse toujours beaucoup avant de commencer une \u00e9preuve et puis, d\u00e8s que je suis en situation, -notamment lorsque je pose les mains sur les mod\u00e8les-, tout s\u2019apaise\u2026 Alors l\u00e0, je suis pr\u00eat, je suis dans ma bulle. C\u2019est mon moment (sourire). Dans les concours, on apprend tout le temps, ce sont des exp\u00e9riences enrichissantes et j\u2019adore \u00eatre immerg\u00e9 dans le contexte de la comp\u00e9tition.<\/p>\n\n\n<div class=\"wp-block-image\">\n<figure class=\"alignright size-large is-resized\"><img loading=\"lazy\" decoding=\"async\" width=\"1024\" height=\"695\" src=\"https:\/\/www.cma-hautsdefrance.fr\/blog\/wp-content\/uploads\/2025\/02\/IMG_1853-1024x695.jpeg\" alt=\"\" class=\"wp-image-10086\" style=\"width:573px;height:auto\"\/><\/figure>\n<\/div>\n\n\n<p style=\"font-size:14px\"><strong>-Quel a \u00e9t\u00e9 le plus grand d\u00e9fi rencontr\u00e9 pendant l\u2019\u00e9preuve ?<\/strong><br><strong>-GM&nbsp;: <\/strong>Sans h\u00e9sitation&nbsp;: le chignon, c\u2019est Le d\u00e9fi pour moi. Ce qui \u00e9tait d\u2019autant plus difficile lors des \u00e9preuves c\u2019est que nous devions pratiquer sur une t\u00eate d\u2019entrainement neuve alors qu\u2019en temps normal, nous avons notre t\u00eate \u00e0 coiffer personnelle \u00e0 laquelle nous sommes habitu\u00e9s \u2026 Le cheveu neuf est plus mou, plus lisse, il fallait davantage travailler la structure pour qu\u2019il se place et qu\u2019il tienne. Toutefois, sur les trois \u00e9preuves (coupe dame coloration, coupe homme, chignon), c\u2019est la coupe dame qui m\u2019a fait remporter la m\u00e9daille (sourire).<\/p>\n\n\n\n<p style=\"font-size:14px\"><strong>-Qu&rsquo;avez-vous ressenti \u00e0 l\u2019annonce des r\u00e9sultats et que repr\u00e9sente pour vous cette m\u00e9daille d\u2019or ?<\/strong><br><strong>-GM&nbsp;: <\/strong>Je n\u2019ai pas r\u00e9alis\u00e9 tout de suite, c\u2019est lorsque je me suis assis \u00e0 c\u00f4t\u00e9 de ma prof, qu\u2019elle s\u2019est tourn\u00e9e vers moi en me disant \u00ab&nbsp;<em>tu as gagn\u00e9&nbsp;!<\/em>&nbsp;\u00bb, que j\u2019ai vraiment pris conscience de ce qui s\u2019\u00e9tait pass\u00e9 et je me suis mis \u00e0 pleurer d\u2019\u00e9motion (sourire). Pour moi, cette m\u00e9daille est un accomplissement, pour tous les efforts depuis deux ans. C\u2019est un tremplin pour l\u2019avenir. A pr\u00e9sent, je me concentre sur la finale *\u2026 Je vais avoir un coach mais ma prof me suivra tout de m\u00eame. La R\u00e9gion nous offre aussi un accompagnement complet (gestion du stress, entrainement sportif et mental, techniques de coiffure) et c&rsquo;est vraiment bien.<\/p>\n\n\n\n<p style=\"font-size:14px\"><strong>-Quels conseils donneriez vous aux jeunes qui aimeraient se lancer dans les WorldSkills ?<\/strong><br><strong>-GM : <\/strong>Il ne faut pas h\u00e9siter. C\u2019est une aventure formidable&nbsp;! Il y a tellement d\u2019adr\u00e9naline pendant cette comp\u00e9tition&nbsp;! C\u2019est intense, on d\u00e9couvre aussi tout ce que \u00e7a peut apporter en dehors d\u2019un salon.<\/p>\n\n\n\n<p style=\"font-size:14px\">Photos DR CMA HDF<\/p>\n\n\n\n<p style=\"font-size:14px\">*Du&nbsp;<strong>16 au 18 octobre 2025<\/strong>, la R\u00e9gion Sud devient le c\u0153ur battant des m\u00e9tiers avec les finales nationales&nbsp;<strong>Worldskills<\/strong>&nbsp;\u00e0 Marseille.<\/p>\n","protected":false},"excerpt":{"rendered":"<p><span class=\"rt-reading-time\" style=\"display: block;\"><span class=\"rt-label rt-prefix\">Temps de lecture\u00a0: <\/span> <span class=\"rt-time\">3<\/span> <span class=\"rt-label rt-postfix\">minutes<\/span><\/span> Il avait d\u00e9j\u00e0 obtenu une m\u00e9daille d\u2019argent en coiffure en 2023, lors des s\u00e9lections r\u00e9gionales des Worldskills. Deux ans plus tard, Gauthier Macrez, jeune apprenti coiffeur \u00e0 CMA Formation et Entreprises Calais, a vu son talent r\u00e9compens\u00e9 par une m\u00e9daille [&hellip;]<\/p>\n","protected":false},"author":20,"featured_media":10091,"comment_status":"closed","ping_status":"open","sticky":false,"template":"","format":"standard","meta":{"footnotes":""},"categories":[111,32,8],"tags":[78,71,73,239,158,122,79,68,63,91,223,145],"class_list":["post-10079","post","type-post","status-publish","format-standard","has-post-thumbnail","hentry","category-a-la-une","category-actu-pas-de-calais","category-histoires-artisans","tag-apprenti","tag-artisan","tag-artisanat","tag-cma-formation-et-entreprises-calais","tag-cma-hdf","tag-coiffeur","tag-coiffure","tag-formation","tag-hauts-de-france","tag-interview","tag-selections-regionales-worldskills-2025","tag-worldskills"],"_links":{"self":[{"href":"https:\/\/www.cma-hautsdefrance.fr\/blog\/wp-json\/wp\/v2\/posts\/10079","targetHints":{"allow":["GET"]}}],"collection":[{"href":"https:\/\/www.cma-hautsdefrance.fr\/blog\/wp-json\/wp\/v2\/posts"}],"about":[{"href":"https:\/\/www.cma-hautsdefrance.fr\/blog\/wp-json\/wp\/v2\/types\/post"}],"author":[{"embeddable":true,"href":"https:\/\/www.cma-hautsdefrance.fr\/blog\/wp-json\/wp\/v2\/users\/20"}],"replies":[{"embeddable":true,"href":"https:\/\/www.cma-hautsdefrance.fr\/blog\/wp-json\/wp\/v2\/comments?post=10079"}],"version-history":[{"count":10,"href":"https:\/\/www.cma-hautsdefrance.fr\/blog\/wp-json\/wp\/v2\/posts\/10079\/revisions"}],"predecessor-version":[{"id":10122,"href":"https:\/\/www.cma-hautsdefrance.fr\/blog\/wp-json\/wp\/v2\/posts\/10079\/revisions\/10122"}],"wp:featuredmedia":[{"embeddable":true,"href":"https:\/\/www.cma-hautsdefrance.fr\/blog\/wp-json\/wp\/v2\/media\/10091"}],"wp:attachment":[{"href":"https:\/\/www.cma-hautsdefrance.fr\/blog\/wp-json\/wp\/v2\/media?parent=10079"}],"wp:term":[{"taxonomy":"category","embeddable":true,"href":"https:\/\/www.cma-hautsdefrance.fr\/blog\/wp-json\/wp\/v2\/categories?post=10079"},{"taxonomy":"post_tag","embeddable":true,"href":"https:\/\/www.cma-hautsdefrance.fr\/blog\/wp-json\/wp\/v2\/tags?post=10079"}],"curies":[{"name":"wp","href":"https:\/\/api.w.org\/{rel}","templated":true}]}}