{"id":10273,"date":"2025-05-02T09:00:00","date_gmt":"2025-05-02T07:00:00","guid":{"rendered":"https:\/\/www.cma-hautsdefrance.fr\/blog\/?p=10273"},"modified":"2025-05-20T16:50:31","modified_gmt":"2025-05-20T14:50:31","slug":"maelyne-denis-medaille-dor-maf-coiffure-petite-jai-appris-a-tresser-en-afrique-et-depuis-coiffer-est-une-passion","status":"publish","type":"post","link":"https:\/\/www.cma-hautsdefrance.fr\/blog\/actualites\/maelyne-denis-medaille-dor-maf-coiffure-petite-jai-appris-a-tresser-en-afrique-et-depuis-coiffer-est-une-passion\/","title":{"rendered":"Ma\u00eblyne Denis, M\u00e9daille d\u2019or MAF Coiffure  \u00ab\u00a0Petite, j&rsquo;ai appris \u00e0 tresser en Afrique et depuis, coiffer est une passion\u00a0\u00bb"},"content":{"rendered":"<span class=\"rt-reading-time\" style=\"display: block;\"><span class=\"rt-label rt-prefix\">Temps de lecture\u00a0: <\/span> <span class=\"rt-time\">4<\/span> <span class=\"rt-label rt-postfix\">minutes<\/span><\/span>\n<p class=\"has-medium-font-size\"><strong>A 17 ans, Ma\u00eblyne Denis, apprentie en deuxi\u00e8me ann\u00e9e de CAP Coiffure \u00e0 CMA Formation et Entreprises Saint-Saulve a remport\u00e9 le 31 mars 2025 la m\u00e9daille d\u2019or aux MAF Coiffure \u00e0 Calais en s\u00e9lection r\u00e9gionale. Une belle r\u00e9compense pour cette jeune fille qui s\u2019est d\u00e9couvert une passion pour la coiffure lors de son enfance en Afrique. Alors qu\u2019elle s\u2019appr\u00eate \u00e0 participer \u00e0 la finale nationale des MAF Coiffure le 29 juin \u00e0 Strasbourg*, Ma\u00eblyne, nous a racont\u00e9 son parcours.<\/strong><\/p>\n\n\n<div class=\"wp-block-image\">\n<figure class=\"alignright size-large is-resized\"><img loading=\"lazy\" decoding=\"async\" width=\"681\" height=\"1024\" src=\"https:\/\/www.cma-hautsdefrance.fr\/blog\/wp-content\/uploads\/2025\/04\/IMG_5129-681x1024.jpg\" alt=\"\" class=\"wp-image-10284\" style=\"width:202px;height:auto\"\/><\/figure>\n<\/div>\n\n\n<p style=\"font-size:14px\"><strong>-Encore toutes nos f\u00e9licitations pour cette m\u00e9daille d\u2019or ! Pouvez-vous vous pr\u00e9senter en quelques mots ?<\/strong><br><strong>-Ma\u00eblyne Denis&nbsp;:<\/strong> Merci beaucoup. J\u2019ai 17 ans, je suis en CAP 2\u00e8 ann\u00e9e \u00e0 CMA Formation et Entreprises Saint-Saulve. Ma passion pour la coiffure remonte \u00e0 l\u2019enfance\u2026 Nous avons v\u00e9cu en Afrique, au Gabon pendant trois ans avec mes parents et j\u2019ai d\u00e9couvert les tresses africaines et j\u2019ai ador\u00e9 \u00e7a. J\u2019ai appris \u00e0 tresser, c\u2019\u00e9tait vraiment une super exp\u00e9rience. C\u2019est ce qui m\u2019a fait aimer la coiffure (rire). Plus tard, j\u2019avais vraiment envie de faire quelque chose que j\u2019aime. J\u2019avais achet\u00e9 des t\u00eates \u00e0 coiffer et je m\u2019entra\u00eenais toute seule chez moi\u2026 Mon entourage m\u2019a conseill\u00e9 d\u2019aller me renseigner sur une formation. Je suis all\u00e9e aux JPO de Saint-Saulve o\u00f9 j\u2019ai rencontr\u00e9 Madame Stryjak qui m\u2019a vraiment bien aid\u00e9e (ndlr&nbsp;: responsable d\u2019unit\u00e9 p\u00e9dagogique Coiffure \u00e0 CMA Formation et Entreprises Saint-Saulve). J\u2019ai commenc\u00e9 mon CAP Coiffure en septembre 2023 en alternance au salon El\u00e9gante coiffure \u00e0 Escautpont.<\/p>\n\n\n<div class=\"wp-block-image\">\n<figure class=\"alignleft size-large is-resized\"><img loading=\"lazy\" decoding=\"async\" width=\"1024\" height=\"768\" src=\"https:\/\/www.cma-hautsdefrance.fr\/blog\/wp-content\/uploads\/2025\/04\/att_1745573322944-1024x768.jpg\" alt=\"\" class=\"wp-image-10282\" style=\"width:467px;height:auto\"\/><\/figure>\n<\/div>\n\n\n<p style=\"font-size:14px\"><strong>&#8211; Qu\u2019est-ce qui vous a donn\u00e9 envie de participer au concours MAF ?<\/strong><br><strong>-MD : <\/strong>C\u2019est ma professeure de coiffure Madame Reumont qui m\u2019en a parl\u00e9, ainsi que Madame Stryjak. \u00c7a m\u2019a plu et je me suis dit \u00ab&nbsp;<em>pourquoi pas moi&nbsp;?<\/em>&nbsp;\u00bb. Ma patronne, Madame Leuleux, qui participe \u00e0 des concours r\u00e9guli\u00e8rement, m\u2019a aussi encourag\u00e9e \u00e0 participer au MAF.<\/p>\n\n\n\n<p style=\"font-size:14px\"><strong>&#8211; Comment vous \u00eates-vous pr\u00e9par\u00e9e \u00e0 ce concours ?<\/strong><br><strong>&#8211; MD&nbsp;: <\/strong>Je me suis entra\u00een\u00e9e pendant des heures, surtout sur la mise en boucles, \u00e0 l\u2019\u00e9cole, car c\u2019\u00e9tait pour moi le plus difficile. Pour le chignon, j\u2019allais au salon m\u2019entra\u00eener, d\u00e8s le mois de janvier, car ma patronne est form\u00e9e. Lors du concours \u00e0 Calais, Madame Leleux m\u2019a accompagn\u00e9e avec sa ni\u00e8ce (qui est mon mod\u00e8le), ainsi que mon fr\u00e8re.<\/p>\n\n\n\n<p style=\"font-size:14px\"><strong>&#8211; Comment avez-vous \u00e9t\u00e9 soutenue, accompagn\u00e9e tout au long de cette pr\u00e9paration ?<\/strong><br><strong>&#8211; MD&nbsp;: <\/strong>J\u2019ai re\u00e7u le soutien de ma famille et bien s\u00fbr de mes profs, de ma patronne, tous m\u2019ont beaucoup encourag\u00e9e.<\/p>\n\n\n\n<p style=\"font-size:14px\"><strong>&#8211; Quel a \u00e9t\u00e9 le plus grand d\u00e9fi durant la comp\u00e9tition ?<\/strong><br><strong>&#8211; MD&nbsp;: <\/strong>C\u2019\u00e9tait la mise en boucles, ma plus grande appr\u00e9hension. J\u2019\u00e9tais stress\u00e9e\u2026 C\u2019est le chignon et la coupe qui m\u2019ont permis de remporter une m\u00e9daille d\u2019or.<\/p>\n\n\n\n<p style=\"font-size:14px\"><strong>&#8211; Que repr\u00e9sente pour vous cette m\u00e9daille d\u2019or ?<\/strong><br><strong>&#8211; MD&nbsp;: <\/strong>C\u2019est une fiert\u00e9 et puis je me dis que cela peut m\u2019ouvrir des portes. C\u2019est une motivation suppl\u00e9mentaire. Je pense aussi \u00e0 mes parents qui ne sont plus de ce monde, ils auraient vraiment \u00e9t\u00e9 heureux et fiers\u2026 \u00e7a me guide.<\/p>\n\n\n<div class=\"wp-block-image\">\n<figure class=\"alignright size-large is-resized\"><img loading=\"lazy\" decoding=\"async\" width=\"768\" height=\"1024\" src=\"https:\/\/www.cma-hautsdefrance.fr\/blog\/wp-content\/uploads\/2025\/04\/IMG_4737-768x1024.jpeg\" alt=\"\" class=\"wp-image-10285\" style=\"width:333px;height:auto\"\/><\/figure>\n<\/div>\n\n\n<p style=\"font-size:14px\"><strong>&#8211; Y a-t-il un moment fort ou une anecdote que vous retenez de cette aventure ?<\/strong><br><strong>&#8211; MD&nbsp;: <\/strong>Quand j\u2019ai entendu les r\u00e9sultats, je n\u2019y croyais pas, je ne pensais pas gagner\u2026 C\u2019est beaucoup d\u2019\u00e9motion et une belle aventure (sourire).<\/p>\n\n\n\n<p style=\"font-size:14px\"><strong>&#8211; Selon vous, quelles qualit\u00e9s faut-il pour r\u00e9ussir dans ce m\u00e9tier ?<\/strong><br><strong>&#8211; MD&nbsp;: <\/strong>Il faut avoir de la patience, \u00eatre sociable, empathique. Il ne faut pas seulement avoir des comp\u00e9tences en coiffure, il faut aussi des qualit\u00e9s humaines, \u00eatre agr\u00e9able avec la client\u00e8le, c\u2019est tr\u00e8s important dans le commerce, selon moi.<\/p>\n\n\n\n<p style=\"font-size:14px\"><strong>&#8211; Quel style ou quelle sp\u00e9cialit\u00e9 en coiffure vous passionne le plus ?<\/strong><br><strong>&#8211; MD&nbsp;: <\/strong>J\u2019aime beaucoup r\u00e9aliser le chignon m\u00eame si c\u2019est difficile. Je r\u00eavais d\u2019apprendre\u2026<\/p>\n\n\n\n<p style=\"font-size:14px\"><strong>&#8211; Quels sont vos projets pour l\u2019avenir ?<\/strong><br><strong>&#8211; MD&nbsp;: <\/strong>Evidemment avoir mon dipl\u00f4me, j\u2019aimerais aussi continuer en BP et qui sait peut-\u00eatre avoir une autre m\u00e9daille&nbsp;? Je pr\u00e9pare la comp\u00e9tition MAF pour le national fin juin \u00e0 Strasbourg. Et puis plus tard, mon r\u00eave c\u2019est d\u2019ouvrir mon salon, \u00e0 l\u2019\u00e9tranger et notamment en Afrique (rire). J\u2019aimerais aussi apporter des techniques diff\u00e9rentes l\u00e0-bas.<\/p>\n\n\n\n<p style=\"font-size:14px\"><strong>&#8211; Continuez vous \u00e0 tresser&nbsp;?<\/strong><br><strong>&#8211; MD&nbsp;: <\/strong>Oui (sourire), je le fais aussi au salon.<br><br><strong>&#8211; Avez-vous un message pour les jeunes qui h\u00e9sitent \u00e0 se lancer dans un concours tel que le MAF ?<\/strong><br><strong>&#8211; MD&nbsp;: <\/strong>Il faut croire en soi, ne pas baisser les bras. Echouer, c\u2019est aussi apprendre et \u00e7a permet de se relever. Et d\u2019aller plus loin\u2026<\/p>\n\n\n\n<p style=\"font-size:14px\">Photos DR MD<\/p>\n\n\n\n<p style=\"font-size:14px\">*La finale nationale des Meilleurs apprentis de France (MAF) se tiendra du 25 au 29 juin 2025 au Parc des expositions de Strasbourg et r\u00e9unira 900 jeunes talents. Cr\u00e9\u00e9 en 1985, le concours MAF r\u00e9compense chaque ann\u00e9e les jeunes \u00e2g\u00e9s de moins de 21 ans, en formation (CAP, Bac Pro), qui excellent dans leur domaine. Il met en lumi\u00e8re 80 m\u00e9tiers de l\u2019artisanat \u00e0 travers 900 \u0153uvres expos\u00e9es, allant de l\u2019\u00e9b\u00e9nisterie \u00e0 la joaillerie, en passant par la coiffure et les arts de la table.<\/p>\n","protected":false},"excerpt":{"rendered":"<p><span class=\"rt-reading-time\" style=\"display: block;\"><span class=\"rt-label rt-prefix\">Temps de lecture\u00a0: <\/span> <span class=\"rt-time\">4<\/span> <span class=\"rt-label rt-postfix\">minutes<\/span><\/span> A 17 ans, Ma\u00eblyne Denis, apprentie en deuxi\u00e8me ann\u00e9e de CAP Coiffure \u00e0 CMA Formation et Entreprises Saint-Saulve a remport\u00e9 le 31 mars 2025 la m\u00e9daille d\u2019or aux MAF Coiffure \u00e0 Calais en s\u00e9lection r\u00e9gionale. Une belle r\u00e9compense pour cette [&hellip;]<\/p>\n","protected":false},"author":20,"featured_media":10283,"comment_status":"closed","ping_status":"open","sticky":false,"template":"","format":"standard","meta":{"footnotes":""},"categories":[111,28,6,57],"tags":[78,73,261,158,79,68,63,91,223],"class_list":["post-10273","post","type-post","status-publish","format-standard","has-post-thumbnail","hentry","category-a-la-une","category-actu-nord","category-actualites","category-ateliers-des-savoirs","tag-apprenti","tag-artisanat","tag-cma-formation-et-entreprises-saint-saulve","tag-cma-hdf","tag-coiffure","tag-formation","tag-hauts-de-france","tag-interview","tag-selections-regionales-worldskills-2025"],"_links":{"self":[{"href":"https:\/\/www.cma-hautsdefrance.fr\/blog\/wp-json\/wp\/v2\/posts\/10273","targetHints":{"allow":["GET"]}}],"collection":[{"href":"https:\/\/www.cma-hautsdefrance.fr\/blog\/wp-json\/wp\/v2\/posts"}],"about":[{"href":"https:\/\/www.cma-hautsdefrance.fr\/blog\/wp-json\/wp\/v2\/types\/post"}],"author":[{"embeddable":true,"href":"https:\/\/www.cma-hautsdefrance.fr\/blog\/wp-json\/wp\/v2\/users\/20"}],"replies":[{"embeddable":true,"href":"https:\/\/www.cma-hautsdefrance.fr\/blog\/wp-json\/wp\/v2\/comments?post=10273"}],"version-history":[{"count":8,"href":"https:\/\/www.cma-hautsdefrance.fr\/blog\/wp-json\/wp\/v2\/posts\/10273\/revisions"}],"predecessor-version":[{"id":10288,"href":"https:\/\/www.cma-hautsdefrance.fr\/blog\/wp-json\/wp\/v2\/posts\/10273\/revisions\/10288"}],"wp:featuredmedia":[{"embeddable":true,"href":"https:\/\/www.cma-hautsdefrance.fr\/blog\/wp-json\/wp\/v2\/media\/10283"}],"wp:attachment":[{"href":"https:\/\/www.cma-hautsdefrance.fr\/blog\/wp-json\/wp\/v2\/media?parent=10273"}],"wp:term":[{"taxonomy":"category","embeddable":true,"href":"https:\/\/www.cma-hautsdefrance.fr\/blog\/wp-json\/wp\/v2\/categories?post=10273"},{"taxonomy":"post_tag","embeddable":true,"href":"https:\/\/www.cma-hautsdefrance.fr\/blog\/wp-json\/wp\/v2\/tags?post=10273"}],"curies":[{"name":"wp","href":"https:\/\/api.w.org\/{rel}","templated":true}]}}