{"id":10290,"date":"2025-05-09T09:00:00","date_gmt":"2025-05-09T07:00:00","guid":{"rendered":"https:\/\/www.cma-hautsdefrance.fr\/blog\/?p=10290"},"modified":"2025-05-06T15:33:42","modified_gmt":"2025-05-06T13:33:42","slug":"selection-departementale-maf-2025-electricite-baptiste-delcroix-fait-briller-sa-filiere-en-remportant-la-medaille-dor","status":"publish","type":"post","link":"https:\/\/www.cma-hautsdefrance.fr\/blog\/actualites\/selection-departementale-maf-2025-electricite-baptiste-delcroix-fait-briller-sa-filiere-en-remportant-la-medaille-dor\/","title":{"rendered":"S\u00e9lection d\u00e9partementale MAF 2025\u00a0Electricit\u00e9 Baptiste Delcroix fait briller sa fili\u00e8re en remportant la m\u00e9daille d&rsquo;or"},"content":{"rendered":"<span class=\"rt-reading-time\" style=\"display: block;\"><span class=\"rt-label rt-prefix\">Temps de lecture\u00a0: <\/span> <span class=\"rt-time\">3<\/span> <span class=\"rt-label rt-postfix\">minutes<\/span><\/span>\n<p class=\"has-medium-font-size\"><strong>Alors que les m\u00e9tiers de l\u2019\u00e9lectricit\u00e9 ne cessent d\u2019\u00e9voluer dans un monde en pleine mutation \u00e9nerg\u00e9tique, certaines fili\u00e8res telles que celle du Bac pro Melec* permettent d\u2019aborder largement les nouvelles technologies. Cette formation dipl\u00f4mante et porteuse, choisie par le jeune Baptiste Delcroix, -en Bac Pro M\u00e9lec \u00e0 CMA Formation et Entreprises Arras-, lui a permis de d\u00e9crocher la m\u00e9daille d\u2019or MAF le 19 avril dernier lors des \u00e9preuves d\u00e9partementales du concours \u00e0 Villeneuve d\u2019Ascq. Tout en se pr\u00e9parant \u00e0 l&rsquo;\u00e9preuve r\u00e9gionale qui se d\u00e9roulera le 10 mai sur le m\u00eame site, le jeune apprenti s&rsquo;est confi\u00e9 sur son parcours.<\/strong><\/p>\n\n\n\n<p style=\"font-size:14px\"><strong>-Pouvez-vous vous pr\u00e9senter en quelques mots ?<\/strong><br>&#8211;<strong>Baptiste Delcroix&nbsp;: <\/strong>J\u2019ai 18 ans, j\u2019ai d\u2019abord pr\u00e9par\u00e9 en 2022 un CAP Electricien \u00e0 CMA Formation et Entreprises Arras puis j\u2019ai poursuivi avec un Bac Pro Melec (en 3 ans). J\u2019ai toujours \u00e9t\u00e9 attir\u00e9 par les m\u00e9tiers manuels, sans doute parce que j\u2019ai souffert de troubles cognitifs (troubles dys) tr\u00e8s p\u00e9nalisants \u00e0 l&rsquo;\u00e9cole. J\u2019ai trouv\u00e9 enfin une fili\u00e8re dans laquelle je m\u2019\u00e9panouis.<\/p>\n\n\n<div class=\"wp-block-image\">\n<figure class=\"alignleft size-full is-resized\"><img loading=\"lazy\" decoding=\"async\" width=\"600\" height=\"800\" src=\"https:\/\/www.cma-hautsdefrance.fr\/blog\/wp-content\/uploads\/2025\/05\/DELCROIX-Baptiste-MAF-1.jpg\" alt=\"\" class=\"wp-image-10301\" style=\"width:419px;height:auto\"\/><\/figure>\n<\/div>\n\n\n<p style=\"font-size:14px\"><strong>-Pourquoi avez-vous choisi la fili\u00e8re \u00e9lectricit\u00e9, et plus pr\u00e9cis\u00e9ment le BAC PRO Melec ?<\/strong><br><strong>BD&nbsp;:<\/strong> Je viens d\u2019une famille d\u2019artisans, mon p\u00e8re est ambulancier, mon grand-p\u00e8re \u00e9tait ma\u00e7on et mon parrain est \u00e9lectricien \u2026 Celui-ci m\u2019a beaucoup conseill\u00e9 pour choisir ma voie, j\u2019ai r\u00e9alis\u00e9 mon premier stage avec lui. J\u2019ai d\u2019abord fait un CAP Electricien puis mes parents m\u2019ont encourag\u00e9 \u00e0 continuer et pr\u00e9parer un Bac Pro Melec.<\/p>\n\n\n\n<p style=\"font-size:14px\">&#8211;<strong> Quels r\u00f4les ont jou\u00e9<\/strong> <strong>votre professeur et votre employeur, dans votre progression&nbsp;?<\/strong><br><strong>BD&nbsp;: <\/strong>Mon professeur, M. Brice et mon employeur, M. F\u00e9art (entreprise Hucaro Services) m\u2019ont beaucoup soutenu tous les deux. Nous sommes deux dans la soci\u00e9t\u00e9 et il est tr\u00e8s cool, j\u2019ai beaucoup de chance car c\u2019est un grand professionnel.<\/p>\n\n\n\n<p style=\"font-size:14px\"><strong>&#8211; Vous avez particip\u00e9 aux \u00e9preuves MAF le 19 avril chez les Compagnons de Villeneuve d\u2019Ascq. Comment avez-vous v\u00e9cu cette exp\u00e9rience ?<\/strong><br><strong>BD&nbsp;: <\/strong>M. Brice m\u2019avait parl\u00e9 des MAF et pouss\u00e9 \u00e0 y participer. Il m\u2019avait dit <em>\u00ab&nbsp;Si je ne te sentais pas capable, je ne t\u2019aurais pas encourag\u00e9\u2026&nbsp;\u00bb <\/em>(sourire) Au d\u00e9but c\u2019\u00e9tait dur mais j\u2019ai vraiment \u00e9t\u00e9 encourag\u00e9. Je pensais honn\u00eatement que ce serait plus difficile\u2026<\/p>\n\n\n\n<p style=\"font-size:14px\"><strong>&#8211; Vous avez d\u00e9croch\u00e9 la m\u00e9daille d\u2019or avec une moyenne de 17, qu\u2019est-ce qui vous distingue des autres, quelles comp\u00e9tences en particulier&nbsp;?<\/strong><br><strong>BD&nbsp;: <\/strong>(sourire) Peut-\u00eatre mes finitions\u2026 Je suis assez minutieux dans mon travail. Je travaille bien aussi gr\u00e2ce aux conseils de mon professeur et de mon employeur. Par exemple pour les traces des prises, j\u2019ai mis du scotch pour masquer les traces de crayon. C\u2019est plus propre pour les finitions.<\/p>\n\n\n\n<p style=\"font-size:14px\"><strong>&#8211; Qu\u2019est-ce que cette m\u00e9daille d\u2019or change pour vous, personnellement et professionnellement ?<\/strong><br><strong>BD&nbsp;: <\/strong>Je crois que je me sens plus capable qu\u2019avant (sourire)\u2026 Je suis assez fier aussi m\u00eame si j\u2019ai encore du mal \u00e0 r\u00e9aliser. Je crois d\u2019ailleurs que mon prof, mon patron et mes parents sont encore plus fiers que moi (rire)&nbsp;!<\/p>\n\n\n\n<p style=\"font-size:14px\"><strong>-Quels sont vos projets apr\u00e8s votre BAC Pro Melec ? Une poursuite d\u2019\u00e9tudes ? Une sp\u00e9cialisation ?<\/strong><br><strong>BD&nbsp;:<\/strong> Apr\u00e8s mon Bac Pro l\u2019an prochain, je pense continuer dans l\u2019entreprise o\u00f9 je suis. J\u2019aimerais bien aussi un jour ouvrir ma propre entreprise\u2026<\/p>\n\n\n<div class=\"wp-block-image\">\n<figure class=\"alignright size-full is-resized\"><img loading=\"lazy\" decoding=\"async\" width=\"768\" height=\"576\" src=\"https:\/\/www.cma-hautsdefrance.fr\/blog\/wp-content\/uploads\/2025\/05\/image0000_21.jpg\" alt=\"\" class=\"wp-image-10302\" style=\"width:512px;height:auto\"\/><\/figure>\n<\/div>\n\n\n<p style=\"font-size:14px\"><strong>&#8211; Vous \u00eates dans quel \u00e9tat d\u2019esprit avant la comp\u00e9tition r\u00e9gionale du 10 mai&nbsp;?<\/strong><br><strong>BD&nbsp;: <\/strong>Je m\u2019entra\u00eene au CFA, mais je suis moins stress\u00e9 que pour la s\u00e9lection d\u00e9partementale.<\/p>\n\n\n\n<p style=\"font-size:14px\"><strong>-Quel message aimeriez-vous transmettre aux jeunes qui h\u00e9sitent \u00e0 s\u2019engager dans ces m\u00e9tiers du b\u00e2timent ?<\/strong><br><strong>BD&nbsp;: <\/strong>Il ne faut pas h\u00e9siter, m\u00eame si le contexte est difficile dans certains secteurs, ma formation fait partie d\u2019une fili\u00e8re attractive avec le d\u00e9veloppement des usages de l\u2019\u00e9lectricit\u00e9 (domotique, etc.), ce sont des m\u00e9tiers porteurs pour le futur. Personnellement, je me sens tellement mieux depuis que j\u2019ai choisi cette formation. (Sourire)<\/p>\n\n\n\n<p style=\"font-size:14px\">Cr\u00e9dit photos CMA HDF<\/p>\n\n\n\n<p style=\"font-size:14px\">*Le Bac Pro Melec pr\u00e9pare les jeunes \u00e0 de larges secteurs techniques tels que le b\u00e2timent ou encore l\u2019industrie et ouvre sur de nombreux domaines en pleine \u00e9volution tels que la distribution et la gestion de l\u2019\u00e9nergie, la domotique, la connectique, la robotique, le photovolta\u00efque.<\/p>\n","protected":false},"excerpt":{"rendered":"<p><span class=\"rt-reading-time\" style=\"display: block;\"><span class=\"rt-label rt-prefix\">Temps de lecture\u00a0: <\/span> <span class=\"rt-time\">3<\/span> <span class=\"rt-label rt-postfix\">minutes<\/span><\/span> Alors que les m\u00e9tiers de l\u2019\u00e9lectricit\u00e9 ne cessent d\u2019\u00e9voluer dans un monde en pleine mutation \u00e9nerg\u00e9tique, certaines fili\u00e8res telles que celle du Bac pro Melec* permettent d\u2019aborder largement les nouvelles technologies. Cette formation dipl\u00f4mante et porteuse, choisie par le jeune [&hellip;]<\/p>\n","protected":false},"author":20,"featured_media":10300,"comment_status":"closed","ping_status":"open","sticky":false,"template":"","format":"standard","meta":{"footnotes":""},"categories":[111,6],"tags":[78,71,73,220,158,63,262,263],"class_list":["post-10290","post","type-post","status-publish","format-standard","has-post-thumbnail","hentry","category-a-la-une","category-actualites","tag-apprenti","tag-artisan","tag-artisanat","tag-cma-formation-arras","tag-cma-hdf","tag-hauts-de-france","tag-maf-2025","tag-medaille-dor-maf-2025-electricite"],"_links":{"self":[{"href":"https:\/\/www.cma-hautsdefrance.fr\/blog\/wp-json\/wp\/v2\/posts\/10290","targetHints":{"allow":["GET"]}}],"collection":[{"href":"https:\/\/www.cma-hautsdefrance.fr\/blog\/wp-json\/wp\/v2\/posts"}],"about":[{"href":"https:\/\/www.cma-hautsdefrance.fr\/blog\/wp-json\/wp\/v2\/types\/post"}],"author":[{"embeddable":true,"href":"https:\/\/www.cma-hautsdefrance.fr\/blog\/wp-json\/wp\/v2\/users\/20"}],"replies":[{"embeddable":true,"href":"https:\/\/www.cma-hautsdefrance.fr\/blog\/wp-json\/wp\/v2\/comments?post=10290"}],"version-history":[{"count":8,"href":"https:\/\/www.cma-hautsdefrance.fr\/blog\/wp-json\/wp\/v2\/posts\/10290\/revisions"}],"predecessor-version":[{"id":10303,"href":"https:\/\/www.cma-hautsdefrance.fr\/blog\/wp-json\/wp\/v2\/posts\/10290\/revisions\/10303"}],"wp:featuredmedia":[{"embeddable":true,"href":"https:\/\/www.cma-hautsdefrance.fr\/blog\/wp-json\/wp\/v2\/media\/10300"}],"wp:attachment":[{"href":"https:\/\/www.cma-hautsdefrance.fr\/blog\/wp-json\/wp\/v2\/media?parent=10290"}],"wp:term":[{"taxonomy":"category","embeddable":true,"href":"https:\/\/www.cma-hautsdefrance.fr\/blog\/wp-json\/wp\/v2\/categories?post=10290"},{"taxonomy":"post_tag","embeddable":true,"href":"https:\/\/www.cma-hautsdefrance.fr\/blog\/wp-json\/wp\/v2\/tags?post=10290"}],"curies":[{"name":"wp","href":"https:\/\/api.w.org\/{rel}","templated":true}]}}