{"id":10312,"date":"2025-05-16T09:00:00","date_gmt":"2025-05-16T07:00:00","guid":{"rendered":"https:\/\/www.cma-hautsdefrance.fr\/blog\/?p=10312"},"modified":"2025-05-15T13:59:09","modified_gmt":"2025-05-15T11:59:09","slug":"la-video-dune-classe-bp-fleuriste-de-cma-formation-amiens-selectionnee-a-un-concours-national-cest-un-projet-qui-nous-a-rassembles","status":"publish","type":"post","link":"https:\/\/www.cma-hautsdefrance.fr\/blog\/actualites\/la-video-dune-classe-bp-fleuriste-de-cma-formation-amiens-selectionnee-a-un-concours-national-cest-un-projet-qui-nous-a-rassembles\/","title":{"rendered":"La vid\u00e9o\u00a0d\u2019une classe BP Fleuriste de CMA Formation Amiens s\u00e9lectionn\u00e9e \u00e0 un concours national : \u00ab\u00a0C&rsquo;est un projet qui nous a rassembl\u00e9s&#8230;\u00a0\u00bb"},"content":{"rendered":"<span class=\"rt-reading-time\" style=\"display: block;\"><span class=\"rt-label rt-prefix\">Temps de lecture\u00a0: <\/span> <span class=\"rt-time\">4<\/span> <span class=\"rt-label rt-postfix\">minutes<\/span><\/span>\n<p class=\"has-medium-font-size\"><strong>Une classe de BP Fleuriste de CMA Formation Amiens et leur professeur d\u2019art floral, Nathalie Ponthieu, ont particip\u00e9 au concours national \u00ab Je filme le m\u00e9tier qui me pla\u00eet \u00bb en proposant une vid\u00e9o intitul\u00e9e \u00ab&nbsp;Fleurir la vie&nbsp;\u00bb. Leur travail a \u00e9t\u00e9 s\u00e9lectionn\u00e9 par le jury et sera pr\u00e9sent\u00e9 au Grand Rex \u00e0 Paris le 27 mai 2025.<\/strong> <strong>Une belle aventure collective qui a renforc\u00e9 les liens du groupe tout en mettant en valeur la richesse du m\u00e9tier de fleuriste. Nathalie Ponthieu t\u00e9moigne de l\u2019engagement et de l\u2019enthousiasme de ses \u00e9l\u00e8ves tout au long de ce projet f\u00e9d\u00e9rateur.<\/strong><\/p>\n\n\n\n<p style=\"font-size:14px\">&#8211;<strong>En quoi consiste le projet auquel vous avez particip\u00e9 avec vos \u00e9l\u00e8ves\u00a0?<\/strong><br><strong>-Nathalie Ponthieu\u00a0: <\/strong>Le concours national \u00ab\u00a0Je filme le m\u00e9tier qui me pla\u00eet\u00a0\u00bb est plac\u00e9 sous le haut patronage de trois minist\u00e8res : l\u2019\u00c9ducation Nationale et la Jeunesse, l\u2019Enseignement Sup\u00e9rieur et la Recherche, le Travail, la Sant\u00e9 et les Solidarit\u00e9s. Il propose aux jeunes de d\u00e9couvrir diff\u00e9rents m\u00e9tiers \u00e0 travers la vid\u00e9o. L\u2019id\u00e9e est de r\u00e9aliser un court-m\u00e9trage de 3min qui explore les professions qui les int\u00e9ressent, en rencontrant des professionnels et en partageant leurs exp\u00e9riences. C\u2019est un projet qui favorise aussi l\u2019orientation professionnelle et aide les jeunes \u00e0 mieux comprendre le monde du travail.<\/p>\n\n\n\n<p style=\"font-size:14px\">&#8211;<strong>Qu\u2019est-ce qui vous a motiv\u00e9e \u00e0 participer \u00e0 ce concours avec votre classe ?<\/strong> <br><strong>-NP :<\/strong> J\u2019ai re\u00e7u une proposition par mail \u00e0 la CMA HDF pour y participer en septembre 2024 et je me suis dit \u00ab\u00a0<em>Pourquoi pas\u00a0?<\/em> \u00bb \u2026 C\u2019\u00e9tait une mani\u00e8re diff\u00e9rente de valoriser le m\u00e9tier mais aussi d\u2019impliquer les \u00e9l\u00e8ves du BP Fleuriste (15 apprenants) dans un projet commun. Ils \u00e9taient tout \u00e0 fait partants et enthousiastes. Nous avons visionn\u00e9 les vid\u00e9os du concours des ann\u00e9es pr\u00e9c\u00e9dentes pour nous aider voire nous inspirer, mais il y avait beaucoup d\u2019interviews et nous voulions proposer quelque chose de diff\u00e9rent, peut-\u00eatre plus cr\u00e9atif\u2026 <\/p>\n\n\n<div class=\"wp-block-image\">\n<figure class=\"alignleft size-full is-resized\"><img loading=\"lazy\" decoding=\"async\" width=\"768\" height=\"972\" src=\"https:\/\/www.cma-hautsdefrance.fr\/blog\/wp-content\/uploads\/2025\/05\/IMG_20250512_152100.jpg\" alt=\"\" class=\"wp-image-10319\" style=\"width:301px;height:auto\"\/><\/figure>\n<\/div>\n\n\n<p style=\"font-size:14px\">&#8211;<strong>Quels aspects du m\u00e9tier de fleuriste souhaitiez-vous particuli\u00e8rement mettre en avant dans la vid\u00e9o ?<\/strong><br><strong>-NP\u00a0: <\/strong>Nous avons co\u00e9crit un sc\u00e9nario qui visait \u00e0 montrer bien s\u00fbr le travail de fleuriste, mais aussi choisi de filmer en noir et blanc les parties techniques et tout \u00ab\u00a0l\u2019\u00e9v\u00e8nementiel\u00a0\u00bb en couleur.<\/p>\n\n\n\n<p style=\"font-size:14px\"><strong>-Combien de temps a dur\u00e9 la totalit\u00e9 du projet\u00a0?<\/strong><br><strong>-NP : <\/strong>Environ quatre mois avec un d\u00e9lai imparti pour envoyer la vid\u00e9o. J\u2019avoue que le cahier des charges \u00e9tait tr\u00e8s strict et que c\u2019\u00e9tait parfois compliqu\u00e9 \u00e0 faire aboutir. Il y avait un gros travail en comptabilisant l\u2019\u00e9criture du sc\u00e9nario, le tournage, le montage, etc. Nous avons travaill\u00e9 pendant les heures de cours. Il y a aussi une apprentie qui a pris sur son temps personnel en allant tourner des images \u00e0 un concours esth\u00e9tique o\u00f9 nous avions de la d\u00e9coration florale. Nous avons fait participer la section coiffure, la mairie d\u2019Amiens pour organiser un faux mariage\u2026 (rire) Le montage a \u00e9t\u00e9 r\u00e9alis\u00e9 par l\u2019ami d\u2019une \u00e9l\u00e8ve.<\/p>\n\n\n\n<p style=\"font-size:14px\">&#8211;<strong>Qu\u2019est-ce que ce projet a apport\u00e9 \u00e0 vos \u00e9l\u00e8ves ?<\/strong><br><strong>-NP&nbsp;: <\/strong>C\u2019est un projet qui nous a rassembl\u00e9s, qui a cr\u00e9\u00e9, voire renforc\u00e9 des liens. Le groupe est \u00e9clectique, avec des personnes issues d\u2019univers diff\u00e9rents et la r\u00e9alisation de ce projet nous a fait nous d\u00e9couvrir, nous a soud\u00e9s \u2026 C\u2019est tomb\u00e9 \u00e0 point nomm\u00e9. Cela a permis aussi \u00e0 certains de toucher \u00e0 l\u2019\u00e9v\u00e8nementiel. Leur engagement m\u2019a beaucoup impressionn\u00e9e.<\/p>\n\n\n<div class=\"wp-block-image\">\n<figure class=\"alignright size-large is-resized\"><img loading=\"lazy\" decoding=\"async\" width=\"1024\" height=\"736\" src=\"https:\/\/www.cma-hautsdefrance.fr\/blog\/wp-content\/uploads\/2025\/05\/20250507_160111-1-1024x736.jpg\" alt=\"\" class=\"wp-image-10322\" style=\"width:454px;height:auto\"\/><\/figure>\n<\/div>\n\n\n<p style=\"font-size:14px\">&#8211;<strong>Et que vous a-t-il apport\u00e9, \u00e0 vous, ce projet ?<\/strong><br><strong>-NP&nbsp;: <\/strong>Beaucoup&nbsp;\u2026 (sourire) C\u2019est une belle aventure humaine pour moi aussi.<\/p>\n\n\n\n<p style=\"font-size:14px\">&#8211; <strong>Comment vos \u00e9l\u00e8ves ont-ils r\u00e9agi en apprenant la s\u00e9lection officielle de la vid\u00e9o ?<\/strong><br><strong>-NP&nbsp;<\/strong>: Nous \u00e9tions incr\u00e9dules, c\u2019\u00e9tait une grande joie et une belle fiert\u00e9.<\/p>\n\n\n\n<p style=\"font-size:14px\"><strong>-Que va-t-il se passer le 27 mai prochain&nbsp;?<\/strong><br><strong>-NP&nbsp;: <\/strong>Nous sommes 8 (ndlr&nbsp;: 7 \u00e9l\u00e8ves et Nathalie) \u00e0 nous rendre \u00e0 Paris, au Grand Rex et l\u00e0 ma foi, on verra ce qu\u2019il adviendra \u2026 Nous sommes d\u00e9j\u00e0 tr\u00e8s heureux d\u2019avoir \u00e9t\u00e9 s\u00e9lectionn\u00e9s. Si nous sommes prim\u00e9s, ce sera formidable bien s\u00fbr&nbsp;! Au-del\u00e0 du concours, cette vid\u00e9o c\u2019est l\u2019aboutissement d\u2019un beau projet, un film qui pourra faire la promotion de la fili\u00e8re \u00e0 la CMA HDF, de l\u2019aspect cr\u00e9atif jusqu\u2019\u00e0 la vente dans une boutique. Je remercie chaleureusement toutes les personnes qui ont particip\u00e9, elles sont d\u2019ailleurs mentionn\u00e9es au g\u00e9n\u00e9rique&nbsp;!<\/p>\n\n\n\n<p style=\"font-size:14px\">&#8211;<strong>Pourquoi est-il important, selon vous, de promouvoir les m\u00e9tiers manuels et cr\u00e9atifs aupr\u00e8s des jeunes ?<\/strong><br><strong>-NP\u00a0: <\/strong>C\u2019est important actuellement de montrer la beaut\u00e9 des choses, mais aussi les \u00e9motions \u00e0 travers la cr\u00e9ativit\u00e9. C\u2019est un m\u00e9tier tr\u00e8s complet, qui va aussi au-del\u00e0 de l\u2019aspect artistique, puisqu\u2019il faut aussi savoir prendre en compte l\u2019aspect commercial. Nous sommes l\u00e0, nous les fleuristes, dans beaucoup d\u2019\u00e9v\u00e8nements de la vie et c\u2019est aussi ce que nous voulions transmettre en choisissant le titre de la vid\u00e9o\u00a0: \u00ab\u00a0Fleurir la vie\u00a0\u00bb.<\/p>\n\n\n\n<p style=\"font-size:14px\"><em>Cr\u00e9dit photos DR CMA HDF<\/em><\/p>\n\n\n\n<p style=\"font-size:14px\">Lien vers la vid\u00e9o r\u00e9alis\u00e9e par la classe BP fleuriste CMA Formation Amiens&nbsp;:  <a href=\"https:\/\/www.parcoursmetiers.tv\/video\/18128-fleurir-la-vie\" rel=\"nofollow noopener\">Parcours M\u00e9tiers &#8211; Fleurir la Vie<\/a><\/p>\n","protected":false},"excerpt":{"rendered":"<p><span class=\"rt-reading-time\" style=\"display: block;\"><span class=\"rt-label rt-prefix\">Temps de lecture\u00a0: <\/span> <span class=\"rt-time\">4<\/span> <span class=\"rt-label rt-postfix\">minutes<\/span><\/span> Une classe de BP Fleuriste de CMA Formation Amiens et leur professeur d\u2019art floral, Nathalie Ponthieu, ont particip\u00e9 au concours national \u00ab Je filme le m\u00e9tier qui me pla\u00eet \u00bb en proposant une vid\u00e9o intitul\u00e9e \u00ab&nbsp;Fleurir la vie&nbsp;\u00bb. Leur travail [&hellip;]<\/p>\n","protected":false},"author":20,"featured_media":10318,"comment_status":"closed","ping_status":"open","sticky":false,"template":"","format":"standard","meta":{"footnotes":""},"categories":[111,31,6,8],"tags":[78,73,221,158,238,68,63,91,61],"class_list":["post-10312","post","type-post","status-publish","format-standard","has-post-thumbnail","hentry","category-a-la-une","category-actu-somme","category-actualites","category-histoires-artisans","tag-apprenti","tag-artisanat","tag-cma-formation-amiens","tag-cma-hdf","tag-fleuriste","tag-formation","tag-hauts-de-france","tag-interview","tag-somme"],"_links":{"self":[{"href":"https:\/\/www.cma-hautsdefrance.fr\/blog\/wp-json\/wp\/v2\/posts\/10312","targetHints":{"allow":["GET"]}}],"collection":[{"href":"https:\/\/www.cma-hautsdefrance.fr\/blog\/wp-json\/wp\/v2\/posts"}],"about":[{"href":"https:\/\/www.cma-hautsdefrance.fr\/blog\/wp-json\/wp\/v2\/types\/post"}],"author":[{"embeddable":true,"href":"https:\/\/www.cma-hautsdefrance.fr\/blog\/wp-json\/wp\/v2\/users\/20"}],"replies":[{"embeddable":true,"href":"https:\/\/www.cma-hautsdefrance.fr\/blog\/wp-json\/wp\/v2\/comments?post=10312"}],"version-history":[{"count":10,"href":"https:\/\/www.cma-hautsdefrance.fr\/blog\/wp-json\/wp\/v2\/posts\/10312\/revisions"}],"predecessor-version":[{"id":10329,"href":"https:\/\/www.cma-hautsdefrance.fr\/blog\/wp-json\/wp\/v2\/posts\/10312\/revisions\/10329"}],"wp:featuredmedia":[{"embeddable":true,"href":"https:\/\/www.cma-hautsdefrance.fr\/blog\/wp-json\/wp\/v2\/media\/10318"}],"wp:attachment":[{"href":"https:\/\/www.cma-hautsdefrance.fr\/blog\/wp-json\/wp\/v2\/media?parent=10312"}],"wp:term":[{"taxonomy":"category","embeddable":true,"href":"https:\/\/www.cma-hautsdefrance.fr\/blog\/wp-json\/wp\/v2\/categories?post=10312"},{"taxonomy":"post_tag","embeddable":true,"href":"https:\/\/www.cma-hautsdefrance.fr\/blog\/wp-json\/wp\/v2\/tags?post=10312"}],"curies":[{"name":"wp","href":"https:\/\/api.w.org\/{rel}","templated":true}]}}