{"id":10390,"date":"2025-06-20T09:00:00","date_gmt":"2025-06-20T07:00:00","guid":{"rendered":"https:\/\/www.cma-hautsdefrance.fr\/blog\/?p=10390"},"modified":"2025-06-19T16:44:26","modified_gmt":"2025-06-19T14:44:26","slug":"artisan-de-la-memoire-herve-leroy-couvreur-la-transmission-est-la-seule-chose-qui-compte-sinon-il-ny-a-pas-davenir","status":"publish","type":"post","link":"https:\/\/www.cma-hautsdefrance.fr\/blog\/actualites\/artisan-de-la-memoire-herve-leroy-couvreur-la-transmission-est-la-seule-chose-qui-compte-sinon-il-ny-a-pas-davenir\/","title":{"rendered":"Artisan de la m\u00e9moire, Herv\u00e9 Leroy, couvreur :   \u00ab\u00a0La transmission est la seule chose qui compte, sinon il n&rsquo;y a pas d&rsquo;avenir\u00a0\u00bb"},"content":{"rendered":"<span class=\"rt-reading-time\" style=\"display: block;\"><span class=\"rt-label rt-prefix\">Temps de lecture\u00a0: <\/span> <span class=\"rt-time\">6<\/span> <span class=\"rt-label rt-postfix\">minutes<\/span><\/span>\n<p class=\"has-medium-font-size\"><strong>Homme de caract\u00e8re, passionn\u00e9, Herv\u00e9 Leroy incarne la libert\u00e9 artisane \u2026 Ce natif de Lille, f\u00e9ru d\u2019Histoire, \u0153uvre depuis trente ans \u00e0 la r\u00e9novation et \u00e0 l\u2019\u00e9tanch\u00e9it\u00e9 de nombreuses toitures du patrimoine b\u00e2ti et des b\u00e2timents historiques des Hauts-de-France.&nbsp;Avec ses \u00e9quipes, l\u2019artisan a particip\u00e9 \u00e0 la restauration notamment des toitures de l\u2019Hospice Comtesse de Lille, du mus\u00e9e des beaux-arts de Lille, de la gare de Saint-Omer ou encore de l\u2019\u00e9glise de Flers\u2026 Celui pour lequel la transmission du savoir-faire est essentielle, s\u2019est confi\u00e9, -avec un franc-parler qui n\u2019appartient qu\u2019\u00e0 lui-, sur un m\u00e9tier qui exige du savoir-faire mais aussi le go\u00fbt de la transmission et beaucoup d\u2019humilit\u00e9. <\/strong><\/p>\n\n\n\n<p style=\"font-size:14px\">Ce qui frappe en entrant dans les bureaux de l\u2019entreprise Leroy, \u00e0 Lomme*, ce sont les ouvrages grandeur nature au milieu du hall, chef-d \u2019\u0153uvres de zinc, de cuivre, de plomb, de tuiles ou encore d\u2019ardoises, ornements de toutes sortes, \u00e9pis, coqs, girouettes, qui t\u00e9moignent de la diversit\u00e9 de comp\u00e9tences d\u2019Herv\u00e9 Leroy et de ceux qui travaillent \u00e0 ses c\u00f4t\u00e9s. Derri\u00e8re l\u2019homme plut\u00f4t taiseux, se cache en r\u00e9alit\u00e9 un passionn\u00e9. Lorsqu\u2019Herv\u00e9 Leroy s\u2019ouvre c\u2019est pour parler de son amour du m\u00e9tier de couvreur, de la transmission fondamentale, du savoir-faire. L\u2019artisan r\u00e9v\u00e8le aussi sa passion pour l\u2019Histoire, pour la beaut\u00e9 du patrimoine, d\u2019o\u00f9 son go\u00fbt pour la restauration. Des monuments s\u00e9culaires qui racontent l\u2019histoire de la France, un pays avec un \u00ab&nbsp;<em>h\u00e9ritage historique immense&nbsp;\u00bb<\/em>&nbsp;qui le rend&nbsp;<em>\u00ab&nbsp;visc\u00e9ralement fier d\u2019\u00eatre fran\u00e7ais<\/em>&nbsp;\u00bb, l\u00e2che-t-il.<\/p>\n\n\n<div class=\"wp-block-image\">\n<figure class=\"alignleft size-large is-resized\"><img loading=\"lazy\" decoding=\"async\" width=\"768\" height=\"1024\" src=\"https:\/\/www.cma-hautsdefrance.fr\/blog\/wp-content\/uploads\/2025\/06\/20250616_130427-768x1024.jpg\" alt=\"\" class=\"wp-image-10408\" style=\"width:377px;height:auto\"\/><\/figure>\n<\/div>\n\n\n<p style=\"font-size:16px\"><strong>\u00ab&nbsp;C\u2019\u00e9tait une \u00e9vidence pour moi de continuer ce que mon p\u00e8re avait fait.&nbsp;\u00bb<\/strong><\/p>\n\n\n\n<p style=\"font-size:14px\">\u00ab&nbsp;<em>Ce m\u00e9tier je ne l\u2019ai pas eu dans la peau tout de suite\u2026&nbsp;\u00bb<\/em>, reconnait Herv\u00e9 Leroy, appuy\u00e9 \u00e0 un \u00e9norme \u0153il de b\u0153uf en zinc<em>. <\/em>D\u00e8s l\u2019\u00e2ge de 12 ou13 ans, il aide son p\u00e8re \u00e0 l\u2019atelier, tous les mercredis et samedis mais r\u00eave d\u2019aventure. L\u2019envie d\u2019aller voir ailleurs, plus loin que les toits du Nord, le titille \u2026 A 17 ans, le caract\u00e8re d\u00e9j\u00e0 bien affirm\u00e9, Herv\u00e9 int\u00e8gre l\u2019arm\u00e9e, s\u00e9duit par l\u2019esprit de corps, la fraternit\u00e9 et entre en formation chez les parachutistes. D\u2019abord \u00e0 Tarbes puis \u00e0 Toulouse au 14 \u00e8 RPCS o\u00f9 il signe un contrat de trois ans. \u00ab&nbsp;<em>J\u2019ai beaucoup aim\u00e9 et puis je crois que c\u2019est l\u00e0 aussi \u00e0 un moment que j\u2019ai compris que j\u2019\u00e9tais fait pour faire le m\u00eame m\u00e9tier que celui de mon p\u00e8re&nbsp;\u00bb<\/em>, lance-t-il. A 22 ans, il se fait embaucher \u00e0 l\u2019atelier paternel puis rejoint l\u2019Ecole sup\u00e9rieure de couverture (ESC) d\u2019Angers, un centre de formation d\u2019excellence, garante d\u2019un savoir-faire architectural, qui transmet les savoir-faire de la couverture depuis 1929. Apr\u00e8s six mois de formation compl\u00e8te, Herv\u00e9 ira tour \u00e0 tour travailler chez Balas, sp\u00e9cialis\u00e9 dans la restauration de monuments historiques \u00e0 Paris, puis chez Toitures Petit &amp; Fils, artisans du patrimoine \u00e0 Saumur. Il retourne \u00e0 l\u2019atelier de son p\u00e8re \u00e0 Loos et travaille \u00e0 ses c\u00f4t\u00e9s jusqu\u2019au d\u00e9c\u00e8s de ce dernier, \u00e0 53 ans. Herv\u00e9 d\u00e9cide tout naturellement de reprendre les r\u00eanes et de d\u00e9velopper l\u2019entreprise, dont il conservera le nom&nbsp;\u00ab&nbsp;J. Leroy&nbsp;\u00bb, en m\u00e9moire de celui qui l\u2019a cr\u00e9\u00e9e.<em> \u00ab J\u2019avais 27 ans. C\u2019\u00e9tait une \u00e9vidence pour moi de continuer ce que mon p\u00e8re avait fait.&nbsp;\u00bb <\/em>confie-t-il. Pas seulement par fid\u00e9lit\u00e9 filiale mais aussi pour le m\u00e9tier. &nbsp;Parce qu\u2019entre les toits et les couvreurs, il y a ce lien, celui de la transmission d\u2019un amour pour le travail bien fait. Viser toujours plus haut, plus beau, plus grand.<\/p>\n\n\n<div class=\"wp-block-image\">\n<figure class=\"aligncenter size-large is-resized\"><img loading=\"lazy\" decoding=\"async\" width=\"1024\" height=\"678\" src=\"https:\/\/www.cma-hautsdefrance.fr\/blog\/wp-content\/uploads\/2025\/06\/IMGP1770-1024x678.jpg\" alt=\"\" class=\"wp-image-10416\" style=\"width:648px;height:auto\"\/><\/figure>\n<\/div>\n\n\n<p style=\"font-size:14px\">Aujourd\u2019hui l\u2019entreprise J. Leroy r\u00e9alise la r\u00e9novation de toitures, l\u2019\u00e9tanch\u00e9it\u00e9 et la restauration de toitures de b\u00e2timents historiques ou patrimoniaux, travaille pour les particuliers et les collectivit\u00e9s. Elle utilise de l\u2019ardoise, du cuivre, du bois ou encore des tuiles en terre cuite pour r\u00e9aliser la couverture des toits, cr\u00e9er des \u00e9l\u00e9ments ornementaux en cuivre, en zinc ou en plomb. Aux c\u00f4t\u00e9s d\u2019Herv\u00e9, Sandrine, son \u00e9pouse et collaboratrice, l\u2019\u00e9paule au quotidien et 26 employ\u00e9s \u0153uvrent sans rel\u00e2che, avec la m\u00eame exigence. Certains sont l\u00e0 depuis vingt-cinq ans\u2026 <em>\u00ab&nbsp;J\u2019en ai form\u00e9 beaucoup et puis ils ont form\u00e9 \u00e0 leur tour&nbsp;\u00bb<\/em>, explique Herv\u00e9 Leroy. L\u2019une de leurs deux filles dirige, depuis peu, Les Compagnons du Nord, l\u2019autre structure, sp\u00e9cialis\u00e9e dans la couverture et la zinguerie. \u00ab&nbsp;<em>J\u2019ai tout fait pour que mes enfants ne me suivent pas, <\/em>s\u2019amuse l\u2019artisan<em>, mais au fond je suis tr\u00e8s heureux que l\u2019une de mes filles l\u2019ait fait\u2026&nbsp;\u00bb<\/em><\/p>\n\n\n\n<p style=\"font-size:16px\"><strong>\u00ab&nbsp;Un beau b\u00e2timent c\u2019est celui sur lequel on n\u2019a pas l\u2019impression d\u2019\u00eatre pass\u00e9&nbsp;!&nbsp;\u00bb<\/strong><\/p>\n\n\n<div class=\"wp-block-image\">\n<figure class=\"alignleft size-large is-resized\"><img loading=\"lazy\" decoding=\"async\" width=\"768\" height=\"1024\" src=\"https:\/\/www.cma-hautsdefrance.fr\/blog\/wp-content\/uploads\/2025\/06\/20250616_114848-768x1024.jpg\" alt=\"\" class=\"wp-image-10410\" style=\"width:339px;height:auto\"\/><\/figure>\n<\/div>\n\n\n<p style=\"font-size:14px\">M\u00eame si l\u2019innovation a trouv\u00e9 sa place dans l\u2019entreprise pour faciliter le travail, avec des machines num\u00e9riques qui d\u00e9bitent les feuilles de zinc ou refendent le cuivre, il n\u2019en reste pas moins que depuis des si\u00e8cles, les techniques de travail demeurent inchang\u00e9es. Tout comme les outils. Tous constituent une trace tangible de la m\u00e9moire collective. <em>\u00ab\u00a0Cela fait cinq si\u00e8cles que les outils n\u2019ont pas chang\u00e9\u2026<\/em> \u00bb, explique Herv\u00e9 Leroy en montrant le marteau d\u2019ardoise et l\u2019enclume. \u00ab <em>C\u2019\u00e9tait \u00e0 mon p\u00e8re\u2026 il est sign\u00e9 de sa main\u00a0\u00bb<\/em> ajoute-t-il pudiquement. Et de conc\u00e9der\u00a0: <em>\u00ab\u00a0les seules choses \u00e0 avoir \u00e9volu\u00e9 sont le fer \u00e0 souder au gaz et la s\u00e9curit\u00e9 des \u00e9chafaudages avec la m\u00e9canisation<\/em>.\u00a0\u00bb<\/p>\n\n\n<div class=\"wp-block-image\">\n<figure class=\"alignright size-large is-resized\"><img loading=\"lazy\" decoding=\"async\" width=\"768\" height=\"1024\" src=\"https:\/\/www.cma-hautsdefrance.fr\/blog\/wp-content\/uploads\/2025\/06\/20250616_115718-2-768x1024.jpg\" alt=\"\" class=\"wp-image-10425\" style=\"width:362px;height:auto\"\/><\/figure>\n<\/div>\n\n\n<p style=\"font-size:14px\">Au-del\u00e0 des comp\u00e9tences, on comprend aussi en \u00e9coutant Herv\u00e9 Leroy que le m\u00e9tier de couvreur exige agilit\u00e9, endurance et \u00e9quilibre, couplant l\u2019intelligence du geste \u00e0 celui de la hauteur. Quand on lui demande sur quel chantier il a eu le plus de plaisir \u00e0 travailler, l\u2019artisan r\u00e9pond du tac au tac\u00a0:\u00a0<em>\u00ab le prochain<\/em>.\u00a0<em>L\u2019histoire du b\u00e2timent me marque plus que la technicit\u00e9.\u00a0\u00bb<\/em> On devine \u00e0 cette r\u00e9ponse que chaque lieu est unique, \u00e0 chaque fois un d\u00e9fi. Les toits, sont des lieux magiques, qui exigent d\u2019\u00eatre respect\u00e9s et suffisamment appr\u00e9ci\u00e9s pour s\u2019inscrire dans un h\u00e9ritage patrimonial. Le travail d\u2019un artisan couvreur doit \u00eatre \u00e0 la hauteur de la beaut\u00e9 des lieux pour bien les restaurer.\u00a0Parmi ses chantiers les plus prestigieux, citons tout de m\u00eame sa participation \u00e0 la restauration des toitures de l\u2019Hospice Comtesse de Lille, du mus\u00e9e des beaux-arts de Lille, de la gare de Saint-Omer ou encore de l\u2019\u00e9glise de Flers. \u00ab\u00a0<em>Un beau b\u00e2timent pour moi c\u2019est celui sur lequel on n\u2019a pas l\u2019impression d\u2019\u00eatre pass\u00e9\u00a0! <\/em>lance Herv\u00e9 Leroy. Il n\u2019oublie pas la coupole du Carlton \u00e0 Lille, qui l&rsquo;a marqu\u00e9<em>. \u00ab Parce que tous les h\u00f4tels Carlton sont diff\u00e9rents et que celui-l\u00e0, la reine Mary y est pass\u00e9e.<\/em> <em>Nous avons une Histoire incroyable en France et nous ne la mettons pas assez en avant. Il suffit de lever les yeux pour \u00eatre transport\u00e9s\u2026 Mais il faut de l\u2019humilit\u00e9 devant la mati\u00e8re, sinon \u00e7a craque \u2026 Le monde entier nous envie Versailles, les ch\u00e2teaux de la Loire, tout ce patrimoine unique, au point m\u00eame que les Chinois nous copient \u2026\u00a0Vous connaissez un pays qui accueille autant de visiteurs par an pour d\u00e9couvrir ses monuments et sa gastronomie ?\u00a0On devrait s\u2019en souvenir plus souvent. \u00bb<\/em><\/p>\n\n\n\n<p style=\"font-size:16px\"><strong>\u00ab&nbsp;Qui n\u2019a jamais r\u00eav\u00e9 d\u2019une telle immortalit\u00e9 de la transmission du savoir-faire&nbsp;?&nbsp;\u00bb<\/strong><\/p>\n\n\n<div class=\"wp-block-image\">\n<figure class=\"aligncenter size-large is-resized\"><img loading=\"lazy\" decoding=\"async\" width=\"1024\" height=\"768\" src=\"https:\/\/www.cma-hautsdefrance.fr\/blog\/wp-content\/uploads\/2025\/06\/IMG_7577-1024x768.jpg\" alt=\"\" class=\"wp-image-10418\" style=\"width:667px;height:auto\"\/><\/figure>\n<\/div>\n\n\n<p style=\"font-size:14px\">Herv\u00e9 Leroy fait partie de ces artisans couvreurs qui magnifient le paysage urbain avec les m\u00eames gestes, les m\u00eames outils qui n\u2019ont pas chang\u00e9 depuis des si\u00e8cles. Sa passion pour l\u2019artisanat l\u2019a m\u00eame incit\u00e9 en 2018 \u00e0 relever un d\u00e9fi lanc\u00e9 avec un copain&nbsp;: partir \u00e0 la rencontre des artisans des Hauts-de-France en sillonnant la r\u00e9gion \u00e0 v\u00e9lo et les faire t\u00e9moigner de leur m\u00e9tier. <em>\u00ab&nbsp;On en avait marre d\u2019entendre toujours dans les reportages, des choses d\u00e9valorisantes sur les gens de cette r\u00e9gion, on a eu envie de montrer \u00e0 quel point il y avait des hommes et des femmes de valeur et notamment des artisans, ici&nbsp;!&nbsp;\u00bb <\/em>Herv\u00e9 a conserv\u00e9 de cette exp\u00e9rience baptis\u00e9e <em>A la rencontre des mains en or<\/em>, un souvenir inoubliable. \u00ab&nbsp;<em>J\u2019ai rencontr\u00e9 des gens extraordinaires, tous diff\u00e9rents pendant deux mois. J\u2019ai de beaux souvenirs, notamment celui de S\u00e9verine, une ferronni\u00e8re de l\u2019Aisne qui m\u2019a vraiment \u00e9pat\u00e9&nbsp;! Nous avons r\u00e9alis\u00e9 36 vid\u00e9os en tout, c\u2019est dire&nbsp;! \u2026 C\u2019\u00e9tait \u00e9puisant aussi, il faut l<\/em>&lsquo;<em>avouer, &#8211; je pesais 30 kg de plus, <\/em>ironise-t-il-<em>, j\u2019ai mis mon activit\u00e9 d\u2019artisan entre parenth\u00e8ses mais quelle exp\u00e9rience !&nbsp;On a eu des t\u00e9l\u00e9s, des articles\u2026 Nous avons revers\u00e9 1 \u20ac pour chaque kilom\u00e8tre parcouru, aux Clowns de l\u2019Espoir, soit <em>3000 euros <\/em>. \u00bb<\/em><br>Quand on aborde les perspectives du m\u00e9tier de couvreur et l\u2019avenir de la profession, Herv\u00e9 Leroy est sans filtre&nbsp;: \u00ab <em>Certains m\u00e9tiers de l\u2019artisanat sont impact\u00e9s mais pas nous dans notre profession. Nous n\u2019avons pas de difficult\u00e9s \u00e0 recruter aujourd\u2019hui, m\u00eame si \u00e7a d\u00e9pend des ann\u00e9es. C\u2019est un tr\u00e8s beau m\u00e9tier qui permet d\u2019\u00eatre ind\u00e9pendant financi\u00e8rement toute sa vie. La transmission aux g\u00e9n\u00e9rations futures est la seule chose qui compte, sinon il n\u2019y a pas d\u2019avenir. Qui n\u2019a jamais r\u00eav\u00e9 d\u2019une telle immortalit\u00e9 de la transmission du savoir-faire&nbsp;?\u00a0\u00bb<\/em><br>Et de conclure avec un l\u00e9ger sourire<em> : \u00ab&nbsp;Mon prochain d\u00e9fi&nbsp;? Transmettre \u00e0 mes enfants avant de prendre ma retraite \u2026&nbsp;\u00bb&nbsp;<br><\/em>Pour que le geste, le savoir-faire du m\u00e9tier de couvreur continuent de voyager, d\u2019une main \u00e0 l\u2019autre, d\u2019un toit \u00e0 l\u2019autre, d\u2019un si\u00e8cle \u00e0 l\u2019autre\u2026&nbsp;<\/p>\n\n\n\n<p style=\"font-size:14px\"><br><em>Cr\u00e9dit photos : CMA HDF<\/em> &#8211;<em> Entreprise J. Leroy<\/em><\/p>\n\n\n\n<p style=\"font-size:14px\">*Toitures J. Leroy <br>54 rue Alexandre Desrousseaux 59160 Lomme <br>03 20 07 16 49<br>contact@toitures-leroy.fr<\/p>\n","protected":false},"excerpt":{"rendered":"<p><span class=\"rt-reading-time\" style=\"display: block;\"><span class=\"rt-label rt-prefix\">Temps de lecture\u00a0: <\/span> <span class=\"rt-time\">6<\/span> <span class=\"rt-label rt-postfix\">minutes<\/span><\/span> Homme de caract\u00e8re, passionn\u00e9, Herv\u00e9 Leroy incarne la libert\u00e9 artisane \u2026 Ce natif de Lille, f\u00e9ru d\u2019Histoire, \u0153uvre depuis trente ans \u00e0 la r\u00e9novation et \u00e0 l\u2019\u00e9tanch\u00e9it\u00e9 de nombreuses toitures du patrimoine b\u00e2ti et des b\u00e2timents historiques des Hauts-de-France.&nbsp;Avec ses [&hellip;]<\/p>\n","protected":false},"author":20,"featured_media":10394,"comment_status":"closed","ping_status":"open","sticky":false,"template":"","format":"standard","meta":{"footnotes":""},"categories":[111,28,6,8],"tags":[71,73,272,63],"class_list":["post-10390","post","type-post","status-publish","format-standard","has-post-thumbnail","hentry","category-a-la-une","category-actu-nord","category-actualites","category-histoires-artisans","tag-artisan","tag-artisanat","tag-couvreur","tag-hauts-de-france"],"_links":{"self":[{"href":"https:\/\/www.cma-hautsdefrance.fr\/blog\/wp-json\/wp\/v2\/posts\/10390","targetHints":{"allow":["GET"]}}],"collection":[{"href":"https:\/\/www.cma-hautsdefrance.fr\/blog\/wp-json\/wp\/v2\/posts"}],"about":[{"href":"https:\/\/www.cma-hautsdefrance.fr\/blog\/wp-json\/wp\/v2\/types\/post"}],"author":[{"embeddable":true,"href":"https:\/\/www.cma-hautsdefrance.fr\/blog\/wp-json\/wp\/v2\/users\/20"}],"replies":[{"embeddable":true,"href":"https:\/\/www.cma-hautsdefrance.fr\/blog\/wp-json\/wp\/v2\/comments?post=10390"}],"version-history":[{"count":24,"href":"https:\/\/www.cma-hautsdefrance.fr\/blog\/wp-json\/wp\/v2\/posts\/10390\/revisions"}],"predecessor-version":[{"id":10426,"href":"https:\/\/www.cma-hautsdefrance.fr\/blog\/wp-json\/wp\/v2\/posts\/10390\/revisions\/10426"}],"wp:featuredmedia":[{"embeddable":true,"href":"https:\/\/www.cma-hautsdefrance.fr\/blog\/wp-json\/wp\/v2\/media\/10394"}],"wp:attachment":[{"href":"https:\/\/www.cma-hautsdefrance.fr\/blog\/wp-json\/wp\/v2\/media?parent=10390"}],"wp:term":[{"taxonomy":"category","embeddable":true,"href":"https:\/\/www.cma-hautsdefrance.fr\/blog\/wp-json\/wp\/v2\/categories?post=10390"},{"taxonomy":"post_tag","embeddable":true,"href":"https:\/\/www.cma-hautsdefrance.fr\/blog\/wp-json\/wp\/v2\/tags?post=10390"}],"curies":[{"name":"wp","href":"https:\/\/api.w.org\/{rel}","templated":true}]}}