{"id":10475,"date":"2025-07-04T09:00:00","date_gmt":"2025-07-04T07:00:00","guid":{"rendered":"https:\/\/www.cma-hautsdefrance.fr\/blog\/?p=10475"},"modified":"2025-07-03T15:24:39","modified_gmt":"2025-07-03T13:24:39","slug":"atelier-pedagogique-a-la-cma-hdf-une-classe-verte-decouvre-le-potager-et-les-cuisines-du-miam","status":"publish","type":"post","link":"https:\/\/www.cma-hautsdefrance.fr\/blog\/actualites\/atelier-pedagogique-a-la-cma-hdf-une-classe-verte-decouvre-le-potager-et-les-cuisines-du-miam\/","title":{"rendered":"Atelier p\u00e9dagogique \u00e0 la CMA HDF &#8211; Une classe verte d\u00e9couvre le potager et les cuisines du MIAM"},"content":{"rendered":"<span class=\"rt-reading-time\" style=\"display: block;\"><span class=\"rt-label rt-prefix\">Temps de lecture\u00a0: <\/span> <span class=\"rt-time\">3<\/span> <span class=\"rt-label rt-postfix\">minutes<\/span><\/span>\n<p style=\"font-size:20px\"><strong>Lundi 23 juin, 25 \u00e9l\u00e8ves de la classe de CM1 de l\u2019\u00e9cole Jean Jaur\u00e8s \u00e0 Wattrelos accompagn\u00e9s de leur institutrice, ont particip\u00e9 \u00e0 une matin\u00e9e d\u00e9couverte organis\u00e9e par l\u2019\u00e9quipe du MIAM \u00e0 CMA formation Lille M\u00e9tropole. L\u2019occasion pour ces jeunes \u00ab&nbsp;pouces verts&nbsp;\u00bb de d\u00e9couvrir avec le jardinier Pierre Berthe, les l\u00e9gumes et plantes du potager mais aussi de profiter des techniques culinaires du chef Pierre Legrand dans les cuisines du MIAM.<\/strong><\/p>\n\n\n\n<p style=\"font-size:14px\">De la binette \u00e0 la fourchette, il n\u2019y a qu\u2019un pas ou presque\u2026 c\u2019est ce qu\u2019ont d\u00e9couvert, il y a quelques jours, des \u00e9l\u00e8ves de CM1 de l\u2019\u00e9cole Jean Jaur\u00e8s \u00e0 Wattrelos et leur institutrice, Sylvie Leclercq, lors d\u2019une matin\u00e9e pass\u00e9e en pleine nature suivie d\u2019une le\u00e7on de cuisine avec un chef. &nbsp;Une exp\u00e9rience d\u00e9velopp\u00e9e par le Miam, ce concept unique cr\u00e9\u00e9 par la CMA HDF, afin de valoriser les savoir-faire des artisans des m\u00e9tiers de bouche. Divis\u00e9s en deux groupes de 12, les jeunes \u00e9l\u00e8ves ont suivi un atelier r\u00e9colte avec le jardinier Pierre Berthe et un atelier culinaire dans les cuisines du Miam, avec le chef Pierre Legrand.<\/p>\n\n\n<div class=\"wp-block-image\">\n<figure class=\"alignleft size-large is-resized\"><img loading=\"lazy\" decoding=\"async\" width=\"1024\" height=\"962\" src=\"https:\/\/www.cma-hautsdefrance.fr\/blog\/wp-content\/uploads\/2025\/07\/shared-image-9-1024x962.jpg\" alt=\"\" class=\"wp-image-10514\" style=\"width:425px;height:auto\"\/><\/figure>\n<\/div>\n\n\n<p style=\"font-size:14px\">Ce n\u2019est pas la premi\u00e8re fois que le petit potager nich\u00e9 au c\u0153ur du parc calme et verdoyant de la CMA HDF \u00e0 Lille accueille des jeunes pour une d\u00e9couverte initiatique, mais c\u2019est toujours un plaisir pour ces derniers ainsi que pour Pierre Berthe, qui les sensibilise ainsi \u00e0 l\u2019environnement et \u00e0 la permaculture, qui s\u2019inspire des \u00e9cosyst\u00e8mes naturels.<\/p>\n\n\n<div class=\"wp-block-image\">\n<figure class=\"alignright size-large is-resized\"><img loading=\"lazy\" decoding=\"async\" width=\"768\" height=\"1024\" src=\"https:\/\/www.cma-hautsdefrance.fr\/blog\/wp-content\/uploads\/2025\/07\/shared-image-5-1-2-768x1024.jpg\" alt=\"\" class=\"wp-image-10516\" style=\"width:290px;height:auto\"\/><\/figure>\n<\/div>\n\n\n<p style=\"font-size:14px\">Dans les all\u00e9es qui serpentent \u00e0 l\u2019arri\u00e8re du grand b\u00e2timent de la CMA HDF, deux fillettes s\u2019enthousiasment : \u00ab <em>On apprend \u00e0 \u00eatre gentilles avec les plantes et les insectes, c\u2019est important.\u00a0\u00bb<\/em>, confie l\u2019une d\u2019elle, pr\u00e9nomm\u00e9e Maelys tandis que sa copine Hafsa opine du chef\u00a0:\u00a0<em>\u00ab\u00a0Quand on est malade, c\u2019est la nature qui nous gu\u00e9rit, il faut \u00eatre respectueux.\u00a0\u00bb <\/em>Dans cet espace v\u00e9g\u00e9tal \u00e0 l\u2019\u00e9cart de la vie urbaine, les l\u00e9gumes, les fruits, les plantes aromatiques et les fleurs mellif\u00e8res sont choy\u00e9s par Pierre Berthe. Celui-ci promeut une culture sans pesticides et explique \u00e0 son jeune auditoire qu\u2019ici on s\u2019efforce de cultiver bien plus que des fruits et des l\u00e9gumes : on respecte le vivant. Quand le jardinier propose une r\u00e9colte de framboises et de cassis, les exclamations de plaisir fusent. Tels une nu\u00e9e de moineaux, les enfants piochent avec fr\u00e9n\u00e9sie dans la haie. Zin\u00e9dine, tout sourire, montre son panier rempli de baies \u2026<br>Pendant ce temps, l\u2019autre groupe, \u00e0 l\u2019atelier cuisine, apprend avec le chef Pierre Legrand, \u00e0 \u00e9plucher, couper, \u00e9p\u00e9piner, m\u00e9langer les fruits et les l\u00e9gumes r\u00e9colt\u00e9s, les cuisiner, les sublimer. Tandis que certains p\u00e8lent avec concentration des fruits, d\u2019autres font cuire des l\u00e9gumes, sous l\u2019\u0153il attentif de deux accompagnatrices et un duo r\u00e9alise une cr\u00e8me selon les indications du chef. \u00ab\u00a0<em>J\u2019ai l\u2019habitude<\/em>, reconnait Pierre Legrand, <em>mais c\u2019est toujours int\u00e9ressant de faire d\u00e9couvrir la saisonnalit\u00e9 des produits et la cuisine aux jeunes. C\u2019est aussi une fa\u00e7on de les sensibiliser \u00e0 l\u2019importance d\u2019une alimentation saine, \u00e9quilibr\u00e9e. On leur apprend aussi \u00e0 r\u00e9duire le gaspillage et favoriser le recyclage.\u00a0\u00bb<\/em>Une toque \u00e9thique, un jardinier vertueux, voil\u00e0 le joli message plein de bon sens cultiv\u00e9 par le MIAM avec ces classes vertes qui r\u00e9inventent un rapport au temps, \u00e0 la terre, au v\u00e9g\u00e9tal, en r\u00e9coltant ce beau floril\u00e8ge dans ses assiettes.\u00a0<\/p>\n\n\n\n<p style=\"font-size:14px\"><em>Cr\u00e9dit photos DR CMA HDF<\/em><br><br><a href=\"https:\/\/miam-hdf.fr\/le-miam\/\" rel=\"nofollow noopener\">https:\/\/miam-hdf.fr\/le-miam\/<\/a><\/p>\n\n\n\n<p style=\"font-size:14px\"><\/p>\n\n\n\n<p><\/p>\n","protected":false},"excerpt":{"rendered":"<p><span class=\"rt-reading-time\" style=\"display: block;\"><span class=\"rt-label rt-prefix\">Temps de lecture\u00a0: <\/span> <span class=\"rt-time\">3<\/span> <span class=\"rt-label rt-postfix\">minutes<\/span><\/span> Lundi 23 juin, 25 \u00e9l\u00e8ves de la classe de CM1 de l\u2019\u00e9cole Jean Jaur\u00e8s \u00e0 Wattrelos accompagn\u00e9s de leur institutrice, ont particip\u00e9 \u00e0 une matin\u00e9e d\u00e9couverte organis\u00e9e par l\u2019\u00e9quipe du MIAM \u00e0 CMA formation Lille M\u00e9tropole. L\u2019occasion pour ces jeunes [&hellip;]<\/p>\n","protected":false},"author":20,"featured_media":10511,"comment_status":"closed","ping_status":"open","sticky":false,"template":"","format":"standard","meta":{"footnotes":""},"categories":[28,6,90],"tags":[71,270,158,63,276],"class_list":["post-10475","post","type-post","status-publish","format-standard","has-post-thumbnail","hentry","category-actu-nord","category-actualites","category-en-immersion","tag-artisan","tag-cma-formation-lille","tag-cma-hdf","tag-hauts-de-france","tag-miam"],"_links":{"self":[{"href":"https:\/\/www.cma-hautsdefrance.fr\/blog\/wp-json\/wp\/v2\/posts\/10475","targetHints":{"allow":["GET"]}}],"collection":[{"href":"https:\/\/www.cma-hautsdefrance.fr\/blog\/wp-json\/wp\/v2\/posts"}],"about":[{"href":"https:\/\/www.cma-hautsdefrance.fr\/blog\/wp-json\/wp\/v2\/types\/post"}],"author":[{"embeddable":true,"href":"https:\/\/www.cma-hautsdefrance.fr\/blog\/wp-json\/wp\/v2\/users\/20"}],"replies":[{"embeddable":true,"href":"https:\/\/www.cma-hautsdefrance.fr\/blog\/wp-json\/wp\/v2\/comments?post=10475"}],"version-history":[{"count":9,"href":"https:\/\/www.cma-hautsdefrance.fr\/blog\/wp-json\/wp\/v2\/posts\/10475\/revisions"}],"predecessor-version":[{"id":10518,"href":"https:\/\/www.cma-hautsdefrance.fr\/blog\/wp-json\/wp\/v2\/posts\/10475\/revisions\/10518"}],"wp:featuredmedia":[{"embeddable":true,"href":"https:\/\/www.cma-hautsdefrance.fr\/blog\/wp-json\/wp\/v2\/media\/10511"}],"wp:attachment":[{"href":"https:\/\/www.cma-hautsdefrance.fr\/blog\/wp-json\/wp\/v2\/media?parent=10475"}],"wp:term":[{"taxonomy":"category","embeddable":true,"href":"https:\/\/www.cma-hautsdefrance.fr\/blog\/wp-json\/wp\/v2\/categories?post=10475"},{"taxonomy":"post_tag","embeddable":true,"href":"https:\/\/www.cma-hautsdefrance.fr\/blog\/wp-json\/wp\/v2\/tags?post=10475"}],"curies":[{"name":"wp","href":"https:\/\/api.w.org\/{rel}","templated":true}]}}