{"id":10522,"date":"2025-07-18T09:00:00","date_gmt":"2025-07-18T07:00:00","guid":{"rendered":"https:\/\/www.cma-hautsdefrance.fr\/blog\/?p=10522"},"modified":"2025-07-18T10:05:25","modified_gmt":"2025-07-18T08:05:25","slug":"boulanger-patissier-a-essomes-sur-marne-aisne-cedric-ergo-fait-le-meilleur-pain-au-chocolat-de-france","status":"publish","type":"post","link":"https:\/\/www.cma-hautsdefrance.fr\/blog\/actualites\/boulanger-patissier-a-essomes-sur-marne-aisne-cedric-ergo-fait-le-meilleur-pain-au-chocolat-de-france\/","title":{"rendered":"Boulanger p\u00e2tissier \u00e0 Ess\u00f4mes-sur-Marne (Aisne)  C\u00e9dric Ergo fait le meilleur pain au chocolat de France"},"content":{"rendered":"<span class=\"rt-reading-time\" style=\"display: block;\"><span class=\"rt-label rt-prefix\">Temps de lecture\u00a0: <\/span> <span class=\"rt-time\">4<\/span> <span class=\"rt-label rt-postfix\">minutes<\/span><\/span>\n<p class=\"has-medium-font-size\"><strong>Le pain au chocolat\/chocolatine, incontournable des boulangeries fran\u00e7aises, requiert une ma\u00eetrise parfaite de la p\u00e2te lev\u00e9e feuillet\u00e9e, un croustillant parfait et un c\u0153ur moelleux \u2026 C\u2019est avec une telle cr\u00e9ation que, le 29 juin dernier au Portel, C\u00e9dric Ergo a conquis les papilles du jury qui l\u2019ont sacr\u00e9 champion de France 2025 du pain au chocolat\/chocolatine. D\u00e9j\u00e0 vice-champion du monde lors du Grand Mondial du Pain 2023 au Japon, ce boulanger p\u00e2tissier originaire de l\u2019Aisne, qui a appris les bases du m\u00e9tier \u00e0 CMA Formation Laon, est un v\u00e9ritable passionn\u00e9. Habit\u00e9 par l\u2019amour de la profession depuis l\u2019enfance, celui qui r\u00eavait de tenir une boulangerie dans son village natal, incarne d\u00e9sormais l\u2019excellence artisanale fran\u00e7aise \u00e0 l\u2019Atelier des Gourmands \u00e0 Ess\u00f4mes-sur-Marne.<\/strong><\/p>\n\n\n\n<p style=\"font-size:14px\"><strong>&#8211; Qu\u2019est-ce qui vous a donn\u00e9 envie de devenir boulanger p\u00e2tissier ?<\/strong><br><strong>&#8211; C\u00e9dric Ergo&nbsp;:<\/strong> Depuis mes 8 ans, j\u2019ai toujours voulu faire ce m\u00e9tier et surtout l\u2019exercer dans mon village. J\u2019ai toujours aim\u00e9 l\u2019odeur du pain, du four \u00e0 bois\u2026C\u2019est une v\u00e9ritable vocation&nbsp;! J\u2019ai pr\u00e9par\u00e9 un CAP, un BEP puis un BP boulangerie \u00e0 CMA Formation Laon*, en alternance dans mon village \u00e0 Ess\u00f4mes-sur-Marne et \u00e0 Ch\u00e2teau-Thierry. Ensuite, j\u2019ai poursuivi par un CAP, BEP P\u00e2tissier toujours \u00e0 CMA Formation Laon et en alternance \u00e0 Ch\u00e2teau-Thierry chez un chef p\u00e2tissier. A 20 ans, en 2002, j\u2019ai rouvert la boulangerie de Charly-sur-Marne, le Carl\u00e9sien gourmand.<\/p>\n\n\n<div class=\"wp-block-image\">\n<figure class=\"alignleft size-full is-resized\"><img loading=\"lazy\" decoding=\"async\" width=\"941\" height=\"1001\" src=\"https:\/\/www.cma-hautsdefrance.fr\/blog\/wp-content\/uploads\/2025\/07\/511557122_18511903840051300_5819495152218110071_n-1.jpg\" alt=\"\" class=\"wp-image-10532\" style=\"width:422px;height:auto\"\/><\/figure>\n<\/div>\n\n\n<p style=\"font-size:14px\"><strong>-Vous cumulez les prix, comment est-ce qu\u2019on devient un champion dans sa cat\u00e9gorie&nbsp;?<\/strong><br><strong>-CE&nbsp;: <\/strong>C\u2019est le travail, uniquement le travail\u2026 Je suis entr\u00e9 dans l\u2019univers de la comp\u00e9tition lorsque je formais les apprentis \u00e0 CMA Formation Laon. J\u2019ai pr\u00e9par\u00e9 L\u00e9a Juilliart, au MAF en 2019, o\u00f9 elle a d\u00e9croch\u00e9 une belle seconde place puis elle a termin\u00e9 troisi\u00e8me pour le concours du meilleur croissant des Hauts-de-France. Nous avons voulu renouveler l\u2019exp\u00e9rience mais lorsqu&rsquo;elle est devenue ma chef touri\u00e8re \u00e0 l\u2019ouverture du Carl\u00e9sien Gourmand, \u00e0 Charly-sur-Marne, L\u00e9a \u00e9tait trop occup\u00e9e et nous avons d\u00e9cid\u00e9 d\u2019un commun accord de demander \u00e0 Th\u00e9o Leclercq, un jeune apprenti tr\u00e8s prometteur, de m\u2019assister au Mondial du Pain 2023. Nous avons \u00e9t\u00e9 vice-champions du monde et il a brillamment remport\u00e9 le prix du meilleur commis. Je suis tr\u00e8s fier de lui car l\u2019ann\u00e9e suivante en 2024, il a remport\u00e9 la Coupe de France Junior du Pain au chocolat\/chocolatine. Il a d\u00e9j\u00e0 fait briller le territoire de l\u2019Aisne&nbsp;!<\/p>\n\n\n\n<p style=\"font-size:14px\">&#8211;<strong>Selon vous, qu\u2019est-ce qui fait un&nbsp;<em>vrai<\/em>&nbsp;pain au chocolat\/chocolatine d\u2019exception ?<\/strong><br><strong>-CE&nbsp;: <\/strong>C\u2019est lorsqu\u2019on le regarde et qu\u2019on a envie de le manger (rire)&nbsp;! \u00c7a doit croustiller, \u00eatre alv\u00e9ol\u00e9 et on doit avoir l\u2019impression d\u2019un livre qui s\u2019ouvre, avec des pages qui se soul\u00e8vent&nbsp;! On raconte une histoire avec un pain au chocolat (sourire)&nbsp;! Pour r\u00e9aliser le mien, je baisse la temp\u00e9rature du four les deux derni\u00e8res minutes afin qu\u2019il reste croustillant et bien cuit autour du b\u00e2ton de chocolat. Un beau pain au chocolat c\u2019est magnifique \u2026<\/p>\n\n\n\n<p style=\"font-size:14px\">&#8211;<strong>Pouvez-vous nous d\u00e9voiler quelques secrets ou astuces de votre recette prim\u00e9e ?<\/strong><br><strong>-CE&nbsp;: <\/strong>Pour celle que j\u2019ai pr\u00e9sent\u00e9e, j\u2019ai repris les viennoiseries \u00e0 la griotte. Je suis parti d\u2019un brownie au chocolat avec par-dessus une cr\u00e8me br\u00fbl\u00e9e \u00e0 la vanille de Madagascar et un d\u00f4me griotte, le tout surmont\u00e9 d\u2019un papillon (en p\u00e2te \u00e0 cigarette) pour rappeler la l\u00e9g\u00e8ret\u00e9\u2026 Je voulais que les gens fassent \u00ab&nbsp;Waouh \u2026&nbsp;\u00bb (rire) <\/p>\n\n\n<div class=\"wp-block-image\">\n<figure class=\"alignright size-large is-resized\"><img loading=\"lazy\" decoding=\"async\" width=\"819\" height=\"1024\" src=\"https:\/\/www.cma-hautsdefrance.fr\/blog\/wp-content\/uploads\/2025\/07\/514526089_18511903849051300_5371683519196907581_n-819x1024.jpg\" alt=\"\" class=\"wp-image-10533\" style=\"width:252px;height:auto\"\/><\/figure>\n<\/div>\n\n\n<p style=\"font-size:14px\">&#8211; <strong>Comment avez-vous pr\u00e9par\u00e9 le concours national du pain au chocolat\/chocolatine 2025 ?<\/strong><br><strong>-CE&nbsp;: <\/strong>Je ne me suis mis aucune pression. En plus, je venais de rentrer du Japon o\u00f9 nous avons d\u00e9croch\u00e9 une magnifique troisi\u00e8me place au Mondial du Pain et du coup, j\u2019ai concouru sans doute davantage dans le partage. <br><br>&#8211; <strong>Qu\u2019avez-vous ressenti lorsque vous avez \u00e9t\u00e9 sacr\u00e9 champion de France pour ce pain au chocolat d&rsquo;exception ?<\/strong><br><strong>-CE&nbsp;<\/strong>: J\u2019\u00e9tais \u00e9mu, fier bien s\u00fbr. On y va quand m\u00eame pour gagner&nbsp;! (sourire) Je me suis dit aussi int\u00e9rieurement \u00ab&nbsp;enfin ! \u00bb \u2026 C\u2019est une vraie reconnaissance et je tiens \u00e0 dire que je dois beaucoup \u00e0 mon commis, Th\u00e9o Leclercq. Nous avons une vraie complicit\u00e9, Th\u00e9o est super, plein d\u2019humilit\u00e9, c\u2019est un v\u00e9ritable atout dans le travail.  <\/p>\n\n\n\n<p style=\"font-size:14px\"><strong>-Comment voyez vous l\u2019\u00e9volution du m\u00e9tier de boulanger p\u00e2tissier aujourd\u2019hui ?<\/strong><br><strong>-CE&nbsp;: <\/strong>On constate une vraie \u00e9volution avec les techniques et les mati\u00e8res premi\u00e8res, il y a aussi les cha\u00eenes de boulangerie qui nous font concurrence, cela nous incite \u00e0 nous remettre en question tous les jours, \u00e0 faire toujours de la qualit\u00e9.<\/p>\n\n\n\n<p style=\"font-size:14px\"><strong>-Que pensez-vous du d\u00e9bat \u201cpain au chocolat\u201d versus \u201cchocolatine\u201d ?<\/strong><br><strong>-CE&nbsp;: <\/strong>(Amus\u00e9) En r\u00e9alit\u00e9, qu&rsquo;on l&rsquo;appelle pain au chocolat ou chocolatine, l\u2019essentiel est quand m\u00eame la r\u00e9ussite du produit. Tout cela est tr\u00e8s m\u00e9diatis\u00e9 mais cela permet de faire exister le m\u00e9tier&nbsp;!<\/p>\n\n\n<div class=\"wp-block-image\">\n<figure class=\"alignleft size-full is-resized\"><img loading=\"lazy\" decoding=\"async\" width=\"576\" height=\"808\" src=\"https:\/\/www.cma-hautsdefrance.fr\/blog\/wp-content\/uploads\/2025\/07\/Resized_20250704_1208461-1.jpg\" alt=\"\" class=\"wp-image-10536\" style=\"width:231px;height:auto\"\/><\/figure>\n<\/div>\n\n\n<p style=\"font-size:14px\">&#8211;<strong>Quels sont vos projets ?<\/strong><br><strong>-CE&nbsp;:<\/strong> Je suis tr\u00e8s tr\u00e8s content d&rsquo;avoir obtenu ce titre de champion de France du pain au chocolat\/chocolatine, mes enfants, mon \u00e9pouse sont super fiers et \u00e7a me fait plaisir. Je vais tout faire pour gagner la coupe du monde qui se d\u00e9roulera \u00e0 Toulouse, au mois de mars 2026. L&rsquo;un de mes gros objectifs \u00e9galement c\u2019est le Meilleur Ouvrier de France, j\u2019attends actuellement la s\u00e9lection \u2026 Il n\u2019y a pas de MOF dans l\u2019Aisne, j\u2019aimerais faire rayonner le d\u00e9partement. J\u2019y tiens vraiment&nbsp;!<\/p>\n\n\n\n<p style=\"font-size:14px\">&#8211; <strong>Quel message aimeriez vous transmettre aux jeunes qui souhaitent se lancer dans la boulangerie p\u00e2tisserie ?<\/strong><br><strong>-CE&nbsp;: <\/strong><em>\u00ab&nbsp;Vis tes r\u00eaves&nbsp;!&nbsp;\u00bb,<\/em> voil\u00e0 ce que j\u2019ai envie de dire aux jeunes. Il faut oser, ne pas avoir peur\u2026 \u00c7a me rappelle aussi une affiche de Disney dans la chambre de ma fille, qui dit \u00ab&nbsp;<em>Vis ta vie en couleur, c\u2019est le secret du bonheur&nbsp;\u00bb<\/em>, j\u2019aime bien, c\u2019est tellement positif&nbsp;! (Rire)<\/p>\n\n\n\n<p style=\"font-size:14px\">&#8211; <strong>O\u00f9 peut-on venir d\u00e9guster votre pain au chocolat\/chocolatine dans l\u2019Aisne ?<\/strong><br><strong>-CE&nbsp;: <\/strong>Dans ma boulangerie \u00e0 \u00ab&nbsp;L\u2019atelier des gourmands&nbsp;\u00bb \u00e0 Ess\u00f4mes-sur-Marne**, le village de mon enfance.<\/p>\n\n\n\n<p style=\"font-size:14px\"><em>Cr\u00e9dit photos DR CE<\/em><\/p>\n\n\n\n<p style=\"font-size:14px\">*<a href=\"https:\/\/www.cma-hautsdefrance.fr\/metiers-de-bouche\/formation-boulanger\/\">Formations de boulanger &#8211; CMA Hauts de France<\/a><\/p>\n\n\n\n<p style=\"font-size:14px\">**L&rsquo;Atelier des Gourmands<br>16 Av. du G\u00e9n\u00e9ral de Gaulle, 02400 Ess\u00f4mes-sur-Marne<\/p>\n\n\n\n<p><\/p>\n","protected":false},"excerpt":{"rendered":"<p><span class=\"rt-reading-time\" style=\"display: block;\"><span class=\"rt-label rt-prefix\">Temps de lecture\u00a0: <\/span> <span class=\"rt-time\">4<\/span> <span class=\"rt-label rt-postfix\">minutes<\/span><\/span> Le pain au chocolat\/chocolatine, incontournable des boulangeries fran\u00e7aises, requiert une ma\u00eetrise parfaite de la p\u00e2te lev\u00e9e feuillet\u00e9e, un croustillant parfait et un c\u0153ur moelleux \u2026 C\u2019est avec une telle cr\u00e9ation que, le 29 juin dernier au Portel, C\u00e9dric Ergo a [&hellip;]<\/p>\n","protected":false},"author":20,"featured_media":10529,"comment_status":"closed","ping_status":"open","sticky":false,"template":"","format":"standard","meta":{"footnotes":""},"categories":[111,30,6,8],"tags":[71,73,77,237,278,241,158,63,91],"class_list":["post-10522","post","type-post","status-publish","format-standard","has-post-thumbnail","hentry","category-a-la-une","category-actu-aisne","category-actualites","category-histoires-artisans","tag-artisan","tag-artisanat","tag-boulangerie","tag-boulangerie-patisserie","tag-champion-de-france-2025-pain-au-chocolat","tag-cma-formation-laon","tag-cma-hdf","tag-hauts-de-france","tag-interview"],"_links":{"self":[{"href":"https:\/\/www.cma-hautsdefrance.fr\/blog\/wp-json\/wp\/v2\/posts\/10522","targetHints":{"allow":["GET"]}}],"collection":[{"href":"https:\/\/www.cma-hautsdefrance.fr\/blog\/wp-json\/wp\/v2\/posts"}],"about":[{"href":"https:\/\/www.cma-hautsdefrance.fr\/blog\/wp-json\/wp\/v2\/types\/post"}],"author":[{"embeddable":true,"href":"https:\/\/www.cma-hautsdefrance.fr\/blog\/wp-json\/wp\/v2\/users\/20"}],"replies":[{"embeddable":true,"href":"https:\/\/www.cma-hautsdefrance.fr\/blog\/wp-json\/wp\/v2\/comments?post=10522"}],"version-history":[{"count":9,"href":"https:\/\/www.cma-hautsdefrance.fr\/blog\/wp-json\/wp\/v2\/posts\/10522\/revisions"}],"predecessor-version":[{"id":10541,"href":"https:\/\/www.cma-hautsdefrance.fr\/blog\/wp-json\/wp\/v2\/posts\/10522\/revisions\/10541"}],"wp:featuredmedia":[{"embeddable":true,"href":"https:\/\/www.cma-hautsdefrance.fr\/blog\/wp-json\/wp\/v2\/media\/10529"}],"wp:attachment":[{"href":"https:\/\/www.cma-hautsdefrance.fr\/blog\/wp-json\/wp\/v2\/media?parent=10522"}],"wp:term":[{"taxonomy":"category","embeddable":true,"href":"https:\/\/www.cma-hautsdefrance.fr\/blog\/wp-json\/wp\/v2\/categories?post=10522"},{"taxonomy":"post_tag","embeddable":true,"href":"https:\/\/www.cma-hautsdefrance.fr\/blog\/wp-json\/wp\/v2\/tags?post=10522"}],"curies":[{"name":"wp","href":"https:\/\/api.w.org\/{rel}","templated":true}]}}