{"id":10543,"date":"2025-07-25T09:00:00","date_gmt":"2025-07-25T07:00:00","guid":{"rendered":"https:\/\/www.cma-hautsdefrance.fr\/blog\/?p=10543"},"modified":"2025-07-24T15:26:31","modified_gmt":"2025-07-24T13:26:31","slug":"lartisanat-vegetal-ecoresponsable-vegskin-offre-une-seconde-peau-aux-bananes","status":"publish","type":"post","link":"https:\/\/www.cma-hautsdefrance.fr\/blog\/actualites\/lartisanat-vegetal-ecoresponsable-vegskin-offre-une-seconde-peau-aux-bananes\/","title":{"rendered":"L&rsquo;artisanat v\u00e9g\u00e9tal \u00e9coresponsable\u00a0: Vegskin offre une seconde peau aux bananes"},"content":{"rendered":"<span class=\"rt-reading-time\" style=\"display: block;\"><span class=\"rt-label rt-prefix\">Temps de lecture\u00a0: <\/span> <span class=\"rt-time\">5<\/span> <span class=\"rt-label rt-postfix\">minutes<\/span><\/span>\n<p class=\"has-medium-font-size\"><strong>Sensibilis\u00e9s \u00e0 la souffrance animale, Lo\u00efc et Ana\u00eblle Debrabander ont cr\u00e9\u00e9 en 2022 l\u2019entreprise Vegskin, qui met l\u2019accent sur des mati\u00e8res v\u00e9g\u00e9tales telles que la banane comme alternative au cuir, attentive \u00e0 l\u2019impact environnemental. Inspir\u00e9 par l&rsquo;\u00e9conomie circulaire, la Blue Economy, les low tech, le couple souhaitait travailler avec des ressources \u00e0 l&rsquo;impact le plus bas possible en proposant des mat\u00e9riaux 100% v\u00e9g\u00e9taux, sans plastique ni p\u00e9trochimie. Lo\u00efc nous a racont\u00e9 leur parcours qui est aussi une aventure \u00e9thique.<\/strong> <strong>Ou comment changer la mati\u00e8re pour (essayer de) changer le futur\u00a0\u2026<\/strong><\/p>\n\n\n\n<p style=\"font-size:14px\"><strong>-Pouvez-vous nous raconter la gen\u00e8se de Vegskin<\/strong> <strong>et ce qui vous a inspir\u00e9 ce projet ?<\/strong><br><strong>-LD&nbsp;: <\/strong>Mon \u00e9pouse Ana\u00eblle est une v\u00e9g\u00e9tarienne convaincue depuis des ann\u00e9es et elle m\u2019a annonc\u00e9 un jour ne plus vouloir porter de mati\u00e8res animales \u2026 Elle \u00e9tait vraiment d\u00e9termin\u00e9e \u00e0 trouver une alternative, quitte \u00e0 l&rsquo;imaginer. Nous \u00e9tions aussi sensibles \u00e0 l&rsquo;\u00e9conomie circulaire, \u00e0 la Blue Economy*. Je me suis donc pench\u00e9 s\u00e9rieusement sur la question. Quand on sait que 90% du cuir fran\u00e7ais n\u2019est pas produit en Europe mais dans des pays o\u00f9 les gens (dont beaucoup d\u2019enfants) travaillent dans des conditions inacceptables, il est devenu difficile pour nous de continuer \u00e0 cautionner cela. Paradoxalement beaucoup de mat\u00e9riaux d\u2019alternative au cuir sont majoritairement issus \u00e0 90% de polyur\u00e9thane et 10% de d\u00e9chets v\u00e9g\u00e9taux\u2026donc on s\u2019est dit qu\u2019on allait fabriquer cette mati\u00e8re (sourire), sans plastique, ni p\u00e9trochimie.  Avec des d\u00e9chets de fruits notamment. On a fait les premiers essais en 2020.&nbsp;Au d\u00e9but, c\u2019\u00e9tait assez catastrophique et progressivement, on a fini par s\u2019orienter vers d\u2019autres fruits tels que la mangue puis la banane. On a cr\u00e9\u00e9 Vegskin en 2022.<\/p>\n\n\n<div class=\"wp-block-image\">\n<figure class=\"alignleft size-large is-resized\"><img loading=\"lazy\" decoding=\"async\" width=\"768\" height=\"1024\" src=\"https:\/\/www.cma-hautsdefrance.fr\/blog\/wp-content\/uploads\/2025\/07\/thumbnail_9837-768x1024.jpg\" alt=\"\" class=\"wp-image-10549\" style=\"width:334px;height:auto\"\/><\/figure>\n<\/div>\n\n\n<p style=\"font-size:14px\"><strong>-Pourquoi utilisez aujourd\u2019hui principalement la banane ?<\/strong><br><strong>-LD&nbsp;: <\/strong>D\u2019abord parce que la mangue est plus compliqu\u00e9e \u00e0 sourcer et enfin parce que 90 % des bananes import\u00e9es (pr\u00e8s de 700 000 tonnes en France) transitent principalement par Dunkerque et qu\u2019il y a 10% de pertes (soit 70 000 tonnes de d\u00e9chets). Nous parvenons au sein de Vegskin \u00e0 transformer pr\u00e8s de 95% de la totalit\u00e9 du fruit et avons 5% de bio sourc\u00e9s tels que les plastifiants naturels. On teinte avec des pigments naturels \u00e0 base de v\u00e9g\u00e9taux. Pour certaines de nos compositions, nous utilisons un vernis \u00e0 base de polyur\u00e9thane mais c\u2019est tout. Nous avons invers\u00e9 les proportions et nous sommes les seuls au monde \u00e0 avoir d\u00e9velopp\u00e9 de cette fa\u00e7on notre produit. Nous ne voulions pas \u00eatre \u00ab&nbsp;en frontal&nbsp;\u00bb avec l\u2019univers du cuir mais proposer plut\u00f4t une alternative.<\/p>\n\n\n\n<p style=\"font-size:14px\"><strong>-Quel type de produit fabriquez-vous&nbsp;?<\/strong><br><strong>-LD&nbsp;:<\/strong> Avec nos mati\u00e8res totalement biosourc\u00e9es, nous fabriquons des produits uniques qui offrent une v\u00e9ritable exp\u00e9rience sensorielle et durable &#8230; Nous travaillons pour le design int\u00e9rieur, en proposant du rev\u00eatement mural (carreaux), du mobilier (luminaires), de la maroquinerie, des accessoires, des bijoux\u2026<\/p>\n\n\n\n<p style=\"font-size:14px\"><strong>-Travaillez-vous avec des fournisseurs locaux ou internationaux ?<\/strong><br><strong>-LD :<\/strong> On se tourne vers plusieurs fournisseurs, mais c\u2019est assez simple car les voies de valorisation sont faibles pour ce type de d\u00e9chets. On sollicite les plus proches, au nord de Paris, dans un rayon de 150\/200km\u2026<\/p>\n\n\n\n<p style=\"font-size:14px\"><strong>-Comment int\u00e9grez-vous les valeurs \u00e9thiques (politique z\u00e9ro d\u00e9chet, d\u00e9marche d\u2019\u00e9conomie circulaire) dans vos pratiques ?<\/strong><br><strong>-LD&nbsp;: <\/strong>L\u2019\u00e9co concept, l\u2019engagement \u00e9thique sont au c\u0153ur de toute notre d\u00e9marche. Pour la politique z\u00e9ro d\u00e9chet, on souhaite \u00e0 terme, avec des machines plus adapt\u00e9es, ne plus avoir \u00e0 \u00e9carter les parties dures qui sont les difficiles \u00e0 exploiter; on utilise aussi des supports en lin -en faisant travailler une entreprise locale- pour la r\u00e9sistance \u00e0 la couture. Le d\u00e9fi le plus complexe \u00e0 relever c\u2019est vraiment la contrainte m\u00e9canique, nous souhaitons pouvoir prochainement investir pour supprimer cela.<\/p>\n\n\n<div class=\"wp-block-image\">\n<figure class=\"alignright size-large is-resized\"><img loading=\"lazy\" decoding=\"async\" width=\"724\" height=\"1024\" src=\"https:\/\/www.cma-hautsdefrance.fr\/blog\/wp-content\/uploads\/2025\/07\/thumbnail_8716-724x1024.jpg\" alt=\"\" class=\"wp-image-10550\" style=\"width:303px;height:auto\"\/><\/figure>\n<\/div>\n\n\n<p style=\"font-size:14px\"><strong>-Quel est l\u2019impact environnemental r\u00e9el de cette mati\u00e8re par rapport au cuir traditionnel ?<\/strong><br><strong>-LD&nbsp;: <\/strong>Pour vous donner une id\u00e9e, on divise par 10 000 la quantit\u00e9 d\u2019eau n\u00e9cessaire \u00e0 la cr\u00e9ation d\u2019un m<sup>2<\/sup> de produit Vegskin par rapport \u00e0 un m<sup>2<\/sup> de cuir. Et pour 1m<sup>2<\/sup> nous avons besoin de 8 \u00e0 10 kg de bananes.<\/p>\n\n\n\n<p style=\"font-size:14px\"><strong>-Comment le march\u00e9 r\u00e9agit-il \u00e0 vos produits ? \u00c0 quel type de client\u00e8le vous adressez-vous ?<br>-LD&nbsp;: <\/strong>Le march\u00e9 r\u00e9agit tr\u00e8s positivement. On vend en B to B exclusif et il y a une grosse demande de la part des grandes maisons de luxe. C\u2019est un segment d\u00e9sormais incontournable pour elles\u2026 Ce qui nous a aid\u00e9 notamment \u00e0 nous faire conna\u00eetre c\u2019est d\u2019avoir \u00e9t\u00e9 laur\u00e9at d\u2019un appel \u00e0 projet environnement.<br>Nous sommes pass\u00e9s sur BFM Business, puis nous avons eu un article dans 20 mn, qui a \u00e9t\u00e9 repris \u00e0 l\u2019international (Inde, US, Canada) et cela nous a donn\u00e9 une bonne visibilit\u00e9 m\u00e9diatique. <br>Nous accompagnons des entreprises sur des valorisations de d\u00e9chets\/produits locaux.<br>Je crois profond\u00e9ment \u00e0 l\u2019adaptation des low tech** vers les industries.<strong><br><br>-Voyez-vous une \u00e9volution des mentalit\u00e9s dans le secteur de la mode ou du design face \u00e0 l\u2019\u00e9coresponsabilit\u00e9 ?<\/strong><br><strong>-LD&nbsp;: <\/strong>Au d\u00e9but nous sentions que nous \u00e9tions pr\u00e9curseurs mais aujourd\u2019hui les gens sont pr\u00eats \u00e0 essayer nos produits, notamment si le prix et la qualit\u00e9 sont \u00e9quivalents. Chez Vegskin, nous nous alignons sur le prix d\u2019un cuir fran\u00e7ais haut de gamme.<\/p>\n\n\n\n<p style=\"font-size:14px\"><strong>-Avez-vous mis en place des collaborations ou des produits Vegskin ?<\/strong><br><strong>-LD&nbsp;: <\/strong>Nous sommes en phase d\u2019\u00e9chantillons et nous allons passer rapidement en pr\u00e9s\u00e9rie.<\/p>\n\n\n<div class=\"wp-block-image\">\n<figure class=\"alignleft size-large is-resized\"><img loading=\"lazy\" decoding=\"async\" width=\"768\" height=\"1024\" src=\"https:\/\/www.cma-hautsdefrance.fr\/blog\/wp-content\/uploads\/2025\/07\/thumbnail_0369-768x1024.jpg\" alt=\"\" class=\"wp-image-10551\" style=\"width:315px;height:auto\"\/><\/figure>\n<\/div>\n\n\n<p style=\"font-size:14px\"><strong>-Quels sont vos objectifs ?<\/strong><br><strong>-LD&nbsp;: <\/strong>Nous allons lancer une lev\u00e9e de fonds fin 2025, construire un atelier de production, d\u00e9velopper un autre type d\u2019\u00e9co produit (ne souhaite pas en d\u00e9voiler davantage) et notre gamme de bijoux, Ana\u00ebllic, toute r\u00e9cente, mais qui pla\u00eet d\u00e9j\u00e0 beaucoup.<\/p>\n\n\n\n<p style=\"font-size:14px\"><strong>-Envisagez-vous de vous diversifier vers d\u2019autres secteurs que cette alternative au cuir ?<\/strong><br><strong>-LD&nbsp;: <\/strong>Nous sommes de plus en plus sollicit\u00e9s pour concevoir des mat\u00e9riaux de demain, pour remplacer le bois, la brique, etc.<\/p>\n\n\n\n<p style=\"font-size:14px\"><strong>-Qu\u2019est-ce qui vous motive au quotidien dans cette aventure entrepreneuriale ?<\/strong><br><strong>-LD&nbsp;: <\/strong>J\u2019aime d\u00e9construire les choses pour trouver de nouvelles voies. C\u2019est une tr\u00e8s belle aventure faite de r\u00e9silience, de cr\u00e9ativit\u00e9, de d\u00e9couverte\u2026Je me dis parfois que j\u2019ai r\u00e9ussi \u00e0 transformer un d\u00e9chet en bijou, c\u2019est infiniment po\u00e9tique et \u00e7a me rend fier\u2026(sourire). Aujourd&rsquo;hui ma petite fille est ma premi\u00e8re responsable qualit\u00e9 et d\u00e9j\u00e0 une tr\u00e8s bonne commerciale ! (rire)<\/p>\n\n\n\n<p style=\"font-size:14px\"><strong>-Si vous deviez r\u00e9sumer Vegskin en une phrase ou un mot, que choisiriez-vous ?<\/strong><br><strong>-LD&nbsp;: <\/strong>Vegskin ou la mati\u00e8re v\u00e9g\u00e9tale.<\/p>\n\n\n\n<p style=\"font-size:14px\"><em>Cr\u00e9dit photos DR Vegskin<\/em><\/p>\n\n\n\n<p style=\"font-size:14px\"><a href=\"https:\/\/www.vegskin.com\" rel=\"nofollow noopener\">https:\/\/www.vegskin.com<\/a><\/p>\n\n\n\n<p style=\"font-size:14px\">*La Blue Economy ou \u00e9conomie bleue englobe toutes les activit\u00e9s \u00e9conomiques associ\u00e9es aux ressources marines et aux \u00e9cosyst\u00e8mes aquatiques.<br>**Low Tech, litt\u00e9ralement basses technologies, d\u00e9signent une cat\u00e9gorie de&nbsp;techniques durables, simples, appropriables, r\u00e9silientes, proposant des objets adaptables.&nbsp;<\/p>\n\n\n\n<p style=\"font-size:14px\"><strong><br><br><\/strong><\/p>\n","protected":false},"excerpt":{"rendered":"<p><span class=\"rt-reading-time\" style=\"display: block;\"><span class=\"rt-label rt-prefix\">Temps de lecture\u00a0: <\/span> <span class=\"rt-time\">5<\/span> <span class=\"rt-label rt-postfix\">minutes<\/span><\/span> Sensibilis\u00e9s \u00e0 la souffrance animale, Lo\u00efc et Ana\u00eblle Debrabander ont cr\u00e9\u00e9 en 2022 l\u2019entreprise Vegskin, qui met l\u2019accent sur des mati\u00e8res v\u00e9g\u00e9tales telles que la banane comme alternative au cuir, attentive \u00e0 l\u2019impact environnemental. Inspir\u00e9 par l&rsquo;\u00e9conomie circulaire, la Blue [&hellip;]<\/p>\n","protected":false},"author":20,"featured_media":10548,"comment_status":"closed","ping_status":"open","sticky":false,"template":"","format":"standard","meta":{"footnotes":""},"categories":[111,28,6,8],"tags":[71,73,280,279,63,281],"class_list":["post-10543","post","type-post","status-publish","format-standard","has-post-thumbnail","hentry","category-a-la-une","category-actu-nord","category-actualites","category-histoires-artisans","tag-artisan","tag-artisanat","tag-artisanat-vegetal","tag-ecoresponsable","tag-hauts-de-france","tag-matieres-vegetales"],"_links":{"self":[{"href":"https:\/\/www.cma-hautsdefrance.fr\/blog\/wp-json\/wp\/v2\/posts\/10543","targetHints":{"allow":["GET"]}}],"collection":[{"href":"https:\/\/www.cma-hautsdefrance.fr\/blog\/wp-json\/wp\/v2\/posts"}],"about":[{"href":"https:\/\/www.cma-hautsdefrance.fr\/blog\/wp-json\/wp\/v2\/types\/post"}],"author":[{"embeddable":true,"href":"https:\/\/www.cma-hautsdefrance.fr\/blog\/wp-json\/wp\/v2\/users\/20"}],"replies":[{"embeddable":true,"href":"https:\/\/www.cma-hautsdefrance.fr\/blog\/wp-json\/wp\/v2\/comments?post=10543"}],"version-history":[{"count":5,"href":"https:\/\/www.cma-hautsdefrance.fr\/blog\/wp-json\/wp\/v2\/posts\/10543\/revisions"}],"predecessor-version":[{"id":10554,"href":"https:\/\/www.cma-hautsdefrance.fr\/blog\/wp-json\/wp\/v2\/posts\/10543\/revisions\/10554"}],"wp:featuredmedia":[{"embeddable":true,"href":"https:\/\/www.cma-hautsdefrance.fr\/blog\/wp-json\/wp\/v2\/media\/10548"}],"wp:attachment":[{"href":"https:\/\/www.cma-hautsdefrance.fr\/blog\/wp-json\/wp\/v2\/media?parent=10543"}],"wp:term":[{"taxonomy":"category","embeddable":true,"href":"https:\/\/www.cma-hautsdefrance.fr\/blog\/wp-json\/wp\/v2\/categories?post=10543"},{"taxonomy":"post_tag","embeddable":true,"href":"https:\/\/www.cma-hautsdefrance.fr\/blog\/wp-json\/wp\/v2\/tags?post=10543"}],"curies":[{"name":"wp","href":"https:\/\/api.w.org\/{rel}","templated":true}]}}