{"id":10565,"date":"2025-08-29T09:00:00","date_gmt":"2025-08-29T07:00:00","guid":{"rendered":"https:\/\/www.cma-hautsdefrance.fr\/blog\/?p=10565"},"modified":"2025-08-29T08:55:01","modified_gmt":"2025-08-29T06:55:01","slug":"la-maison-de-jazz-une-pension-canine-pas-comme-les-autres","status":"publish","type":"post","link":"https:\/\/www.cma-hautsdefrance.fr\/blog\/actualites\/la-maison-de-jazz-une-pension-canine-pas-comme-les-autres\/","title":{"rendered":"La Maison de Jazz, une pension canine pas comme les autres"},"content":{"rendered":"<span class=\"rt-reading-time\" style=\"display: block;\"><span class=\"rt-label rt-prefix\">Temps de lecture\u00a0: <\/span> <span class=\"rt-time\">4<\/span> <span class=\"rt-label rt-postfix\">minutes<\/span><\/span>\n<p class=\"has-medium-font-size\"><strong>Derri\u00e8re chaque grande aventure se cache souvent une histoire de c\u0153ur. Comme celle qui unissait Leslie Luppino et Jazz, son chien ador\u00e9, d\u00e9c\u00e9d\u00e9 brutalement en f\u00e9vrier dernier. De ce lien unique est n\u00e9e l\u2019envie de cr\u00e9er un lieu o\u00f9 chaque animal serait accueilli comme un membre de la famille, une pension canine, sans cage ni box&nbsp;: La Maison de Jazz. La jeune femme nous a racont\u00e9 comment, entre tendresse, passion et r\u00e9silience, elle a transform\u00e9 une \u00e9preuve douloureuse en un nouveau projet professionnel riche d\u2019amour et de sens.<\/strong><\/p>\n\n\n\n<p style=\"font-size:14px\"><strong>-Pouvez-vous nous raconter votre parcours et ce qui a d\u00e9clench\u00e9 votre d\u00e9sir de reconversion ?<\/strong><br><strong>&#8211; Leslie Luppino&nbsp;: <\/strong>J\u2019ai occup\u00e9 longtemps des fonctions commerciales et j\u2019avais tr\u00e8s envie d\u2019\u00eatre \u00e0 mon compte. J\u2019ai song\u00e9 \u00e0 plusieurs reconversions mais il y avait trop de freins donc j\u2019ai progressivement renonc\u00e9.<\/p>\n\n\n\n<p style=\"font-size:14px\"><strong>-Pourquoi avoir choisi la pension canine ?<\/strong><br><strong>-LL&nbsp;:<\/strong> C\u2019est la perte de mon chien Jazz, qui a tout d\u00e9clench\u00e9 lorsqu\u2019il est d\u00e9c\u00e9d\u00e9 brutalement en f\u00e9vrier dernier. \u00c7a a \u00e9t\u00e9 terrible (\u00e9mue)\u2026Et puis \u00e7a s\u2019est impos\u00e9 comme une \u00e9vidence, pour d\u00e9passer cela, il fallait que je donne de l\u2019amour \u00e0 d\u2019autres animaux. C\u2019est le cadeau que Jazz m\u2019a fait en quelque sorte, continuer \u00e0 l\u2019aimer \u00e0 travers d\u2019autres chiens\u2026<\/p>\n\n\n\n<p style=\"font-size:14px\"><strong>-Quelle formation avez-vous suivi pour vous lancer ?<\/strong><br><strong>-LL&nbsp;: <\/strong>J\u2019ai pass\u00e9 en juin dernier la certification ACACED (Attestation de Connaissances pour les Animaux de compagnie d&rsquo;esp\u00e8ces domestiques) gr\u00e2ce \u00e0 mon compte CPF, je voulais une activit\u00e9 encadr\u00e9e l\u00e9galement afin d\u2019apporter de la s\u00e9r\u00e9nit\u00e9 aux gens qui font appel \u00e0 mes services.<\/p>\n\n\n<div class=\"wp-block-image\">\n<figure class=\"alignleft size-large is-resized\"><img loading=\"lazy\" decoding=\"async\" width=\"768\" height=\"1024\" src=\"https:\/\/www.cma-hautsdefrance.fr\/blog\/wp-content\/uploads\/2025\/08\/IMG20250727205854-768x1024.jpg\" alt=\"\" class=\"wp-image-10572\" style=\"width:372px;height:auto\"\/><\/figure>\n<\/div>\n\n\n<p style=\"font-size:14px\"><strong>-Comment proc\u00e9dez-vous pour accueillir l\u2019animal&nbsp;?<\/strong><br><strong>-LL&nbsp;<\/strong>: Il y a une demi-journ\u00e9e de tests avec l\u2019animal, de mise en confiance, puis si tout se passe bien, je passe un contrat avec le propri\u00e9taire. Il y a aussi des crit\u00e8res d\u2019accueil et un r\u00e8glement sanitaire. J\u2019accueille deux \u00e0 trois chiens maximum (pas de grands chiens, ni au-del\u00e0 de 25 kg), il faut aussi que les animaux soient castr\u00e9s ou st\u00e9rilis\u00e9s, propres, sociabilis\u00e9s. Qu\u2019ils soient \u00e0 jour des vaccins (notamment contre la toux du chenil), vermifug\u00e9s. Je n\u2019administre pas de traitement de fond mais parfois je peux faire une petite exception en faisant un l\u00e9ger soin. (Ex. gouttes dans les yeux, etc.).<\/p>\n\n\n\n<p style=\"font-size:14px\"><strong>-Quelles sont les prestations propos\u00e9es&nbsp;?<\/strong><br><strong>-LL&nbsp;<\/strong>: Je propose l\u2019accueil \u00e0 la maison, sans box ni cage, en famille. Il y a aussi un acc\u00e8s au jardin et des promenades selon les besoins, les habitudes et les capacit\u00e9s de l\u2019animal. Je fais des jeux avec eux et bien s\u00fbr des c\u00e2lins et des caresses (sourire). Le tarif est de 30 euros\/jour (nuit comprise) et la nourriture et le panier sont fournis par le propri\u00e9taire. Il n\u2019y a pas de tarif d\u00e9gressif. Je donne des nouvelles quotidiennes via un groupe WhatsApp o\u00f9 je poste des photos, des vid\u00e9os. Je propose \u00e9galement des visites \u00e0 domicile pour les chats au tarif de 15 euros le passage, dans un rayon de 15 km autour de Roubaix.<\/p>\n\n\n\n<p style=\"font-size:14px\"><strong>-Qu\u2019aimez-vous le plus (et le moins) dans ce m\u00e9tier ?<\/strong><br><strong>-LL&nbsp;: <\/strong>J\u2019adore mon m\u00e9tier (sourire), je me sens \u00e0 ma place. Rien ne repr\u00e9sente un frein ou une contrainte. J\u2019ai beaucoup anticip\u00e9 l\u2019activit\u00e9, beaucoup discut\u00e9 avec ma famille afin que mon mari ou les enfants ne se sentent jamais contraints. Ils sont heureux aussi de ce temps pass\u00e9 avec les chiens, nous faisons des balades avec eux, etc. J\u2019aime le contact avec mes futurs clients, j\u2019adore leur faire plaisir en prenant soin de leur animal. Il y a aussi le travail de prospection que j\u2019aime. M\u00eame la partie administrative ne m\u2019ennuie pas\u2026<\/p>\n\n\n\n<p style=\"font-size:14px\"><strong>-Travaillez-vous seule ou en collaboration avec d\u2019autres professionnels (v\u00e9t\u00e9rinaires, \u00e9ducateurs, \u00e9leveurs\u2026) ?<\/strong><br><strong>-LL&nbsp;: <\/strong>Pour l\u2019ouverture de la pension, j\u2019ai fait venir chez moi un v\u00e9t\u00e9rinaire sanitaire de la DDPP (Direction d\u00e9partementale de la protection des populations) pour valider les lieux et donc l\u2019activit\u00e9 mais aussi en cas de probl\u00e8mes avec un animal. J\u2019ai \u00e9galement rencontr\u00e9 une \u00e9ducatrice pour compl\u00e9ter la formation ACACED et avoir une meilleure compr\u00e9hension des codes comportementaux. Enfin, j\u2019ai \u00e9galement des \u00e9changes avec une personne qui a ouvert une pension pour chats ainsi que d\u2019autres propri\u00e9taires de pensions que je connais.<\/p>\n\n\n\n<p style=\"font-size:14px\"><strong>-Comment \u00e9tablissez-vous une relation de confiance avec les animaux que vous gardez&nbsp;?<\/strong><br><strong>-LL&nbsp;: <\/strong>C\u2019est assez intuitif, cela va au-del\u00e0 du langage canin ou humain. L\u2019animal le ressent. <\/p>\n\n\n<div class=\"wp-block-image\">\n<figure class=\"alignright size-large is-resized\"><img loading=\"lazy\" decoding=\"async\" width=\"1024\" height=\"993\" src=\"https:\/\/www.cma-hautsdefrance.fr\/blog\/wp-content\/uploads\/2025\/08\/IMG_20250707_132911-1-1024x993.jpg\" alt=\"\" class=\"wp-image-10573\" style=\"width:459px;height:auto\"\/><\/figure>\n<\/div>\n\n\n<p style=\"font-size:14px\"><strong>-Quelles valeurs guident votre pratique artisanale ?<\/strong><br><strong>-LL&nbsp;: <\/strong>Je suis une personne engag\u00e9e, je suis droite, honn\u00eate donc j\u2019applique cette fa\u00e7on d\u2019\u00eatre dans ma pratique. Je souhaite que les propri\u00e9taires d\u2019animaux se sentent sereins. Je m\u2019occupe de leurs animaux comme si c\u2019\u00e9tait les miens. J\u2019ai un grand respect pour les animaux et le vivant en g\u00e9n\u00e9ral.<\/p>\n\n\n\n<p style=\"font-size:14px\"><strong>-Quels conseils donneriez-vous \u00e0 une personne qui souhaite se reconvertir dans la pension canine ou le pet sitting&nbsp;?<\/strong><br><strong>-LL&nbsp;: <\/strong>Il faut ressentir vraiment de l\u2019affection pour les animaux, sinon cela ne marche pas. Il ne faut pas que la garde devienne une contrainte, je fais les choses comme j\u2019aimerais qu\u2019on le fasse pour mon animal. D\u2019ailleurs, il m\u2019est arriv\u00e9 de refuser une invitation personnelle en sachant qu\u2019un animal a besoin de ma pr\u00e9sence.<\/p>\n\n\n\n<p style=\"font-size:14px\"><strong>-Comment voyez-vous \u00e9voluer votre activit\u00e9 dans les prochaines ann\u00e9es (nouvelles tendances, bien-\u00eatre animal\u2026) et quels sont vos projets ?<\/strong><br><strong>-LL&nbsp;: <\/strong>J\u2019ai sign\u00e9 dix contrats en juillet, je suis tr\u00e8s contente car c&rsquo;est mon premier pas dans l&rsquo;entrepreneuriat. Il y a eu d\u2019ailleurs pas mal de demandes de personnes qui, au dernier moment, se sont retrouv\u00e9es coinc\u00e9es parce que certains gardiens leur ont fait faux bond et du coup, elles ont fait appel \u00e0 moi\u2026 Mais c\u2019est un travail assez saisonnier, donc je pense \u00e0 d\u00e9velopper d\u2019autres activit\u00e9s autour de l\u2019animal, une formation \u00e0 la kin\u00e9siologie (qui aide l\u2019animal \u00e0 retrouver un \u00e9tat d&rsquo;\u00e9quilibre physique, \u00e9motionnel et \u00e9nerg\u00e9tique). Enfin, j\u2019ai un projet de boutique en ligne pour chien et chat.<\/p>\n\n\n\n<p style=\"font-size:14px\"><em>Cr\u00e9dit photos DR LL\/CMA HDF<\/em><em><\/em><\/p>\n\n\n\n<p style=\"font-size:14px\">Contact : La Maison de Jazz\/pension canine familiale et visite de chats \u00e0 domicile<br>06 68 73 76 55<br>lamaisondejazz@gmail.com<br><a href=\"https:\/\/www.facebook.com\/people\/La-Maison-de-Jazz\/61577183715533\/\" class=\"broken_link\" rel=\"nofollow noopener\">La Maison de Jazz | Roubaix | Facebook<\/a><br>Instagram\u00a0: lamaisondejazz<br>Roubaix, Secteur Barbieux Villa Cavrois<\/p>\n\n\n\n<p><\/p>\n\n\n","protected":false},"excerpt":{"rendered":"<p><span class=\"rt-reading-time\" style=\"display: block;\"><span class=\"rt-label rt-prefix\">Temps de lecture\u00a0: <\/span> <span class=\"rt-time\">4<\/span> <span class=\"rt-label rt-postfix\">minutes<\/span><\/span> Derri\u00e8re chaque grande aventure se cache souvent une histoire de c\u0153ur. Comme celle qui unissait Leslie Luppino et Jazz, son chien ador\u00e9, d\u00e9c\u00e9d\u00e9 brutalement en f\u00e9vrier dernier. De ce lien unique est n\u00e9e l\u2019envie de cr\u00e9er un lieu o\u00f9 chaque [&hellip;]<\/p>\n","protected":false},"author":20,"featured_media":10571,"comment_status":"closed","ping_status":"open","sticky":false,"template":"","format":"standard","meta":{"footnotes":""},"categories":[111,28,6,8],"tags":[71,73,63,91,282,141,283],"class_list":["post-10565","post","type-post","status-publish","format-standard","has-post-thumbnail","hentry","category-a-la-une","category-actu-nord","category-actualites","category-histoires-artisans","tag-artisan","tag-artisanat","tag-hauts-de-france","tag-interview","tag-pension-canine","tag-reconversion","tag-roubaix"],"_links":{"self":[{"href":"https:\/\/www.cma-hautsdefrance.fr\/blog\/wp-json\/wp\/v2\/posts\/10565","targetHints":{"allow":["GET"]}}],"collection":[{"href":"https:\/\/www.cma-hautsdefrance.fr\/blog\/wp-json\/wp\/v2\/posts"}],"about":[{"href":"https:\/\/www.cma-hautsdefrance.fr\/blog\/wp-json\/wp\/v2\/types\/post"}],"author":[{"embeddable":true,"href":"https:\/\/www.cma-hautsdefrance.fr\/blog\/wp-json\/wp\/v2\/users\/20"}],"replies":[{"embeddable":true,"href":"https:\/\/www.cma-hautsdefrance.fr\/blog\/wp-json\/wp\/v2\/comments?post=10565"}],"version-history":[{"count":8,"href":"https:\/\/www.cma-hautsdefrance.fr\/blog\/wp-json\/wp\/v2\/posts\/10565\/revisions"}],"predecessor-version":[{"id":10579,"href":"https:\/\/www.cma-hautsdefrance.fr\/blog\/wp-json\/wp\/v2\/posts\/10565\/revisions\/10579"}],"wp:featuredmedia":[{"embeddable":true,"href":"https:\/\/www.cma-hautsdefrance.fr\/blog\/wp-json\/wp\/v2\/media\/10571"}],"wp:attachment":[{"href":"https:\/\/www.cma-hautsdefrance.fr\/blog\/wp-json\/wp\/v2\/media?parent=10565"}],"wp:term":[{"taxonomy":"category","embeddable":true,"href":"https:\/\/www.cma-hautsdefrance.fr\/blog\/wp-json\/wp\/v2\/categories?post=10565"},{"taxonomy":"post_tag","embeddable":true,"href":"https:\/\/www.cma-hautsdefrance.fr\/blog\/wp-json\/wp\/v2\/tags?post=10565"}],"curies":[{"name":"wp","href":"https:\/\/api.w.org\/{rel}","templated":true}]}}