{"id":10599,"date":"2025-09-12T09:00:00","date_gmt":"2025-09-12T07:00:00","guid":{"rendered":"https:\/\/www.cma-hautsdefrance.fr\/blog\/?p=10599"},"modified":"2025-09-11T17:25:06","modified_gmt":"2025-09-11T15:25:06","slug":"le-label-epv-ce-gardien-des-metiers-dart-encore-trop-discret","status":"publish","type":"post","link":"https:\/\/www.cma-hautsdefrance.fr\/blog\/actualites\/le-label-epv-ce-gardien-des-metiers-dart-encore-trop-discret\/","title":{"rendered":"Le label EPV, ce gardien des m\u00e9tiers d\u2019art encore trop discret"},"content":{"rendered":"<span class=\"rt-reading-time\" style=\"display: block;\"><span class=\"rt-label rt-prefix\">Temps de lecture\u00a0: <\/span> <span class=\"rt-time\">5<\/span> <span class=\"rt-label rt-postfix\">minutes<\/span><\/span>\n<p class=\"has-medium-font-size\"><strong>Fabricants de brosses, de boutons, verriers, \u00e9b\u00e9nistes, tisserands\u2026 Le label d\u2019Etat Entreprise du Patrimoine Vivant (EPV) participe \u00e0 la pr\u00e9servation de ces m\u00e9tiers devenus rares, en distinguant des entreprises fran\u00e7aises d\u2019exception. Dans les Hauts-de-France, territoire riche d\u2019une histoire industrielle et artisanale s\u00e9culaire, depuis 2019, ce label met en lumi\u00e8re des ateliers et entreprises qui perp\u00e9tuent des techniques rares tout en cherchant \u00e0 se r\u00e9inventer. Certaines de ces entreprises labellis\u00e9es seront pr\u00e9sentes au Salon international des m\u00e9tiers d\u2019art (SIMA) 2025 organis\u00e9 par la CMA HDF \u00e0 Li\u00e9vin, du 10 au 12 octobre prochain. Claire Bricout, tr\u00e9sori\u00e8re du r\u00e9seau Excellence EPV des Hauts-de-France, nous en dit plus sur le fonctionnement de cette distinction d\u2019Etat prestigieuse, qui, selon elle, est encore trop m\u00e9connue \u2026<\/strong><\/p>\n\n\n\n<p style=\"font-size:14px\"><strong>&#8211; Que signifie le label EPV&nbsp;?<br>&#8211; Claire Bricout&nbsp;: <\/strong>Le label Entreprise du patrimoine vivant (EPV) est un r\u00e9seau d\u2019excellence, n\u00e9 en 2005 \u00e0 l\u2019initiative du minist\u00e8re de l\u2019\u00e9conomie et des finances, donc de l\u2019Etat et qui distingue les entreprises fran\u00e7aises aux savoir-faire artisanaux et industriels d\u2019excellence.<\/p>\n\n\n\n<p style=\"font-size:14px\"><strong>-Comment fonctionne-t-il&nbsp;?<\/strong><br><strong>-CB&nbsp;:<\/strong> Le label EPV \u00e9tait g\u00e9r\u00e9 par l&rsquo;Institut des savoir-faire fran\u00e7ais (ISFF), ex Institut national des m\u00e9tiers d&rsquo;art (INMA) jusqu&rsquo;en avril 2024. Depuis cette date, l\u2019\u00c9tat a confi\u00e9 la gestion du label EPV \u00e0 la Soci\u00e9t\u00e9 g\u00e9n\u00e9rale de surveillance (SGS). Les entreprises doivent \u00eatre reconnues par un comit\u00e9 d\u2019experts, le lien se fait via la SGS et la DGE (Direction g\u00e9n\u00e9rale des entreprises) qui donnent leur accord. Ce label est rattach\u00e9 au minist\u00e8re de l\u2019\u00c9conomie et des Finances et est d\u00e9cern\u00e9 par le pr\u00e9fet de la r\u00e9gion.<\/p>\n\n\n<div class=\"wp-block-image\">\n<figure class=\"alignleft size-full is-resized\"><img loading=\"lazy\" decoding=\"async\" width=\"1170\" height=\"1216\" src=\"https:\/\/www.cma-hautsdefrance.fr\/blog\/wp-content\/uploads\/2025\/09\/thumbnail_IMG_0172.png\" alt=\"\" class=\"wp-image-10613\" style=\"width:316px;height:auto\"\/><\/figure>\n<\/div>\n\n\n<p style=\"font-size:14px\"><strong>-Quelle est sa date de cr\u00e9ation dans les Hauts-de-France&nbsp;?<\/strong><br><strong>&#8211; CB&nbsp;: <\/strong>Le label Entreprise du Patrimoine Vivant (EPV) existe depuis 2019 dans les Hauts-de-France. D\u00e9sormais structur\u00e9 en une f\u00e9d\u00e9ration nationale (R\u00e9seau Excellence EPV) qui r\u00e9unit 12 associations r\u00e9gionales, le label EPV travaille \u00e0 tisser des liens avec les diff\u00e9rentes organisations pour d\u00e9velopper des projets communs.<\/p>\n\n\n\n<p style=\"font-size:14px\"><strong>&#8211; Comment est structur\u00e9 le r\u00e9seau r\u00e9gional ?<br>&#8211; CB&nbsp;: <\/strong>Le si\u00e8ge est \u00e0 Lille, nous sommes cinq, un pr\u00e9sident (M. Bruno Toulemonde), un vice-pr\u00e9sident (M. Max Vandermarli\u00e8re,) un secr\u00e9taire g\u00e9n\u00e9ral (M. Fabrice Bricout), un secr\u00e9taire g\u00e9n\u00e9ral adjoint (M. Marc-Antoine Kerkhof) et une tr\u00e9sori\u00e8re (moi-m\u00eame). Nous \u0153uvrons dans toute la r\u00e9gion Hauts-de-France.<\/p>\n\n\n<div class=\"wp-block-image\">\n<figure class=\"alignright size-large is-resized\"><img loading=\"lazy\" decoding=\"async\" width=\"683\" height=\"1024\" src=\"https:\/\/www.cma-hautsdefrance.fr\/blog\/wp-content\/uploads\/2025\/09\/verre-683x1024.webp\" alt=\"\" class=\"wp-image-10609\" style=\"width:295px;height:auto\"\/><\/figure>\n<\/div>\n\n\n<p style=\"font-size:14px\"><strong>-Combien d\u2019entreprises adh\u00e9rentes comptez-vous actuellement sur le territoire ?<\/strong><br><strong>&#8211; CB&nbsp;: <\/strong>Nous comptons aujourd\u2019hui 62 entreprises qui ont re\u00e7u le label EPV dont 24 qui adh\u00e8rent au R\u00e9seau Excellence.<\/p>\n\n\n\n<p style=\"font-size:14px\"><strong>&#8211; Quels b\u00e9n\u00e9fices principaux vos adh\u00e9rents retirent-ils de leur adh\u00e9sion au r\u00e9seau Excellence EPV ?<br>&#8211; CB\u00a0: <\/strong>Le label EPV peut apporter une m\u00e9diatisation nationale, voire internationale \u00e0 une activit\u00e9 artisanale ou reconnue comme rare, favoriser son d\u00e9veloppement et s\u2019accompagner d\u2019un r\u00e9gime fiscal avantageux (plafonn\u00e9 \u00e0 30 000 euros par an et par entreprise). Le montant de l\u2019adh\u00e9sion annuelle est calcul\u00e9 en fonction du chiffre d\u2019affaires de l\u2019entreprise. Le label est attribu\u00e9 pour une dur\u00e9e de cinq ans, renouvelable, apr\u00e8s une s\u00e9lection rigoureuse des candidats. Le label EPV donne aussi un nouvel \u00e9lan aux entreprises, dont certaines\u00a0reviennent ainsi dans la lumi\u00e8re\u2026<br><strong><br>&#8211; Quelles sont vos principales actions pour valoriser les entreprises EPV de la r\u00e9gion ?<br>&#8211; CB\u00a0: <\/strong>Nous participons aux actions des associations r\u00e9gionales poursuivant les m\u00eames buts, nous nous effor\u00e7ons de r\u00e9pondre aux besoins\/ difficult\u00e9s des entreprises \u00e0 des initiatives de sauvegarde, de conservation et de transmission des savoir-faire rares artisanaux et industriels d\u2019excellence de la r\u00e9gion Hauts-de-France. En termes d\u2019actions, nous intervenons sur les salons professionnels majeurs, \u00e0 des journ\u00e9es portes ouvertes d\u2019ateliers, ainsi que par un appui \u00e0 l\u2019export. Je pense notamment \u00e0 l\u2019accompagnement de la clouterie Rivierre, un fleuron de l\u2019Oise, labellis\u00e9 EPV, lors des visites qu\u2019elle organise pour faire connaitre son histoire. C&rsquo;est aujourd&rsquo;hui la derni\u00e8re usine \u00e0 clous forg\u00e9s, encore en activit\u00e9 en France. Avec un parc de 325 machines centenaires, elle perp\u00e9tue des savoir-faire uniques.<br>Il y aussi la cristallerie Arc \u00e0 Arques, huiti\u00e8me site industriel fran\u00e7ais par les effectifs, avec 4 500 personnes sur le seul site d\u2019Arques, dans le Pas-de-Calais. L\u2019entreprise a re\u00e7u le label EPV en 2023 et nous avons organis\u00e9 ensemble la journ\u00e9e \u00ab\u00a0D\u00e9couverte des savoir-faire verriers\u00a0\u00bb.<\/p>\n\n\n<div class=\"wp-block-image\">\n<figure class=\"alignleft size-large is-resized\"><img loading=\"lazy\" decoding=\"async\" width=\"1024\" height=\"683\" src=\"https:\/\/www.cma-hautsdefrance.fr\/blog\/wp-content\/uploads\/2025\/09\/DSC_5955-1024x683.jpg\" alt=\"\" class=\"wp-image-10611\" style=\"width:444px;height:auto\"\/><\/figure>\n<\/div>\n\n\n<p style=\"font-size:14px\"><strong>-Dans quels secteurs d\u2019activit\u00e9 se r\u00e9partissent-elles&nbsp;principalement dans les Hauts-de-France ?<\/strong><br><strong>&#8211; CB&nbsp;: <\/strong>Dans la r\u00e9gion, nous retrouvons historiquement beaucoup d\u2019entreprises labellis\u00e9es, dans le textile, la pierre, la sculpture et le verre. Mais sur tout le territoire national, le label rassemble dans des domaines \u00e0 r\u00e9sonnance forte, dans lesquels la France b\u00e9n\u00e9ficie d\u2019une solide reconnaissance : mode et luxe, d\u00e9coration, art de vivre, gastronomie, patrimoine. L\u2019objectif de ce label est aussi de promouvoir le bien commun. Nous regrettons toutefois que les entreprises ne soient pas plus nombreuses \u00e0 vouloir y adh\u00e9rer, souvent par manque de temps.<\/p>\n\n\n<div class=\"wp-block-image\">\n<figure class=\"alignright size-large is-resized\"><img loading=\"lazy\" decoding=\"async\" width=\"683\" height=\"1024\" src=\"https:\/\/www.cma-hautsdefrance.fr\/blog\/wp-content\/uploads\/2025\/09\/Margot_Atelier_Polissage4-683x1024.webp\" alt=\"\" class=\"wp-image-10610\" style=\"width:291px;height:auto\"\/><\/figure>\n<\/div>\n\n\n<p style=\"font-size:14px\"><strong>&#8211; Avez-vous mis en place des collaborations avec les institutions r\u00e9gionales\u00a0?<br>&#8211; CB\u00a0: <\/strong>Oui, nous collaborons avec la R\u00e9gion pour faire notre promotion via des tables rondes, des rencontres \u00e9conomiques, etc. Nous avons ainsi travaill\u00e9 ensemble sur l\u2019anniversaire du label EPV \u00ab\u00a020 jours pour c\u00e9l\u00e9brer 20 ans\u00a0!\u00bb. Nous collaborons \u00e9videmment efficacement depuis nos d\u00e9buts avec la CMA HDF ainsi qu\u2019avec la CCI HDF. Nous serons pr\u00e9sents encore cette ann\u00e9e au Salon International des M\u00e9tiers d\u2019Art (SIMA), du 10 au 12 octobre 2025 \u00e0 Li\u00e9vin.<br><br><strong>&#8211; Quelles sont vos objectifs\u00a0?<\/strong><br><strong>&#8211; CB\u00a0: <\/strong>Le label EPV nous a permis d\u2019entamer une importante collaboration avec le Mobilier National\/ Les Gobelins pour valoriser davantage nos savoir-faire d\u2019exception, par exemple en r\u00e9am\u00e9nageant des ambassades fran\u00e7aises \u00e0 l\u2019\u00e9tranger avec des entreprises d\u2019excellence labellis\u00e9es EPV. <br>Toutefois, nous cherchons toujours \u00e0<em> <\/em>d\u00e9velopper notre visibilit\u00e9 aupr\u00e8s du grand public, avec notamment davantage de mobilisation autour du bien commun. Nous avons aussi le projet de travailler sur l\u2019uniformisation de notre site r\u00e9gional et notre charte graphique. Nous devons \u00e9galement recr\u00e9er des rencontres avec nos partenaires \u2026 Je r\u00eave d\u2019un rendez-vous annuel, un salon EPV Hauts-de-France, en collaboration avec les chambres consulaires (sourire) \u2026<\/p>\n\n\n\n<p style=\"font-size:14px\"><em>Cr\u00e9dit photos DR R\u00e9seau Excellence EPV Hauts-de-France<\/em><\/p>\n\n\n\n<p style=\"font-size:14px\"><strong>Pour en savoir plus\u00a0:<\/strong><br><strong>R\u00e9seau Excellence EPV Hauts-de-France<br>27 rue Esquermoise<br>Lille<\/strong><br><strong>contact@epvhautsdefrance<\/strong><br><a href=\"https:\/\/www.institut-savoirfaire.fr\/epv\" rel=\"nofollow noopener\">https:\/\/www.institut-savoirfaire.fr\/epv<\/a><br><a href=\"https:\/\/www.reseauexcellence.fr\/fr\/lassociation\/reseau-excellence-en-france\/hauts-de-france\" rel=\"nofollow noopener\">https:\/\/www.reseauexcellence.fr\/fr\/lassociation\/reseau-excellence-en-france\/hauts-de-france<\/a><br><a href=\"https:\/\/www.instagram.com\/reseauexcellence_epv_hdf\" rel=\"nofollow noopener\">https:\/\/www.instagram.com\/reseauexcellence_epv_hdf<\/a><br><a href=\"https:\/\/www.youtube.com\/@entreprisedupatrimoineviva9478\" rel=\"nofollow noopener\">https:\/\/www.youtube.com\/@entreprisedupatrimoineviva9478<\/a><br><a href=\"https:\/\/www.facebook.com\/p\/R%C3%A9seau-Excellence-EPV-Hauts-de-France-61568291625829\" class=\"broken_link\" rel=\"nofollow noopener\">https:\/\/www.facebook.com\/p\/R%C3%A9seau-Excellence-EPV-Hauts-de-France-61568291625829<\/a><\/p>\n\n\n\n<p style=\"font-size:14px\"><strong>Un stand EPV et des entreprises labellis\u00e9es seront pr\u00e9sents au Salon international des m\u00e9tiers d\u2019art (SIMA) 2025 organis\u00e9 par la CMA HDF \u00e0 Li\u00e9vin, du 10 au 12 octobre prochain.<\/strong><\/p>\n\n\n\n<p style=\"font-size:14px\"><\/p>\n","protected":false},"excerpt":{"rendered":"<p><span class=\"rt-reading-time\" style=\"display: block;\"><span class=\"rt-label rt-prefix\">Temps de lecture\u00a0: <\/span> <span class=\"rt-time\">5<\/span> <span class=\"rt-label rt-postfix\">minutes<\/span><\/span> Fabricants de brosses, de boutons, verriers, \u00e9b\u00e9nistes, tisserands\u2026 Le label d\u2019Etat Entreprise du Patrimoine Vivant (EPV) participe \u00e0 la pr\u00e9servation de ces m\u00e9tiers devenus rares, en distinguant des entreprises fran\u00e7aises d\u2019exception. Dans les Hauts-de-France, territoire riche d\u2019une histoire industrielle et [&hellip;]<\/p>\n","protected":false},"author":20,"featured_media":10618,"comment_status":"closed","ping_status":"open","sticky":false,"template":"","format":"standard","meta":{"footnotes":""},"categories":[111,6,57],"tags":[73,168,288,285,284,286,289,287],"class_list":["post-10599","post","type-post","status-publish","format-standard","has-post-thumbnail","hentry","category-a-la-une","category-actualites","category-ateliers-des-savoirs","tag-artisanat","tag-artisanat-dart","tag-artisans-dart","tag-entreprise-du-patrimoine-vivant","tag-epv","tag-excellence-de-lartisanat-dart","tag-label-epv","tag-reseau-excellence-epv"],"_links":{"self":[{"href":"https:\/\/www.cma-hautsdefrance.fr\/blog\/wp-json\/wp\/v2\/posts\/10599","targetHints":{"allow":["GET"]}}],"collection":[{"href":"https:\/\/www.cma-hautsdefrance.fr\/blog\/wp-json\/wp\/v2\/posts"}],"about":[{"href":"https:\/\/www.cma-hautsdefrance.fr\/blog\/wp-json\/wp\/v2\/types\/post"}],"author":[{"embeddable":true,"href":"https:\/\/www.cma-hautsdefrance.fr\/blog\/wp-json\/wp\/v2\/users\/20"}],"replies":[{"embeddable":true,"href":"https:\/\/www.cma-hautsdefrance.fr\/blog\/wp-json\/wp\/v2\/comments?post=10599"}],"version-history":[{"count":4,"href":"https:\/\/www.cma-hautsdefrance.fr\/blog\/wp-json\/wp\/v2\/posts\/10599\/revisions"}],"predecessor-version":[{"id":10617,"href":"https:\/\/www.cma-hautsdefrance.fr\/blog\/wp-json\/wp\/v2\/posts\/10599\/revisions\/10617"}],"wp:featuredmedia":[{"embeddable":true,"href":"https:\/\/www.cma-hautsdefrance.fr\/blog\/wp-json\/wp\/v2\/media\/10618"}],"wp:attachment":[{"href":"https:\/\/www.cma-hautsdefrance.fr\/blog\/wp-json\/wp\/v2\/media?parent=10599"}],"wp:term":[{"taxonomy":"category","embeddable":true,"href":"https:\/\/www.cma-hautsdefrance.fr\/blog\/wp-json\/wp\/v2\/categories?post=10599"},{"taxonomy":"post_tag","embeddable":true,"href":"https:\/\/www.cma-hautsdefrance.fr\/blog\/wp-json\/wp\/v2\/tags?post=10599"}],"curies":[{"name":"wp","href":"https:\/\/api.w.org\/{rel}","templated":true}]}}