{"id":10620,"date":"2025-09-19T09:00:00","date_gmt":"2025-09-19T07:00:00","guid":{"rendered":"https:\/\/www.cma-hautsdefrance.fr\/blog\/?p=10620"},"modified":"2025-09-18T15:15:13","modified_gmt":"2025-09-18T13:15:13","slug":"la-metallerie-des-weppes-la-beaute-du-metal-pour-sublimer-le-quotidien","status":"publish","type":"post","link":"https:\/\/www.cma-hautsdefrance.fr\/blog\/histoires-artisans\/la-metallerie-des-weppes-la-beaute-du-metal-pour-sublimer-le-quotidien\/","title":{"rendered":"La M\u00e9tallerie des Weppes\u00a0: la beaut\u00e9 du m\u00e9tal pour sublimer le quotidien"},"content":{"rendered":"<span class=\"rt-reading-time\" style=\"display: block;\"><span class=\"rt-label rt-prefix\">Temps de lecture\u00a0: <\/span> <span class=\"rt-time\">3<\/span> <span class=\"rt-label rt-postfix\">minutes<\/span><\/span>\n<p class=\"has-medium-font-size\"><strong>Rencontrer Floris Duthoit, qui dirige la M\u00e9tallerie des Weppes \u00e0 Fromelles, sp\u00e9cialis\u00e9e dans la r\u00e9alisation de structures en acier, inox et aluminium, c\u2019est d\u00e9couvrir l\u2019univers du m\u00e9tal et sa transformation esth\u00e9tique en escaliers, verri\u00e8res, garde-corps ou r\u00e9alisations sur mesure. L\u2019artisan m\u00e9tallier a accept\u00e9 d\u2019\u00e9voquer son travail et l\u2019importance du m\u00e9tal, sous toutes ses formes, dans nos environnements du quotidien.<\/strong><\/p>\n\n\n\n<p style=\"font-size:14px\"><strong>-Qu\u2019est-ce qui vous a donn\u00e9 envie de choisir ce m\u00e9tier ?<br> -Floris Duthoit : <\/strong>J\u2019ai \u00e9t\u00e9 influenc\u00e9 par mon fr\u00e8re qui travaillait dans ce milieu et j\u2019ai voulu suivre ses traces.<\/p>\n\n\n\n<p style=\"font-size:14px\"><strong>-Quelle formation ou quel parcours vous a conduit \u00e0 devenir m\u00e9tallier ?<br>-FD&nbsp;: <\/strong>A partir de 14 ans, j\u2019ai fait un CAP\/BEP puis un BAC et un BTS r\u00e9alisation d\u2019ouvrages chaudronn\u00e9s et structures m\u00e9talliques au CFAI de Tourcoing. J\u2019\u00e9tais en alternance dans l\u2019entreprise o\u00f9 travaillait mon fr\u00e8re. J\u2019ai travaill\u00e9 ensuite dans la soci\u00e9t\u00e9 F\u00e9ront \u00e0 Lomme puis pour le groupe Bo\u00ebt-Stopson \u00e0 Villeneuve d\u2019Ascq et pendant une quinzaine d\u2019ann\u00e9es chez Debusschere, une entreprise de menuiserie m\u00e9tallique\/serrurerie \u00e0 Toufflers. J\u2019ai mont\u00e9 ma propre entreprise en 2023, la M\u00e9tallerie des Weppes.<\/p>\n\n\n<div class=\"wp-block-image\">\n<figure class=\"alignleft size-large is-resized\"><img loading=\"lazy\" decoding=\"async\" width=\"1024\" height=\"768\" src=\"https:\/\/www.cma-hautsdefrance.fr\/blog\/wp-content\/uploads\/2025\/09\/IMG_20240424_130219-1024x768.jpg\" alt=\"\" class=\"wp-image-10624\" style=\"width:371px;height:auto\"\/><\/figure>\n<\/div>\n\n\n<p style=\"font-size:14px\"><strong>-En quoi consiste concr\u00e8tement votre travail d\u2019artisan m\u00e9tallier au quotidien ?<br>-FD&nbsp;: <\/strong>Contrairement \u00e0 la ferronnerie qui frappe le m\u00e9tal, la m\u00e9tallerie le transforme. Nous fabriquons des structures m\u00e9talliques, des escaliers, des portails, des verri\u00e8res pour les particuliers et les entreprises. Je travaille le second \u0153uvre, en habillant les b\u00e2timents avec des escaliers, des mezzanines, des issues de secours, des volets roulants\u2026<\/p>\n\n\n\n<p style=\"font-size:14px\"><strong>-Quels types de m\u00e9taux travaillez-vous le plus souvent (acier, inox, aluminium, cuivre, etc.) ?<br>-FD&nbsp;: <\/strong>J\u2019utilise le m\u00e9tal sous toutes ses formes. Je travaille surtout l\u2019acier, un peu d\u2019inox et d\u2019aluminium.<\/p>\n\n\n\n<p style=\"font-size:14px\"><strong>-Quels outils ou machines utilisez-vous le plus fr\u00e9quemment ?<br>-FD&nbsp;: <\/strong>Nous utilisons des scies \u00e0 ruban pour couper les tubes, les perceuses \u00e0 colonnes, les poin\u00e7onneuses\u2026Pour le traitement des t\u00f4les, nous utilisons une guillotine g\u00e9ante, ensuite on plie la t\u00f4le et on la transforme.<\/p>\n\n\n<div class=\"wp-block-image\">\n<figure class=\"alignleft size-large is-resized\"><img loading=\"lazy\" decoding=\"async\" width=\"1024\" height=\"1024\" src=\"https:\/\/www.cma-hautsdefrance.fr\/blog\/wp-content\/uploads\/2025\/09\/1640713560836-1024x1024.jpg\" alt=\"\" class=\"wp-image-10626\" style=\"width:259px;height:auto\"\/><\/figure>\n<\/div>\n\n\n<p style=\"font-size:14px\"><strong>-Quelles sont les principales \u00e9tapes de r\u00e9alisation d\u2019une pi\u00e8ce, de la conception \u00e0 la finition ?<br>-FD&nbsp;:<\/strong> Nous avons d\u2019abord une approche avec un architecte, avec le client, puis on r\u00e9alise et on pose. Nous faisons aussi des notes de calcul pour d\u00e9terminer les sections par exemple quand nous faisons du renforcement de charpentes.<br>Apr\u00e8s avoir \u00e9t\u00e9 travaill\u00e9, le m\u00e9tal est peint ou galvanis\u00e9 (tremp\u00e9 dans un bain en fusion de zinc) et trait\u00e9 \u00e9poxy (anti-corrosion).<\/p>\n\n\n<div class=\"wp-block-image\">\n<figure class=\"alignright size-large is-resized\"><img loading=\"lazy\" decoding=\"async\" width=\"1024\" height=\"768\" src=\"https:\/\/www.cma-hautsdefrance.fr\/blog\/wp-content\/uploads\/2025\/09\/IMG_20241128_134305-1024x768.jpg\" alt=\"\" class=\"wp-image-10625\" style=\"width:335px;height:auto\"\/><\/figure>\n<\/div>\n\n\n<p style=\"font-size:14px\"><strong>-Le m\u00e9tier a-t-il beaucoup \u00e9volu\u00e9 depuis vos d\u00e9buts ?<br>-FD&nbsp;: <\/strong>Les machines, comme les postes \u00e0 souder par exemple, ont beaucoup \u00e9volu\u00e9 c\u2019est s\u00fbr\u2026 La d\u00e9coupe laser est \u00e9galement bien plus rapide. Tout doit aller beaucoup plus vite, pour \u00eatre plus rentable. Il y a aussi un effet mode du m\u00e9tal avec les architectes. Nous faisons moins de ferronnerie, moins de bois. C\u2019est moins noble mais c\u2019est aussi plus cher.<\/p>\n\n\n\n<p style=\"font-size:14px\"><strong>-Quels types d\u2019ouvrages r\u00e9alisez-vous le plus souvent (escaliers, garde-corps, portails, mobilier, d\u00e9coration, etc.) ?<br>-FD&nbsp;: <\/strong>Nous r\u00e9alisons beaucoup d\u2019escaliers, de portails, de verri\u00e8res\u2026 ces derni\u00e8res sont tr\u00e8s tendances, les restaurateurs en veulent tous&nbsp;! (Sourire)<\/p>\n\n\n\n<p style=\"font-size:14px\"><strong>-Quelles qualit\u00e9s faut-il, selon vous, pour \u00eatre un bon artisan m\u00e9tallier ?<br>-FD&nbsp;: <\/strong>Il faut une bonne formation, avoir un sens esth\u00e9tique, \u00eatre pr\u00e9cis, attentif\u2026 L\u2019acier laisse des traces, c\u2019est moins propre que le bois par exemple, donc il faut savoir le meuler correctement, le travailler sans le d\u00e9naturer, notamment afin que le traitement \u00e0 l\u2019\u00e9poxy ne soit pas visible. On porte aussi des charges, beaucoup de mat\u00e9riel, donc il est pr\u00e9f\u00e9rable d\u2019\u00eatre un peu costaud (sourire)&#8230;<\/p>\n\n\n\n<p style=\"font-size:14px\"><strong>-Souhaitez-vous transmettre votre savoir-faire ?<br>-FD&nbsp;: <\/strong>Oui bien s\u00fbr mais pas tout de suite.<\/p>\n\n\n\n<p style=\"font-size:14px\"><strong>-Avez-vous un projet ?<br>-FD&nbsp;: <\/strong>Que mon entreprise continue \u00e0 tourner\u2026C\u2019est mon souhait.<\/p>\n\n\n\n<p style=\"font-size:14px\"><em>Cr\u00e9dit photos DR FD<\/em><\/p>\n\n\n\n<p style=\"font-size:14px\"><strong>M\u00e9tallerie des Weppes<\/strong><br><strong>2 route d\u2019Aubers<br>59249 Fromelles<br>06.74.91.49.02<\/strong><br><a href=\"https:\/\/www.metalleriedesweppes.fr\" rel=\"nofollow noopener\">https:\/\/www.metalleriedesweppes.fr<\/a><\/p>\n\n\n\n<p><\/p>\n","protected":false},"excerpt":{"rendered":"<p><span class=\"rt-reading-time\" style=\"display: block;\"><span class=\"rt-label rt-prefix\">Temps de lecture\u00a0: <\/span> <span class=\"rt-time\">3<\/span> <span class=\"rt-label rt-postfix\">minutes<\/span><\/span> Rencontrer Floris Duthoit, qui dirige la M\u00e9tallerie des Weppes \u00e0 Fromelles, sp\u00e9cialis\u00e9e dans la r\u00e9alisation de structures en acier, inox et aluminium, c\u2019est d\u00e9couvrir l\u2019univers du m\u00e9tal et sa transformation esth\u00e9tique en escaliers, verri\u00e8res, garde-corps ou r\u00e9alisations sur mesure. L\u2019artisan [&hellip;]<\/p>\n","protected":false},"author":20,"featured_media":10628,"comment_status":"closed","ping_status":"open","sticky":false,"template":"","format":"standard","meta":{"footnotes":""},"categories":[111,28,8],"tags":[71,290,73,63],"class_list":["post-10620","post","type-post","status-publish","format-standard","has-post-thumbnail","hentry","category-a-la-une","category-actu-nord","category-histoires-artisans","tag-artisan","tag-artisan-metallier","tag-artisanat","tag-hauts-de-france"],"_links":{"self":[{"href":"https:\/\/www.cma-hautsdefrance.fr\/blog\/wp-json\/wp\/v2\/posts\/10620","targetHints":{"allow":["GET"]}}],"collection":[{"href":"https:\/\/www.cma-hautsdefrance.fr\/blog\/wp-json\/wp\/v2\/posts"}],"about":[{"href":"https:\/\/www.cma-hautsdefrance.fr\/blog\/wp-json\/wp\/v2\/types\/post"}],"author":[{"embeddable":true,"href":"https:\/\/www.cma-hautsdefrance.fr\/blog\/wp-json\/wp\/v2\/users\/20"}],"replies":[{"embeddable":true,"href":"https:\/\/www.cma-hautsdefrance.fr\/blog\/wp-json\/wp\/v2\/comments?post=10620"}],"version-history":[{"count":1,"href":"https:\/\/www.cma-hautsdefrance.fr\/blog\/wp-json\/wp\/v2\/posts\/10620\/revisions"}],"predecessor-version":[{"id":10627,"href":"https:\/\/www.cma-hautsdefrance.fr\/blog\/wp-json\/wp\/v2\/posts\/10620\/revisions\/10627"}],"wp:featuredmedia":[{"embeddable":true,"href":"https:\/\/www.cma-hautsdefrance.fr\/blog\/wp-json\/wp\/v2\/media\/10628"}],"wp:attachment":[{"href":"https:\/\/www.cma-hautsdefrance.fr\/blog\/wp-json\/wp\/v2\/media?parent=10620"}],"wp:term":[{"taxonomy":"category","embeddable":true,"href":"https:\/\/www.cma-hautsdefrance.fr\/blog\/wp-json\/wp\/v2\/categories?post=10620"},{"taxonomy":"post_tag","embeddable":true,"href":"https:\/\/www.cma-hautsdefrance.fr\/blog\/wp-json\/wp\/v2\/tags?post=10620"}],"curies":[{"name":"wp","href":"https:\/\/api.w.org\/{rel}","templated":true}]}}