{"id":10711,"date":"2025-12-12T09:00:00","date_gmt":"2025-12-12T08:00:00","guid":{"rendered":"https:\/\/www.cma-hautsdefrance.fr\/blog\/?p=10711"},"modified":"2025-12-09T14:52:38","modified_gmt":"2025-12-09T13:52:38","slug":"stephane-galerneau-president-dateliers-dart-de-france-les-metiers-dart-sont-des-couteaux-suisses-qui-ont-toujours-su-sadapter-a-leur-temps","status":"publish","type":"post","link":"https:\/\/www.cma-hautsdefrance.fr\/blog\/actualites\/stephane-galerneau-president-dateliers-dart-de-france-les-metiers-dart-sont-des-couteaux-suisses-qui-ont-toujours-su-sadapter-a-leur-temps\/","title":{"rendered":"St\u00e9phane Galerneau, pr\u00e9sident d\u2019Ateliers d\u2019Art de France : \u00ab Les m\u00e9tiers d\u2019art sont des couteaux suisses qui ont toujours su s\u2019adapter \u00e0 leur temps.\u00a0\u00bb"},"content":{"rendered":"<span class=\"rt-reading-time\" style=\"display: block;\"><span class=\"rt-label rt-prefix\">Temps de lecture\u00a0: <\/span> <span class=\"rt-time\">7<\/span> <span class=\"rt-label rt-postfix\">minutes<\/span><\/span>\n<p class=\"has-medium-font-size\"><strong>Dans un monde o\u00f9 tout s\u2019acc\u00e9l\u00e8re, les m\u00e9tiers d\u2019art demeurent des phares silencieux, porteurs d\u2019une m\u00e9moire fa\u00e7onn\u00e9e par le temps. \u00c0 la t\u00eate d\u2019Ateliers d\u2019Art de France, St\u00e9phane Galerneau -venu d\u00e9couvrir le SIMA \u00e0 Li\u00e9vin, pour la premi\u00e8re fois le 10 octobre dernier- rappelle que ces savoir-faire, loin d\u2019\u00eatre fig\u00e9s, ont toujours su \u00e9voluer avec leur \u00e9poque. Alors que plus de 6 000 cr\u00e9ateurs, sur le territoire national, \u0153uvrent chaque jour \u00e0 pr\u00e9server et r\u00e9inventer ce patrimoine immat\u00e9riel, leur pr\u00e9sident s\u2019attache \u00e0 d\u00e9fendre un secteur aussi riche que fragile, bouscul\u00e9 par de nouveaux enjeux : d\u00e9veloppement durable, mutations soci\u00e9tales, mais aussi arriv\u00e9e fulgurante de l\u2019intelligence artificielle. Autant de d\u00e9fis qui, selon lui, ne menacent pas ces m\u00e9tiers d\u2019exception, mais pourraient bien en redessiner les contours, voire ouvrir la voie \u00e0 de nouvelles formes de cr\u00e9ation.<\/strong><\/p>\n\n\n\n<p style=\"font-size:14px\"><strong>-Pouvez-vous rappeler votre parcours et la nature de votre fonction \u00e0 Ateliers d\u2019Art de France&nbsp;?<\/strong><br><strong>&#8211; St\u00e9phane Galerneau&nbsp;: <\/strong>J\u2019ai une formation d\u2019architecte d\u2019int\u00e9rieur, designer, j\u2019ai travaill\u00e9 en tant que directeur artistique pour notamment de grandes maisons puis j\u2019ai mont\u00e9 une fonderie d\u2019art, Cr\u00e9ations Galant, \u00e0 Nouaill\u00e9-Maupertuis, dans la Vienne en 2006, qui est toujours en activit\u00e9. Je suis pr\u00e9sident depuis trois ans d\u2019Atelier d\u2019Art de France (mon mandat vient tout juste d\u2019\u00eatre renouvel\u00e9), un syndicat professionnel f\u00e9d\u00e9rant plus de 6 000 artisans et qui organise, par ailleurs, des salons.<\/p>\n\n\n\n<p style=\"font-size:14px\"><strong>-Quel est le r\u00f4le d\u2019Ateliers d\u2019Art de France&nbsp;?<\/strong><br><strong>&#8211; SG&nbsp;: <\/strong>Ateliers d\u2019Art de France s\u2019occupe des m\u00e9tiers d\u2019art de la cr\u00e9ation ainsi que de ceux du patrimoine et aide 250 manifestations sur le territoire fran\u00e7ais. Nous organisons des \u00e9v\u00e8nements internationaux tels que Maison &amp; Objet, l\u2019un des plus gros salons mondiaux de d\u00e9coration (deux sessions en septembre et janvier), le salon R\u00e9v\u00e9lations, une biennale qui a lieu au Grand Palais et le Salon International du Patrimoine Culturel qui se d\u00e9roule au Carrousel du Louvre chaque ann\u00e9e fin octobre. L\u2019id\u00e9e est \u00e9galement de conclure des partenariats hors de France, comme nous l\u2019avons fait pour le salon R\u00e9v\u00e9lations, avec la Chine, puis le Qu\u00e9bec.<\/p>\n\n\n<div class=\"wp-block-image\">\n<figure class=\"alignleft size-large is-resized\"><img loading=\"lazy\" decoding=\"async\" width=\"768\" height=\"1024\" src=\"https:\/\/www.cma-hautsdefrance.fr\/blog\/wp-content\/uploads\/2025\/12\/IMG_0287-768x1024.jpg\" alt=\"\" class=\"wp-image-10717\" style=\"width:356px;height:auto\"\/><\/figure>\n<\/div>\n\n\n<p style=\"font-size:14px\"><strong>-Vous n\u2019\u00e9tiez jamais venu au SIMA, qu\u2019attendiez-vous en venant ici&nbsp;?<br>-SG&nbsp;: <\/strong>Je n\u2019\u00e9tais effectivement jamais venu au SIMA (sourire) m\u00eame si je connais de nom et de r\u00e9putation votre salon. J\u2019ai re\u00e7u un coup de t\u00e9l\u00e9phone de votre pr\u00e9sident (Laurent Rigaud, Ndlr) qui m\u2019a invit\u00e9 \u00e0 venir vous rendre visite pour d\u00e9couvrir le SIMA.<br>L\u2019objectif du syndicat Ateliers d\u2019Art de France est de tout faire pour que ses adh\u00e9rents gagnent leur vie en vendant leurs pi\u00e8ces et cr\u00e9ations, donc ces \u00e9v\u00e8nements sont susceptibles de les int\u00e9resser. L\u2019int\u00e9r\u00eat est aussi de bien connaitre les collectivit\u00e9s et divers \u00e9tablissements, mettre en \u0153uvre et mutualiser nos r\u00e9seaux. C\u2019est cela qui fait notre force pour d\u00e9velopper et faire grandir les m\u00e9tiers d\u2019art. C\u2019est aussi un moment de partage et je suis aussi venu d\u00e9couvrir le SIMA pour cela. C\u2019est un tr\u00e8s beau rendez-vous, une opportunit\u00e9 pour les artisans d\u2019art et aussi une nouveaut\u00e9 puisque cette \u00e9dition est in\u00e9dite par le lieu (l\u2019\u00e9dition s\u2019est d\u00e9roul\u00e9e pour la premi\u00e8re fois \u00e0 l\u2019Ar\u00e9na stade couvert de Li\u00e9vin en 2025, Ndlr). La diversit\u00e9 des profils est \u00e9galement tr\u00e8s int\u00e9ressante tout comme la pr\u00e9sence des \u00e9l\u00e8ves des \u00e9coles qui visitent le salon, mais aussi des apprentis qui r\u00e9alisent des d\u00e9monstrations. Tout cela apporte de la vie au salon. C\u2019est aussi une fa\u00e7on de montrer ce qu\u2019on est capable de faire, c\u2019est un combat quotidien. Si nous parvenons \u00e0 \u00ab&nbsp;b\u00e2tir ce pont&nbsp;\u00bb et montrer que nous conservons et restaurons ce patrimoine pour qu\u2019il perdure, c\u2019est formidable. Donc, la sensibilisation est tr\u00e8s importante.<\/p>\n\n\n\n<p style=\"font-size:14px\"><strong>-Cela fait partie des d\u00e9fis auxquels les artisans d\u2019art doivent faire face aujourd\u2019hui, selon vous&nbsp;?<\/strong><br><strong>-SG&nbsp;: <\/strong>Oui, c\u2019est un vrai combat \u00ab&nbsp;syndical&nbsp;\u00bb (sourire), il faut sensibiliser et conserver la transmission. On a classifi\u00e9 ces professions en m\u00e9tiers \u00ab&nbsp;rares&nbsp;\u00bb ou \u00ab&nbsp;orphelins&nbsp;\u00bb car effectivement il y a beaucoup plus de monde dans les CFA, dans des fili\u00e8res boulangerie, charcuterie ou m\u00e9tiers de la restauration par exemple. En revanche la visibilit\u00e9 est beaucoup moins grande, notamment lorsqu\u2019 il s\u2019agit de gagner sa vie en \u00e9tant forgeron ou m\u00eame \u00e9b\u00e9niste (m\u00eame si celui-ci est mieux connu\u2026).<\/p>\n\n\n\n<p class=\"has-medium-font-size\"><strong>\u00ab&nbsp;Une c\u00e9ramique n\u2019est pas juste un objet, c\u2019est aussi un parcours de vie.&nbsp;\u00bb&nbsp; <\/strong><strong><\/strong><\/p>\n\n\n<div class=\"wp-block-image\">\n<figure class=\"alignright size-large is-resized\"><img loading=\"lazy\" decoding=\"async\" width=\"768\" height=\"1024\" src=\"https:\/\/www.cma-hautsdefrance.fr\/blog\/wp-content\/uploads\/2025\/12\/IMG_0274-768x1024.jpg\" alt=\"\" class=\"wp-image-10720\" style=\"aspect-ratio:0.7500150629631861;width:344px;height:auto\"\/><\/figure>\n<\/div>\n\n\n<p style=\"font-size:14px\"><strong>-La transmission des savoir-faire figure donc en premi\u00e8re place dans vos priorit\u00e9s&nbsp;?<\/strong><br><strong>-SG&nbsp;: <\/strong>Oui, la transmission est fondamentale et c\u2019est bien avec des \u00e9v\u00e8nements tels que le SIMA que nous parviendrons \u00e0 faire perdurer ces m\u00e9tiers. On parle de savoir-faire m\u00eame si nous entrons dans une \u00e8re num\u00e9rique, notamment avec l\u2019Intelligence Artificielle (IA). Nous avons des valeurs humaines \u00e0 d\u00e9fendre avec toutes ces notions d\u2019authenticit\u00e9, de pi\u00e8ces non reproductibles, de talents que raconte l\u2019artisanat d\u2019art\u2026 Une c\u00e9ramique, par exemple, n\u2019est pas juste un objet, c\u2019est aussi un parcours de vie. &nbsp;<br>Dans m\u00e9tiers d\u2019art, il y a le mot \u00ab&nbsp;art&nbsp;\u00bb, avec tout ce que cela implique de d\u00e9tachement de la masse populaire qui le rapproche aujourd\u2019hui davantage de l\u2019\u00e9litisme et pourtant il y a aussi du savoir-faire derri\u00e8re ce mot. &nbsp;C\u2019est pour cela que tous les salons sont importants, du \u00ab&nbsp;petit&nbsp;\u00bb salon de village \u00e0 des \u00e9v\u00e8nements internationaux d\u2019envergure comme le salon R\u00e9v\u00e9lations o\u00f9 nous montrons des pi\u00e8ces d\u2019exception et l\u2019excellence d\u2019un savoir-faire. C\u2019est ce qui permet aux artisans d\u2019art de s\u2019ouvrir sur des march\u00e9s \u00ab&nbsp;export&nbsp;\u00bb et donc aussi, de mieux gagner leur vie.<\/p>\n\n\n\n<p style=\"font-size:14px\"><strong>&nbsp;-Comment d\u00e9finiriez-vous la place actuelle des m\u00e9tiers d\u2019art dans la soci\u00e9t\u00e9 fran\u00e7aise&nbsp;?<\/strong><br><strong>-SG&nbsp;: <\/strong>Il y a un probl\u00e8me de positionnement des m\u00e9tiers d\u2019art dans notre soci\u00e9t\u00e9 et en m\u00eame temps, un salon tel que le SIMA montre qu\u2019il y a un savoir-faire incroyable et que c\u2019est accessible \u00e0 tous.&nbsp; On a vu que la reconstruction de la cath\u00e9drale Notre-Dame a favoris\u00e9 aussi une red\u00e9couverte de ces m\u00e9tiers, qui restent trop souvent dans l\u2019ombre. Les cr\u00e9ateurs d\u2019aujourd\u2019hui sont les fabricants du savoir-faire de demain. Il y a un vrai travail social et patrimonial \u00e0 faire autour des m\u00e9tiers d\u2019art.<\/p>\n\n\n<div class=\"wp-block-image\">\n<figure class=\"alignleft size-large is-resized\"><img loading=\"lazy\" decoding=\"async\" width=\"927\" height=\"1024\" src=\"https:\/\/www.cma-hautsdefrance.fr\/blog\/wp-content\/uploads\/2025\/12\/IMG_0311-927x1024.jpg\" alt=\"\" class=\"wp-image-10721\" style=\"aspect-ratio:0.9052863436123348;width:378px;height:auto\"\/><\/figure>\n<\/div>\n\n\n<p style=\"font-size:14px\"><strong>&#8211;<strong> <\/strong>Quelle est selon vous la plus grande \u00e9volution qu\u2019ont connu les m\u00e9tiers d\u2019art ces derni\u00e8res ann\u00e9es&nbsp;?<\/strong><br>&#8211;<strong><strong>SG&nbsp;:<\/strong><\/strong> Les m\u00e9tiers d\u2019art sont des couteaux suisses qui ont toujours su s\u2019adapter \u00e0 leur temps. La vraie \u00e9volution de notre secteur, selon moi, ce sont les arts d\u00e9coratifs (qui f\u00eatent leurs 100 ans), qui repr\u00e9sentent selon moi plus qu\u2019un style. C\u2019est un mouvement cr\u00e9atif devenu international et a tout chang\u00e9. On s\u2019est mis \u00e0 cr\u00e9er de beaux objets pour faire plaisir aux gens, avec une identit\u00e9 graphique qui a \u00e9volu\u00e9 d\u2019ann\u00e9e en ann\u00e9e. Les nouvelles technologies vont peut-\u00eatre r\u00e9volutionner notre \u00e9poque, mais \u00e0 chaque p\u00e9riode de l\u2019histoire, on s\u2019est adapt\u00e9\u2026regardez l\u2019\u00e9lectricit\u00e9, elle a constitu\u00e9 une formidable \u00e9volution et est finalement devenue un outil.<\/p>\n\n\n\n<p class=\"has-medium-font-size\"><strong>\u00ab&nbsp;Qu\u2019est-ce qu\u2019il peut y avoir de plus \u00e9cologique que le non consommable&nbsp;?&nbsp;\u00bb<\/strong><\/p>\n\n\n\n<p style=\"font-size:14px\"><strong>-Les artisans d\u2019art parviendront-ils \u00e0 s\u2019adapter \u00e0 ces enjeux&nbsp;?<\/strong><br>&#8211;<strong><strong>SG&nbsp;:<\/strong><\/strong> Oui parce qu\u2019ils ont besoin de vivre, de gagner leur vie. Cela va aussi soulager leur travail. Ce n\u2019est pas incompatible, la machine est l\u00e0 pour aider. Elle permet de d\u00e9l\u00e9guer certaines t\u00e2ches techniques tout en renfor\u00e7ant le r\u00f4le strat\u00e9gique et cr\u00e9atif de l&rsquo;humain.<strong>&nbsp;<\/strong>C\u2019est l\u00e0 o\u00f9 nous devons nous positionner par rapport \u00e0 la cr\u00e9ation mais aussi par rapport au travail de la main. La ma\u00eetrise d\u2019une coul\u00e9e d\u2019\u00e9mail ou le petit guillochage sur du bois peuvent \u00eatre r\u00e9alis\u00e9s par un outil num\u00e9rique. Si on fabrique une c\u00e9ramique en raku et que tout est parfaitement droit \u00e7a peut aussi faciliter la pose d\u2019un carreau. En revanche, si on utilise un laser pour fabriquer un bijou, pour travailler une feuille d\u2019argent par exemple, ce n\u2019est plus de l\u2019artisanat. Nous sommes oblig\u00e9s aussi de tenir compte de l\u2019\u00e9co responsabilit\u00e9. Pourtant, qu\u2019est-ce qu\u2019il peut y avoir de plus \u00e9cologique que le non consommable&nbsp;? Sur trois g\u00e9n\u00e9rations par exemple, avec un produit qui traverse les ann\u00e9es, le bilan carbone est parfait. On le d\u00e9ploie sur 90 ans au lieu des deux ans d\u2019un produit r\u00e9alis\u00e9 en s\u00e9rie.<\/p>\n\n\n\n<p style=\"font-size:14px\"><strong>-Ce sont des notions qui \u00e9chappent encore trop \u00e0 notre soci\u00e9t\u00e9&nbsp;?<\/strong><br>&#8211;<strong><strong>SG&nbsp;:<\/strong><\/strong> Oui mais les discours marketing sont tellement forts qu\u2019il est parfois difficile de r\u00e9aliser une \u00e9vidence.&nbsp; On parle d\u2019\u00e9coresponsabilit\u00e9 lorsqu\u2019on ach\u00e8te une voiture \u00e9lectrique aujourd\u2019hui (sourire). Alors que cela passe par l\u2019artisanat et des produits que nous allons conserver \u2026<\/p>\n\n\n<div class=\"wp-block-image\">\n<figure class=\"alignright size-full is-resized\"><img loading=\"lazy\" decoding=\"async\" width=\"437\" height=\"657\" src=\"https:\/\/www.cma-hautsdefrance.fr\/blog\/wp-content\/uploads\/2025\/12\/Stephane-Galerneau\u00a9AlexGall.jpg\" alt=\"\" class=\"wp-image-10718\" style=\"aspect-ratio:0.6651591581144547;width:292px;height:auto\"\/><\/figure>\n<\/div>\n\n\n<p style=\"font-size:14px\"><strong>-Quels sont les grands projets ou les priorit\u00e9s d\u2019Ateliers d\u2019art de France pour les prochaines ann\u00e9es&nbsp;?<\/strong><br><strong>&#8211;<strong>SG&nbsp;:<\/strong><\/strong> Notre salon R\u00e9v\u00e9lations a \u00e9t\u00e9 cr\u00e9\u00e9 pour \u00eatre un mod\u00e8le \u00ab&nbsp;exportable&nbsp;\u00bb. Pour deux raisons&nbsp;: pour faire d\u00e9couvrir des artisans fran\u00e7ais \u00e0 l\u2019autre bout du monde mais aussi -et c\u2019est une prise de conscience par rapport \u00e0 notre dernier salon qui a rassembl\u00e9 45 pays- pour faire venir des artisans, montrer comment nous nous en occupons, comment nous les r\u00e9f\u00e9ren\u00e7ons. Mais aussi parce que les artisans se rencontrent et d\u00e9couvrent \u00e9galement d\u2019autres techniques. Nous sommes ainsi en n\u00e9gociation pour monter un salon R\u00e9v\u00e9lations en Am\u00e9rique du Nord, \u00e0 Montr\u00e9al.<br>Revisiter les produits aux quatre coins du monde en leur donnant une autre fonction, plus esth\u00e9tique, c\u2019est aussi notre mission. Il y a aussi la rencontre des m\u00e9tiers d\u2019art en r\u00e9gion sur le territoire m\u00e9tropolitain. Nous devons travailler enfin sur des th\u00e9matiques de valorisation des provinces fran\u00e7aises. Il y a un vrai travail de terrain \u00e0 r\u00e9aliser en dehors de Paris et c\u2019est avec la puissance de ce r\u00e9seau qu\u2019on fera appr\u00e9cier les m\u00e9tiers d\u2019art et que se d\u00e9veloppera ensuite l\u2019activit\u00e9 \u00e9conomique \u2026<\/p>\n\n\n\n<p style=\"font-size:14px\"><strong>&#8211; C\u2019est le message positif que vous souhaitez adresser aux jeunes, comme les apprentis que vous avez pu rencontrer ici&nbsp;?<\/strong><br><strong>&#8211;<strong>SG&nbsp;:<\/strong><\/strong> Il y a 57% de reconversion dans les m\u00e9tiers d\u2019art aujourd\u2019hui. Il y a des profils tr\u00e8s diff\u00e9rents\u2026 Oui, il faut que les jeunes soient motiv\u00e9s pour exercer des m\u00e9tiers d\u2019art mais nous avons aussi le devoir de faire \u00e9voluer ces professions qui ne sont plus les m\u00eames qu\u2019il y a 50 ans.<\/p>\n\n\n\n<p style=\"font-size:14px\"><strong>-Justement, comment voyez-vous \u00e9voluer cet artisanat d\u2019art, dans 50, 100 ans&nbsp;?<br><strong>&#8211;<strong>SG&nbsp;:<\/strong><\/strong> <\/strong>C\u2019est un probl\u00e8me soci\u00e9tal\u2026 Nous avons \u00e9voqu\u00e9 les machines qui prennent de plus en plus de place. Nous devons donc \u00eatre tr\u00e8s vigilants\u2026 A nous de savoir faire perdurer l\u2019intelligence artisanale le plus longtemps possible (sourire).<\/p>\n\n\n\n<p style=\"font-size:14px\"><em>Photos DR Ateliers d\u2019Art de France\/CMA HDF<\/em><\/p>\n\n\n\n<p><\/p>\n","protected":false},"excerpt":{"rendered":"<p><span class=\"rt-reading-time\" style=\"display: block;\"><span class=\"rt-label rt-prefix\">Temps de lecture\u00a0: <\/span> <span class=\"rt-time\">7<\/span> <span class=\"rt-label rt-postfix\">minutes<\/span><\/span> Dans un monde o\u00f9 tout s\u2019acc\u00e9l\u00e8re, les m\u00e9tiers d\u2019art demeurent des phares silencieux, porteurs d\u2019une m\u00e9moire fa\u00e7onn\u00e9e par le temps. \u00c0 la t\u00eate d\u2019Ateliers d\u2019Art de France, St\u00e9phane Galerneau -venu d\u00e9couvrir le SIMA \u00e0 Li\u00e9vin, pour la premi\u00e8re fois le [&hellip;]<\/p>\n","protected":false},"author":20,"featured_media":10726,"comment_status":"closed","ping_status":"open","sticky":false,"template":"","format":"standard","meta":{"footnotes":""},"categories":[111,6,109],"tags":[71,73,168,91,167],"class_list":["post-10711","post","type-post","status-publish","format-standard","has-post-thumbnail","hentry","category-a-la-une","category-actualites","category-linvite","tag-artisan","tag-artisanat","tag-artisanat-dart","tag-interview","tag-metiers-dart"],"_links":{"self":[{"href":"https:\/\/www.cma-hautsdefrance.fr\/blog\/wp-json\/wp\/v2\/posts\/10711","targetHints":{"allow":["GET"]}}],"collection":[{"href":"https:\/\/www.cma-hautsdefrance.fr\/blog\/wp-json\/wp\/v2\/posts"}],"about":[{"href":"https:\/\/www.cma-hautsdefrance.fr\/blog\/wp-json\/wp\/v2\/types\/post"}],"author":[{"embeddable":true,"href":"https:\/\/www.cma-hautsdefrance.fr\/blog\/wp-json\/wp\/v2\/users\/20"}],"replies":[{"embeddable":true,"href":"https:\/\/www.cma-hautsdefrance.fr\/blog\/wp-json\/wp\/v2\/comments?post=10711"}],"version-history":[{"count":5,"href":"https:\/\/www.cma-hautsdefrance.fr\/blog\/wp-json\/wp\/v2\/posts\/10711\/revisions"}],"predecessor-version":[{"id":10722,"href":"https:\/\/www.cma-hautsdefrance.fr\/blog\/wp-json\/wp\/v2\/posts\/10711\/revisions\/10722"}],"wp:featuredmedia":[{"embeddable":true,"href":"https:\/\/www.cma-hautsdefrance.fr\/blog\/wp-json\/wp\/v2\/media\/10726"}],"wp:attachment":[{"href":"https:\/\/www.cma-hautsdefrance.fr\/blog\/wp-json\/wp\/v2\/media?parent=10711"}],"wp:term":[{"taxonomy":"category","embeddable":true,"href":"https:\/\/www.cma-hautsdefrance.fr\/blog\/wp-json\/wp\/v2\/categories?post=10711"},{"taxonomy":"post_tag","embeddable":true,"href":"https:\/\/www.cma-hautsdefrance.fr\/blog\/wp-json\/wp\/v2\/tags?post=10711"}],"curies":[{"name":"wp","href":"https:\/\/api.w.org\/{rel}","templated":true}]}}