{"id":10731,"date":"2025-12-11T10:18:50","date_gmt":"2025-12-11T09:18:50","guid":{"rendered":"https:\/\/www.cma-hautsdefrance.fr\/blog\/?p=10731"},"modified":"2025-12-12T11:58:17","modified_gmt":"2025-12-12T10:58:17","slug":"thomas-defontaine-artisan-remouleur-affuteur-une-passion-qui-ne-semousse-pas","status":"publish","type":"post","link":"https:\/\/www.cma-hautsdefrance.fr\/blog\/actualites\/thomas-defontaine-artisan-remouleur-affuteur-une-passion-qui-ne-semousse-pas\/","title":{"rendered":"R\u00e9mouleur aff\u00fbteur ou l&rsquo;histoire d&rsquo;une passion entre la pierre et le fil&#8230;"},"content":{"rendered":"<span class=\"rt-reading-time\" style=\"display: block;\"><span class=\"rt-label rt-prefix\">Temps de lecture\u00a0: <\/span> <span class=\"rt-time\">3<\/span> <span class=\"rt-label rt-postfix\">minutes<\/span><\/span>\n<p class=\"has-medium-font-size\"><strong>Dans un monde o\u00f9 tout va vite et o\u00f9 l\u2019on remplace plus facilement qu\u2019on ne r\u00e9pare, certaines professions ancestrales continuent pourtant de faire la preuve de leur valeur. <\/strong><br><strong>Le m\u00e9tier de r\u00e9mouleur-aff\u00fbteur en est un exemple vivant : h\u00e9ritier d\u2019un savoir-faire s\u00e9culaire, il redonne vie aux lames du quotidien, prolonge la dur\u00e9e de nos outils et perp\u00e9tue un artisanat de pr\u00e9cision. Aujourd\u2019hui encore, ces artisans itin\u00e9rants ou install\u00e9s en atelier allient tradition et techniques modernes pour offrir un tranchant parfait, indispensable aux particuliers comme aux professionnels. Red\u00e9couvrir leur travail, c\u2019est reconna\u00eetre l\u2019importance d\u2019un geste expert et d\u2019une pratique durable, au c\u0153ur de nos usages les plus simples comme les plus exigeants.<\/strong> <strong>Nous avions ainsi rencontr\u00e9 Thomas Defontaine alias Hadok, ancien m\u00e9canicien chez Renault, qui avait op\u00e9r\u00e9 un virage professionnel en se formant au m\u00e9tier de r\u00e9mouleur-aff\u00fbteur * sillonnant les march\u00e9s des Hauts-de-France \u00e0 bord de son camion-atelier itin\u00e9rant pour redonner une seconde vie aux lames fatigu\u00e9es<\/strong>.<\/p>\n\n\n<div class=\"wp-block-image\">\n<figure class=\"alignleft size-large is-resized\"><img loading=\"lazy\" decoding=\"async\" width=\"768\" height=\"1024\" src=\"https:\/\/www.cma-hautsdefrance.fr\/blog\/wp-content\/uploads\/2025\/12\/IMG-7134-768x1024.jpg\" alt=\"\" class=\"wp-image-10738\" style=\"width:279px;height:auto\"\/><\/figure>\n<\/div>\n\n\n<p style=\"font-size:14px\"><em>\u00ab\u202fQu\u2019est-ce qui fait un bon couteau\u202f? Un bon acier et un bon manche, c\u2019est aussi simple que \u00e7a\u202f\u00bb<\/em> r\u00e9sume celui que l\u2019on surnomme famili\u00e8rement Hadok, parce qu\u2019il est le capitaine \u00ab fort en gueule\u202f\u00bb de son \u00e9quipe de foot. A le voir tellement \u00e0 l\u2019aise devant la meule de son camion, transform\u00e9 en atelier mobile, sur le march\u00e9 d\u2019Arras, difficile d\u2019imaginer que ce grand gaillard tatou\u00e9 \u00e9tait encore, il y a un peu plus de quatre ans, m\u00e9canicien de maintenance dans une usine automobile \u00e0 N\u0153ux-Les-Mines.&nbsp;Thomas\u202fDefontaine a chang\u00e9 totalement de vie \u00e0 la suite d\u2019un reportage t\u00e9l\u00e9 consacr\u00e9 \u00e0 un artisan r\u00e9mouleur. Une r\u00e9v\u00e9lation. <em>\u00ab J\u2019ai su imm\u00e9diatement que cela me conviendrait\u202f!\u202f\u00bb<\/em> Apr\u00e8s s\u2019\u00eatre renseign\u00e9 aupr\u00e8s de CMA Formation et Entreprises B\u00e9thune, sur la formation la plus adapt\u00e9e, Thomas obtient une rupture conventionnelle aupr\u00e8s de son employeur et d\u00e9cide de partir en septembre 2021 apprendre le m\u00e9tier dans la seule \u00e9cole d\u2019aff\u00fbtage et de r\u00e9moulage d\u2019Europe\u202f:&nbsp; FCTV, situ\u00e9e \u00e0 Beaumarch\u00e9s \u00e0 proximit\u00e9 de Plaisance du Gers.<\/p>\n\n\n\n<p style=\"font-size:17px\"><strong>Sollicit\u00e9 par la CMA HDF pour le label R\u00e9par\u2019acteurs<\/strong>&nbsp;<\/p>\n\n\n<div class=\"wp-block-image\">\n<figure class=\"alignright size-large is-resized\"><img loading=\"lazy\" decoding=\"async\" width=\"768\" height=\"1024\" src=\"https:\/\/www.cma-hautsdefrance.fr\/blog\/wp-content\/uploads\/2025\/12\/IMG-7128-768x1024.jpg\" alt=\"\" class=\"wp-image-10746\" style=\"aspect-ratio:0.7500127936134282;width:370px;height:auto\"\/><\/figure>\n<\/div>\n\n\n<p style=\"font-size:14px\">Sa formation termin\u00e9e et son dipl\u00f4me en poche, Thomas a \u00e9labor\u00e9 son projet avec l\u2019aide de ses proches.\u00a0Il s\u2019est mis ensuite mis \u00e0 sillonner les routes des Hauts-de-France, choisissant en priorit\u00e9 les march\u00e9s de la r\u00e9gion. Le succ\u00e8s est au rendez-vous, les rencontres se multiplient avec les clients qui d\u00e9sormais privil\u00e9gient la conservation de leurs outils et instruments, s\u00e9duits par la dimension \u00e9conomique et \u00e9co responsable. Thomas a d\u2019ailleurs \u00e9t\u00e9 sollicit\u00e9 par la CMA HDF dans le cadre du label R\u00e9par\u2019acteurs qui permet aux artisans de se positionner en tant qu\u2019acteurs du d\u00e9veloppement durable et de l\u2019\u00e9conomie circulaire pour en finir avec le r\u00e9flexe du \u00ab\u202ftout jeter\u202f\u00bb. Les besoins sont r\u00e9els \u00e9galement aupr\u00e8s des professionnels (bouchers, restaurateurs\u2026) qui ont un besoin r\u00e9gulier d\u2019affutage de leurs outils de coupe.\u00a0<br><br>Si en cette fin d&rsquo;ann\u00e9e 2025, Hadok se fait plus rare sur les routes, c&rsquo;est qu&rsquo;il nourrit d\u00e9sormais d&rsquo;autres projets. Mais il conserve dans le c\u0153ur, ce go\u00fbt pour un savoir patient qui fait la noblesse du m\u00e9tier, redonner vie \u00e0 une lame et laisser derri\u00e8re lui un \u00e9clat de pr\u00e9cision que rien ne remplace. Le m\u00e9tier de r\u00e9mouleur-aff\u00fbteur raconte avant tout l&rsquo;histoire d&rsquo;une passion, celle qui s&rsquo;exerce entre la pierre et le fil, entre la patience et la pr\u00e9cision. Car un couteau, avant de redevenir tranchant, exige qu&rsquo;on l&rsquo;\u00e9coute. Et ceux qui ont su, un jour, apprivoiser ce murmure, savent qu&rsquo;il ne les quitte jamais tout \u00e0 fait.<\/p>\n\n\n\n<p style=\"font-size:14px\">*Article paru en Novembre 2023 dans le magazine Coup de Main n\u00b019<\/p>\n\n\n\n<p style=\"font-size:14px\"><em>Cr\u00e9dit photos DR CMA HDF<\/em><\/p>\n\n\n\n<p style=\"font-size:14px\"><\/p>\n\n\n","protected":false},"excerpt":{"rendered":"<p><span class=\"rt-reading-time\" style=\"display: block;\"><span class=\"rt-label rt-prefix\">Temps de lecture\u00a0: <\/span> <span class=\"rt-time\">3<\/span> <span class=\"rt-label rt-postfix\">minutes<\/span><\/span> Dans un monde o\u00f9 tout va vite et o\u00f9 l\u2019on remplace plus facilement qu\u2019on ne r\u00e9pare, certaines professions ancestrales continuent pourtant de faire la preuve de leur valeur. Le m\u00e9tier de r\u00e9mouleur-aff\u00fbteur en est un exemple vivant : h\u00e9ritier d\u2019un [&hellip;]<\/p>\n","protected":false},"author":20,"featured_media":10748,"comment_status":"closed","ping_status":"open","sticky":false,"template":"","format":"standard","meta":{"footnotes":""},"categories":[32,6,8],"tags":[71,73,158,63,91,307],"class_list":["post-10731","post","type-post","status-publish","format-standard","has-post-thumbnail","hentry","category-actu-pas-de-calais","category-actualites","category-histoires-artisans","tag-artisan","tag-artisanat","tag-cma-hdf","tag-hauts-de-france","tag-interview","tag-remouleur-affuteur"],"_links":{"self":[{"href":"https:\/\/www.cma-hautsdefrance.fr\/blog\/wp-json\/wp\/v2\/posts\/10731","targetHints":{"allow":["GET"]}}],"collection":[{"href":"https:\/\/www.cma-hautsdefrance.fr\/blog\/wp-json\/wp\/v2\/posts"}],"about":[{"href":"https:\/\/www.cma-hautsdefrance.fr\/blog\/wp-json\/wp\/v2\/types\/post"}],"author":[{"embeddable":true,"href":"https:\/\/www.cma-hautsdefrance.fr\/blog\/wp-json\/wp\/v2\/users\/20"}],"replies":[{"embeddable":true,"href":"https:\/\/www.cma-hautsdefrance.fr\/blog\/wp-json\/wp\/v2\/comments?post=10731"}],"version-history":[{"count":9,"href":"https:\/\/www.cma-hautsdefrance.fr\/blog\/wp-json\/wp\/v2\/posts\/10731\/revisions"}],"predecessor-version":[{"id":10751,"href":"https:\/\/www.cma-hautsdefrance.fr\/blog\/wp-json\/wp\/v2\/posts\/10731\/revisions\/10751"}],"wp:featuredmedia":[{"embeddable":true,"href":"https:\/\/www.cma-hautsdefrance.fr\/blog\/wp-json\/wp\/v2\/media\/10748"}],"wp:attachment":[{"href":"https:\/\/www.cma-hautsdefrance.fr\/blog\/wp-json\/wp\/v2\/media?parent=10731"}],"wp:term":[{"taxonomy":"category","embeddable":true,"href":"https:\/\/www.cma-hautsdefrance.fr\/blog\/wp-json\/wp\/v2\/categories?post=10731"},{"taxonomy":"post_tag","embeddable":true,"href":"https:\/\/www.cma-hautsdefrance.fr\/blog\/wp-json\/wp\/v2\/tags?post=10731"}],"curies":[{"name":"wp","href":"https:\/\/api.w.org\/{rel}","templated":true}]}}