{"id":10849,"date":"2026-03-13T09:00:00","date_gmt":"2026-03-13T08:00:00","guid":{"rendered":"https:\/\/www.cma-hautsdefrance.fr\/blog\/?p=10849"},"modified":"2026-03-12T16:56:20","modified_gmt":"2026-03-12T15:56:20","slug":"axel-dubois-en-route-pour-la-finale-nationale-dun-des-meilleurs-apprentis-charcutiers-traiteurs-de-france","status":"publish","type":"post","link":"https:\/\/www.cma-hautsdefrance.fr\/blog\/actualites\/axel-dubois-en-route-pour-la-finale-nationale-dun-des-meilleurs-apprentis-charcutiers-traiteurs-de-france\/","title":{"rendered":"Finale nationale d&rsquo;Un des Meilleurs Apprentis Charcutiers Traiteurs de France les 11\/12\/13 avril : Axel Dubois, dans les starting-blocks"},"content":{"rendered":"<span class=\"rt-reading-time\" style=\"display: block;\"><span class=\"rt-label rt-prefix\">Temps de lecture\u00a0: <\/span> <span class=\"rt-time\">3<\/span> <span class=\"rt-label rt-postfix\">minutes<\/span><\/span>\n<p style=\"font-size:20px\"><strong>Apprenti charcutier \u00e0 la CMA Formation et Entreprises Arras (en alternance \u00e0 la charcuterie Fumery, tenue par ses parents, \u00e0 Aire-sur-la-Lys), Axel Dubois s\u2019est distingu\u00e9 en 2025 et 2026* en d\u00e9crochant la m\u00e9daille r\u00e9gionale \u00ab&nbsp;Un des Meilleurs Apprentis Charcutiers Traiteurs de France&nbsp;\u00bb. Le jeune homme se pr\u00e9pare d\u00e9sormais \u00e0 relever un nouveau d\u00e9fi lors de la finale nationale, les 11,12 et 13 avril 2026 au CEPROC** \u00e0 Paris. Entre entra\u00eenement intensif et passion du m\u00e9tier, le jeune apprenti peut compter sur le soutien de ses professeurs mais aussi de ses parents, pr\u00e9sents \u00e0 chaque \u00e9tape de son parcours et fiers de son remarquable engagement. Une motivation suppl\u00e9mentaire pour relever ce d\u00e9fi et continuer \u00e0 faire progresser son savoir-faire. <\/strong><br><strong>Avec \u00e0 la cl\u00e9, peut-\u00eatre, l\u2019immense fiert\u00e9 de remporter une m\u00e9daille nationale et de voir son travail r\u00e9compens\u00e9 au plus haut niveau.<\/strong><\/p>\n\n\n\n<p style=\"font-size:14px\"><strong>-Axel, vous allez participer \u00e0 la finale nationale d\u2019&nbsp;\u00ab&nbsp;Un des Meilleurs Apprentis Charcutiers Traiteurs de France&nbsp;\u00bb au CEPROC (Centre d\u2019Excellence des professions culinaires) \u00e0 Paris, les 11\/12\/13 avril 2026. Comment vous sentez-vous face \u00e0 cet enjeu ?<br>-Axel Dubois :<\/strong> Je me sens serein, ce n\u2019est pas mon genre d\u2019\u00eatre stress\u00e9 (sourire), tout va bien.<\/p>\n\n\n<div class=\"wp-block-image\">\n<figure class=\"alignright size-full is-resized\"><img loading=\"lazy\" decoding=\"async\" width=\"800\" height=\"450\" src=\"https:\/\/www.cma-hautsdefrance.fr\/blog\/wp-content\/uploads\/2026\/03\/256e5553-327e-45bd-a9c9-2b691de15b9f.jpg\" alt=\"\" class=\"wp-image-10853\" style=\"width:491px;height:auto\"\/><\/figure>\n<\/div>\n\n\n<p style=\"font-size:14px\"><strong>-Comment vous pr\u00e9parez-vous actuellement pour cette finale ?<\/strong><br><strong>-AD :<\/strong> J\u2019ai profit\u00e9 de 15 jours de vacances pour m\u2019entra\u00eener le plus possible. Je r\u00e9p\u00e8te mes recettes (le p\u00e2t\u00e9 de campagne, le p\u00e2t\u00e9 en cro\u00fbte aux pruneaux et le boudin blanc de volaille) cinq heures par jour. Je reprends aussi les entrainements avec Nicolas Sadaune***, mon professeur \u00e0 la CMA HDF, la semaine prochaine.<\/p>\n\n\n\n<p style=\"font-size:14px\"><strong>-Quel type d&rsquo;\u00e9preuves va comporter cette finale ?<br>-AD :<\/strong> Il faut r\u00e9aliser trois productions&nbsp;: un envoi chaud, \u00e0 savoir le boudin blanc avec une garniture et une sauce, un second envoi chaud, qui consiste en quatre tranches de p\u00e2t\u00e9 de campagne puis un envoi froid soit un p\u00e2t\u00e9 en cro\u00fbte et enfin la pr\u00e9sentation de chaque production sur un buffet pour lequel j&rsquo;ai choisi  le th\u00e8me de la nature.<br><strong><br>&#8211; Combien de temps durent les \u00e9preuves de cette finale&nbsp;?<br>-AD :<\/strong> Le concours se d\u00e9roule sur trois jours. Le samedi et le dimanche, les \u00e9preuves durent 8 heures (c\u2019est l\u2019organisation pour les trois productions) et le lundi est consacr\u00e9, de 8h \u00e0 11h, \u00e0 la cr\u00e9ation du buffet.<\/p>\n\n\n<div class=\"wp-block-image\">\n<figure class=\"alignleft size-full is-resized\"><img loading=\"lazy\" decoding=\"async\" width=\"1024\" height=\"768\" src=\"https:\/\/www.cma-hautsdefrance.fr\/blog\/wp-content\/uploads\/2026\/03\/Axel-Dubois-2.jpg\" alt=\"\" class=\"wp-image-10854\" style=\"width:385px;height:auto\"\/><\/figure>\n<\/div>\n\n\n<p style=\"font-size:14px\"><strong>-Que signifierait pour vous \u00eatre sacr\u00e9 \u00ab&nbsp;Un des Meilleurs Apprentis Charcutiers Traiteurs de France&nbsp;\u00bb ?<\/strong><br><strong>-AD :<\/strong> J\u2019\u00e9prouverais beaucoup de fiert\u00e9, ce serait la r\u00e9compense supr\u00eame des efforts fournis et aussi une grande reconnaissance envers mes parents qui sont \u00e0 mes c\u00f4t\u00e9s depuis mes d\u00e9buts dans le m\u00e9tier. <br>\u00c7a fonctionne bien de travailler en famille&nbsp;! (Sourire)<\/p>\n\n\n\n\n\n<p style=\"font-size:14px\"><em>Cr\u00e9dit photos DR CMA HDF<\/em><\/p>\n\n\n\n<p style=\"font-size:14px\">*<a href=\"https:\/\/www.cma-hautsdefrance.fr\/blog\/actualites\/filiere-viande-cap-sur-lexcellence-pour-les-meilleurs-apprentis-de-france\/\">Fili\u00e8re viande&nbsp;: Cap sur l\u2019excellence pour les meilleurs apprentis de France &#8211; COUP DE MAIN<\/a><br><a href=\"https:\/\/www.cma-hautsdefrance.fr\/blog\/histoires-artisans\/selections-regionales-du-meilleur-apprenti-charcutier-traiteur-de-france-lart-de-la-charcuterie-portee-par-deux-apprentis-de-picardie-et-du-nord-pas-de-calais\/\">L\u2019art de la charcuterie port\u00e9 par deux apprentis de Picardie et du Nord-Pas-de-Calais &#8211; COUP DE MAIN<\/a><br>**Centre d\u2019Excellence des Professions Culinaires<br>***Nous vous donnons rendez-vous vendredi prochain pour une interview crois\u00e9e d\u2019Arnaud Preux, jury des concours, co-RUP fili\u00e8re boucherie charcuterie traiteur et professeur charcuterie traiteur \u00e0 CMA Formation Compi\u00e8gne et Nicolas Sadaune, professeur de charcuterie traiteur et responsable du plateau technique charcuterie \u00e0 CMA Formation et Entreprises Arras.<\/p>\n\n\n\n<p><\/p>\n","protected":false},"excerpt":{"rendered":"<p><span class=\"rt-reading-time\" style=\"display: block;\"><span class=\"rt-label rt-prefix\">Temps de lecture\u00a0: <\/span> <span class=\"rt-time\">3<\/span> <span class=\"rt-label rt-postfix\">minutes<\/span><\/span> Apprenti charcutier \u00e0 la CMA Formation et Entreprises Arras (en alternance \u00e0 la charcuterie Fumery, tenue par ses parents, \u00e0 Aire-sur-la-Lys), Axel Dubois s\u2019est distingu\u00e9 en 2025 et 2026* en d\u00e9crochant la m\u00e9daille r\u00e9gionale \u00ab&nbsp;Un des Meilleurs Apprentis Charcutiers Traiteurs [&hellip;]<\/p>\n","protected":false},"author":20,"featured_media":10852,"comment_status":"closed","ping_status":"open","sticky":false,"template":"","format":"standard","meta":{"footnotes":""},"categories":[111,32,6,57],"tags":[78,73,203,158,316,63],"class_list":["post-10849","post","type-post","status-publish","format-standard","has-post-thumbnail","hentry","category-a-la-une","category-actu-pas-de-calais","category-actualites","category-ateliers-des-savoirs","tag-apprenti","tag-artisanat","tag-charcuterie-traiteur","tag-cma-hdf","tag-concours-dun-des-meilleurs-apprentis-de-france","tag-hauts-de-france"],"_links":{"self":[{"href":"https:\/\/www.cma-hautsdefrance.fr\/blog\/wp-json\/wp\/v2\/posts\/10849","targetHints":{"allow":["GET"]}}],"collection":[{"href":"https:\/\/www.cma-hautsdefrance.fr\/blog\/wp-json\/wp\/v2\/posts"}],"about":[{"href":"https:\/\/www.cma-hautsdefrance.fr\/blog\/wp-json\/wp\/v2\/types\/post"}],"author":[{"embeddable":true,"href":"https:\/\/www.cma-hautsdefrance.fr\/blog\/wp-json\/wp\/v2\/users\/20"}],"replies":[{"embeddable":true,"href":"https:\/\/www.cma-hautsdefrance.fr\/blog\/wp-json\/wp\/v2\/comments?post=10849"}],"version-history":[{"count":9,"href":"https:\/\/www.cma-hautsdefrance.fr\/blog\/wp-json\/wp\/v2\/posts\/10849\/revisions"}],"predecessor-version":[{"id":10869,"href":"https:\/\/www.cma-hautsdefrance.fr\/blog\/wp-json\/wp\/v2\/posts\/10849\/revisions\/10869"}],"wp:featuredmedia":[{"embeddable":true,"href":"https:\/\/www.cma-hautsdefrance.fr\/blog\/wp-json\/wp\/v2\/media\/10852"}],"wp:attachment":[{"href":"https:\/\/www.cma-hautsdefrance.fr\/blog\/wp-json\/wp\/v2\/media?parent=10849"}],"wp:term":[{"taxonomy":"category","embeddable":true,"href":"https:\/\/www.cma-hautsdefrance.fr\/blog\/wp-json\/wp\/v2\/categories?post=10849"},{"taxonomy":"post_tag","embeddable":true,"href":"https:\/\/www.cma-hautsdefrance.fr\/blog\/wp-json\/wp\/v2\/tags?post=10849"}],"curies":[{"name":"wp","href":"https:\/\/api.w.org\/{rel}","templated":true}]}}