{"id":5430,"date":"2021-07-02T12:08:03","date_gmt":"2021-07-02T10:08:03","guid":{"rendered":"https:\/\/www.cma-hautsdefrance.fr\/blog\/?p=5430"},"modified":"2024-05-14T14:48:22","modified_gmt":"2024-05-14T12:48:22","slug":"actualite-nord-cma","status":"publish","type":"post","link":"https:\/\/www.cma-hautsdefrance.fr\/blog\/archives\/actualite-nord-cma\/","title":{"rendered":"L&rsquo;actualit\u00e9 du Nord : 2nd trimestre"},"content":{"rendered":"<span class=\"rt-reading-time\" style=\"display: block;\"><span class=\"rt-label rt-prefix\">Temps de lecture\u00a0: <\/span> <span class=\"rt-time\">3<\/span> <span class=\"rt-label rt-postfix\">minutes<\/span><\/span>\n<h2 class=\"has-text-color wp-block-heading\" style=\"color:#3bab36\">Actualit\u00e9 1 : La CMA partenaire du Salon Horesta Hauts-de-France !<\/h2>\n\n\n\n<div style=\"height:59px\" aria-hidden=\"true\" class=\"wp-block-spacer\"><\/div>\n\n\n\n<div class=\"wp-block-columns is-layout-flex wp-container-core-columns-is-layout-9d6595d7 wp-block-columns-is-layout-flex\">\n<div class=\"wp-block-column is-layout-flow wp-block-column-is-layout-flow\">\n<div class=\"wp-block-image\"><figure class=\"aligncenter size-large is-resized\"><img loading=\"lazy\" decoding=\"async\" src=\"https:\/\/www.cma-hautsdefrance.fr\/blog\/wp-content\/uploads\/2021\/06\/P8_Agenda-local_Salon-Horesta.jpg\" alt=\"actualit\u00e9 nord\" class=\"wp-image-5432\" width=\"522\" height=\"345\"\/><\/figure><\/div>\n<\/div>\n\n\n\n<div class=\"wp-block-column is-layout-flow wp-block-column-is-layout-flow\">\n<p style=\"font-size:18px\"><strong>R\u00e9serv\u00e9 aux professionnels de l\u2019h\u00f4tellerie, la restauration et de l&rsquo;alimentaire, le salon Horesta se tiendra \u00e0 Lille Grand Palais du 12 au 14 septembre prochain.<\/strong><\/p>\n\n\n\n<p style=\"font-size:18px\">Partenaire de l\u2019\u00e9v\u00e9nement, la CMA Hauts-de-France sera pr\u00e9sente pour accompagner les entreprises du secteur dans leur recherche d\u2019apprenti(e)s tout au long du salon. Au programme&nbsp;: un grand job-dating autour des m\u00e9tiers alimentaires, une conf\u00e9rence en pr\u00e9sentiel et en visioconf\u00e9rence sur le recrutement d\u2019apprentis, un stand d\u2019informations avec d\u00e9monstrations m\u00e9tiers\u2026 Vous \u00eates \u00e0 la recherche d\u2019un apprenti&nbsp;? Venez \u00e0 la rencontre du plus grand centre de formation des Hauts-de-France&nbsp;!<\/p>\n\n\n\n<p style=\"font-size:18px\">Plus d\u2019infos sur <a href=\"http:\/\/www.horestahdf.fr\/\" target=\"_blank\" aria-label=\" (opens in a new tab)\" rel=\"noreferrer noopener nofollow\" class=\"rank-math-link\">le site<\/a>.<\/p>\n<\/div>\n<\/div>\n\n\n\n<div style=\"height:117px\" aria-hidden=\"true\" class=\"wp-block-spacer\"><\/div>\n\n\n\n<h2 class=\"has-text-color wp-block-heading\" style=\"color:#3bab36\">Actualit\u00e9 2 : Artisans solidaires avec \u00ab J&rsquo;Expose un Artisan d\u2019Art \u00bb<\/h2>\n\n\n\n<div style=\"height:51px\" aria-hidden=\"true\" class=\"wp-block-spacer\"><\/div>\n\n\n\n<div class=\"wp-block-columns is-layout-flex wp-container-core-columns-is-layout-9d6595d7 wp-block-columns-is-layout-flex\">\n<div class=\"wp-block-column is-layout-flow wp-block-column-is-layout-flow\">\n<div class=\"wp-block-columns is-layout-flex wp-container-core-columns-is-layout-9d6595d7 wp-block-columns-is-layout-flex\">\n<div class=\"wp-block-column is-layout-flow wp-block-column-is-layout-flow\">\n<figure class=\"wp-block-image size-large\"><img loading=\"lazy\" decoding=\"async\" width=\"800\" height=\"800\" src=\"https:\/\/www.cma-hautsdefrance.fr\/blog\/wp-content\/uploads\/2021\/06\/expose-artisan-art-1.png\" alt=\"actualit\u00e9 nord\" class=\"wp-image-5443\"\/><\/figure>\n<\/div>\n\n\n\n<div class=\"wp-block-column is-layout-flow wp-block-column-is-layout-flow\">\n<figure class=\"wp-block-image size-large\"><img loading=\"lazy\" decoding=\"async\" width=\"800\" height=\"800\" src=\"https:\/\/www.cma-hautsdefrance.fr\/blog\/wp-content\/uploads\/2021\/06\/expose-artisan-art-4.png\" alt=\"\" class=\"wp-image-5444\"\/><\/figure>\n<\/div>\n<\/div>\n<\/div>\n\n\n\n<div class=\"wp-block-column is-layout-flow wp-block-column-is-layout-flow\">\n<div class=\"wp-block-columns is-layout-flex wp-container-core-columns-is-layout-9d6595d7 wp-block-columns-is-layout-flex\">\n<div class=\"wp-block-column is-layout-flow wp-block-column-is-layout-flow\">\n<figure class=\"wp-block-image size-large\"><img loading=\"lazy\" decoding=\"async\" width=\"800\" height=\"800\" src=\"https:\/\/www.cma-hautsdefrance.fr\/blog\/wp-content\/uploads\/2021\/06\/expose-artisan-art-2.png\" alt=\"\" class=\"wp-image-5445\"\/><\/figure>\n<\/div>\n\n\n\n<div class=\"wp-block-column is-layout-flow wp-block-column-is-layout-flow\">\n<figure class=\"wp-block-image size-large\"><img loading=\"lazy\" decoding=\"async\" width=\"800\" height=\"800\" src=\"https:\/\/www.cma-hautsdefrance.fr\/blog\/wp-content\/uploads\/2021\/06\/expose-artisan-art-5.png\" alt=\"\" class=\"wp-image-5446\"\/><\/figure>\n<\/div>\n<\/div>\n<\/div>\n\n\n\n<div class=\"wp-block-column is-layout-flow wp-block-column-is-layout-flow\">\n<div class=\"wp-block-columns is-layout-flex wp-container-core-columns-is-layout-9d6595d7 wp-block-columns-is-layout-flex\">\n<div class=\"wp-block-column is-layout-flow wp-block-column-is-layout-flow\">\n<figure class=\"wp-block-image size-large\"><img loading=\"lazy\" decoding=\"async\" width=\"800\" height=\"800\" src=\"https:\/\/www.cma-hautsdefrance.fr\/blog\/wp-content\/uploads\/2021\/06\/expose-artisan-art-6.png\" alt=\"\" class=\"wp-image-5447\"\/><\/figure>\n<\/div>\n\n\n\n<div class=\"wp-block-column is-layout-flow wp-block-column-is-layout-flow\">\n<figure class=\"wp-block-image size-large\"><img loading=\"lazy\" decoding=\"async\" width=\"800\" height=\"800\" src=\"https:\/\/www.cma-hautsdefrance.fr\/blog\/wp-content\/uploads\/2021\/06\/expose-artisan-art-3.png\" alt=\"\" class=\"wp-image-5448\"\/><\/figure>\n<\/div>\n<\/div>\n<\/div>\n<\/div>\n\n\n\n<p style=\"font-size:18px\">Mise en place par la CMA Hauts-de-France, \u00ab J\u2019Expose un Artisan d\u2019Art \u00bb est une op\u00e9ration de solidarit\u00e9 locale et inter-artisans. Ce concept original a pour vocation de mettre en valeur le travail des artisans d\u2019art n\u2019ayant pas pu exposer dans des salons, march\u00e9s d\u2019art et autres \u00e9v\u00e9nements \u00e0 cause de la crise sanitaire. Pendant une dur\u00e9e limit\u00e9e, les artisans pouvant recevoir du public dans leur point de vente tels que les boulangers, p\u00e2tissiers, bouchers, coiffeurs, fleuristes\u2026 offraient un espace d\u2019exposition dans leur entreprise. L\u2019occasion pour les artisans d\u2019art de pr\u00e9senter et de vendre leurs cr\u00e9ations. Au total, 21 artisans ont pu b\u00e9n\u00e9ficier de cette op\u00e9ration dans le Nord !<\/p>\n\n\n\n<div style=\"height:117px\" aria-hidden=\"true\" class=\"wp-block-spacer\"><\/div>\n\n\n\n<h2 class=\"has-text-color wp-block-heading\" style=\"color:#3bab36\">Actualit\u00e9 3 : Les meilleurs croissants au beurre de la r\u00e9gion sont Caudr\u00e9siens !<\/h2>\n\n\n\n<div style=\"height:48px\" aria-hidden=\"true\" class=\"wp-block-spacer\"><\/div>\n\n\n\n<div class=\"wp-block-columns is-layout-flex wp-container-core-columns-is-layout-9d6595d7 wp-block-columns-is-layout-flex\">\n<div class=\"wp-block-column is-layout-flow wp-block-column-is-layout-flow\" style=\"flex-basis:66.66%\">\n<div style=\"height:17px\" aria-hidden=\"true\" class=\"wp-block-spacer\"><\/div>\n\n\n\n<p style=\"font-size:18px\">L&rsquo;Antenne Entreprises et Formation de Caudry recevait vendredi 23 avril le <strong>concours r\u00e9gional du Meilleur Croissant au Beurre d\u2019Isigny Sainte M\u00e8re AOP.<\/strong> Treize candidats se sont affront\u00e9s \u00e0 l&rsquo;occasion de ce concours organis\u00e9 par l&rsquo;Association Nationale des Professeurs de Boulangerie en partenariat avec Isigny-Sainte-M\u00e8re.<\/p>\n\n\n\n<p style=\"font-size:18px\">Nos apprentis de l&rsquo;Antenne de Caudry se sont d\u00e9marqu\u00e9s et ont remport\u00e9 les deux premi\u00e8res places pour se qualifier lors de la finale nationale !<\/p>\n<\/div>\n\n\n\n<div class=\"wp-block-column is-layout-flow wp-block-column-is-layout-flow\" style=\"flex-basis:33.33%\">\n<figure class=\"wp-block-image size-large is-resized\"><img loading=\"lazy\" decoding=\"async\" src=\"https:\/\/www.cma-hautsdefrance.fr\/blog\/wp-content\/uploads\/2021\/06\/artisan-art-concours.png\" alt=\"\" class=\"wp-image-5455\" width=\"239\" height=\"239\"\/><\/figure>\n<\/div>\n<\/div>\n\n\n\n<div style=\"height:120px\" aria-hidden=\"true\" class=\"wp-block-spacer\"><\/div>\n\n\n\n<h2 class=\"has-text-color wp-block-heading\" style=\"color:#3bab36\">Actualit\u00e9 4 : \u00c0 Lille, un job-dating sp\u00e9cial m\u00e9tiers de la restauration !<\/h2>\n\n\n\n<div style=\"height:48px\" aria-hidden=\"true\" class=\"wp-block-spacer\"><\/div>\n\n\n\n<div class=\"wp-block-columns is-layout-flex wp-container-core-columns-is-layout-9d6595d7 wp-block-columns-is-layout-flex\">\n<div class=\"wp-block-column is-layout-flow wp-block-column-is-layout-flow\">\n<div class=\"wp-block-image\"><figure class=\"aligncenter size-large is-resized\"><img loading=\"lazy\" decoding=\"async\" src=\"https:\/\/www.cma-hautsdefrance.fr\/blog\/wp-content\/uploads\/2021\/06\/job-deting.png\" alt=\"\" class=\"wp-image-5462\" width=\"296\" height=\"296\"\/><\/figure><\/div>\n<\/div>\n\n\n\n<div class=\"wp-block-column is-layout-flow wp-block-column-is-layout-flow\">\n<div class=\"wp-block-image\"><figure class=\"aligncenter size-large is-resized\"><img loading=\"lazy\" decoding=\"async\" src=\"https:\/\/www.cma-hautsdefrance.fr\/blog\/wp-content\/uploads\/2021\/06\/job-deting-2.png\" alt=\"\" class=\"wp-image-5464\" width=\"294\" height=\"294\"\/><\/figure><\/div>\n<\/div>\n\n\n\n<div class=\"wp-block-column is-layout-flow wp-block-column-is-layout-flow\">\n<div class=\"wp-block-image\"><figure class=\"aligncenter size-large is-resized\"><img loading=\"lazy\" decoding=\"async\" src=\"https:\/\/www.cma-hautsdefrance.fr\/blog\/wp-content\/uploads\/2021\/06\/job-deting-1.png\" alt=\"\" class=\"wp-image-5463\" width=\"295\" height=\"295\"\/><\/figure><\/div>\n<\/div>\n<\/div>\n\n\n\n<p style=\"font-size:18px\">Dans le cadre de la <strong>semaine de l\u2019h\u00f4tellerie-restauration<\/strong> organis\u00e9e par P\u00f4le Emploi en partenariat avec l\u2019UMIH, et afin de pr\u00e9parer la reprise des restaurateurs, la CMA Hauts-de-France organisait lundi 17 mai un <strong>job-dating<\/strong> sp\u00e9cial Alternance et Emploi autour des <strong>m\u00e9tiers de la restauration.<\/strong> Plus de 100 candidats \u00e9taient pr\u00e9sents ce jour-l\u00e0 pour rencontrer une trentaine d\u2019employeurs de la m\u00e9tropole lilloise !<\/p>\n","protected":false},"excerpt":{"rendered":"<p><span class=\"rt-reading-time\" style=\"display: block;\"><span class=\"rt-label rt-prefix\">Temps de lecture\u00a0: <\/span> <span class=\"rt-time\">3<\/span> <span class=\"rt-label rt-postfix\">minutes<\/span><\/span> Actualit\u00e9 1 : La CMA partenaire du Salon Horesta Hauts-de-France ! R\u00e9serv\u00e9 aux professionnels de l\u2019h\u00f4tellerie, la restauration et de l&rsquo;alimentaire, le salon Horesta se tiendra \u00e0 Lille Grand Palais du 12 au 14 septembre prochain. Partenaire de l\u2019\u00e9v\u00e9nement, la [&hellip;]<\/p>\n","protected":false},"author":17,"featured_media":6656,"comment_status":"open","ping_status":"open","sticky":false,"template":"","format":"standard","meta":{"footnotes":""},"categories":[110],"tags":[],"class_list":["post-5430","post","type-post","status-publish","format-standard","has-post-thumbnail","hentry","category-archives"],"_links":{"self":[{"href":"https:\/\/www.cma-hautsdefrance.fr\/blog\/wp-json\/wp\/v2\/posts\/5430","targetHints":{"allow":["GET"]}}],"collection":[{"href":"https:\/\/www.cma-hautsdefrance.fr\/blog\/wp-json\/wp\/v2\/posts"}],"about":[{"href":"https:\/\/www.cma-hautsdefrance.fr\/blog\/wp-json\/wp\/v2\/types\/post"}],"author":[{"embeddable":true,"href":"https:\/\/www.cma-hautsdefrance.fr\/blog\/wp-json\/wp\/v2\/users\/17"}],"replies":[{"embeddable":true,"href":"https:\/\/www.cma-hautsdefrance.fr\/blog\/wp-json\/wp\/v2\/comments?post=5430"}],"version-history":[{"count":40,"href":"https:\/\/www.cma-hautsdefrance.fr\/blog\/wp-json\/wp\/v2\/posts\/5430\/revisions"}],"predecessor-version":[{"id":6672,"href":"https:\/\/www.cma-hautsdefrance.fr\/blog\/wp-json\/wp\/v2\/posts\/5430\/revisions\/6672"}],"wp:featuredmedia":[{"embeddable":true,"href":"https:\/\/www.cma-hautsdefrance.fr\/blog\/wp-json\/wp\/v2\/media\/6656"}],"wp:attachment":[{"href":"https:\/\/www.cma-hautsdefrance.fr\/blog\/wp-json\/wp\/v2\/media?parent=5430"}],"wp:term":[{"taxonomy":"category","embeddable":true,"href":"https:\/\/www.cma-hautsdefrance.fr\/blog\/wp-json\/wp\/v2\/categories?post=5430"},{"taxonomy":"post_tag","embeddable":true,"href":"https:\/\/www.cma-hautsdefrance.fr\/blog\/wp-json\/wp\/v2\/tags?post=5430"}],"curies":[{"name":"wp","href":"https:\/\/api.w.org\/{rel}","templated":true}]}}