{"id":5583,"date":"2021-07-02T10:13:14","date_gmt":"2021-07-02T08:13:14","guid":{"rendered":"https:\/\/www.cma-hautsdefrance.fr\/blog\/?p=5583"},"modified":"2024-05-14T14:48:53","modified_gmt":"2024-05-14T12:48:53","slug":"boucherie-lanvin","status":"publish","type":"post","link":"https:\/\/www.cma-hautsdefrance.fr\/blog\/archives\/boucherie-lanvin\/","title":{"rendered":"La Maison Lanvin, une histoire de famille depuis 1924"},"content":{"rendered":"<span class=\"rt-reading-time\" style=\"display: block;\"><span class=\"rt-label rt-prefix\">Temps de lecture\u00a0: <\/span> <span class=\"rt-time\">2<\/span> <span class=\"rt-label rt-postfix\">minutes<\/span><\/span>\n<h2 class=\"has-text-color wp-block-heading\" style=\"color:#f6bf39\">Fr\u00e9d\u00e9ric LANVIN est g\u00e9rant de la Maison Lanvin, une entreprise familiale de boucherie-charcuterie-traiteur \u00e0 Petit-Fort-Philippe, l\u2019un des trois hameaux de Gravelines. Fond\u00e9e il y a pr\u00e8s d\u2019un si\u00e8cle par son arri\u00e8re-grand-p\u00e8re Julien LANVIN, elle a ensuite \u00e9t\u00e9 reprise par son grand-p\u00e8re, suivi de son p\u00e8re, puis par Fr\u00e9d\u00e9ric lui-m\u00eame en 2007.<\/h2>\n\n\n\n<div style=\"height:40px\" aria-hidden=\"true\" class=\"wp-block-spacer\"><\/div>\n\n\n\n<p style=\"font-size:18px\">\u00c0 la t\u00eate de l\u2019affaire familiale dont une deuxi\u00e8me boutique a vu le jour \u00e0 Gravelines centre en 2002, Fr\u00e9d\u00e9ric a r\u00e9cemment obtenu le <a href=\"https:\/\/www.cma-hautsdefrance.fr\/charte-qualite-artisan\/\" target=\"_blank\" aria-label=\" (opens in a new tab)\" rel=\"noreferrer noopener nofollow\" class=\"rank-math-link\">label Charte Qualit\u00e9<\/a>\u00ae mais \u00e9galement le titre de Ma\u00eetre Artisan. Deux certifications attestant de l\u2019excellence de ses produits :<\/p>\n\n\n\n<div style=\"height:39px\" aria-hidden=\"true\" class=\"wp-block-spacer\"><\/div>\n\n\n\n<div class=\"wp-block-columns is-layout-flex wp-container-core-columns-is-layout-9d6595d7 wp-block-columns-is-layout-flex\">\n<div class=\"wp-block-column is-layout-flow wp-block-column-is-layout-flow\">\n<figure class=\"wp-block-image size-large\"><img loading=\"lazy\" decoding=\"async\" width=\"800\" height=\"600\" src=\"https:\/\/www.cma-hautsdefrance.fr\/blog\/wp-content\/uploads\/2021\/07\/rencontres_artisans-inspirants.jpg\" alt=\"boucherie\" class=\"wp-image-5589\"\/><\/figure>\n<\/div>\n\n\n\n<div class=\"wp-block-column is-layout-flow wp-block-column-is-layout-flow\">\n<div style=\"height:92px\" aria-hidden=\"true\" class=\"wp-block-spacer\"><\/div>\n\n\n\n<blockquote class=\"wp-block-quote is-layout-flow wp-block-quote-is-layout-flow\"><p><em>Notre cuisine et nos charcuteries sont faites maison, avec des produits r\u00e9gionaux. Le fait de travailler avec les m\u00eames \u00e9leveurs permet d\u2019avoir une r\u00e9gularit\u00e9 dans nos produits qui est appr\u00e9ci\u00e9e par nos clients.<\/em><\/p><\/blockquote>\n<\/div>\n<\/div>\n\n\n\n<div style=\"height:55px\" aria-hidden=\"true\" class=\"wp-block-spacer\"><\/div>\n\n\n\n<div class=\"wp-block-columns is-layout-flex wp-container-core-columns-is-layout-9d6595d7 wp-block-columns-is-layout-flex\">\n<div class=\"wp-block-column is-layout-flow wp-block-column-is-layout-flow\">\n<p style=\"font-size:18px\">Accompagn\u00e9 par l\u2019Antenne CMA de Dunkerque, Fr\u00e9d\u00e9ric vise d\u00e9sormais la certification <strong><a href=\"https:\/\/www.artisanenor.fr\/\" target=\"_blank\" aria-label=\" (opens in a new tab)\" rel=\"noreferrer noopener nofollow\" class=\"rank-math-link\">Artisan en\u2019Or\u00ae<\/a><\/strong>, un gage de reconnaissance qui repr\u00e9sente l\u2019excellence selon lui.<\/p>\n\n\n\n<div style=\"height:27px\" aria-hidden=\"true\" class=\"wp-block-spacer\"><\/div>\n\n\n\n<h5 class=\"has-text-align-center has-text-color wp-block-heading\" style=\"color:#f6bf39;font-size:22px\">La transmission par apprentissage<\/h5>\n\n\n\n<div style=\"height:31px\" aria-hidden=\"true\" class=\"wp-block-spacer\"><\/div>\n\n\n\n<p class=\"has-text-align-center\" style=\"font-size:18px\"><strong>Lui-m\u00eame apprenti aupr\u00e8s de son p\u00e8re \u00e0 l\u2019\u00e9poque, Fr\u00e9d\u00e9ric forme aujourd\u2019hui son fils \u00e2g\u00e9 de 16 ans,<\/strong> apprenti en CAP<br>Boucherie \u00e0 l\u2019antenne <a href=\"https:\/\/www.cma-hautsdefrance.fr\/antenne-formation-entreprises-calais\/\" target=\"_blank\" aria-label=\" (opens in a new tab)\" rel=\"noreferrer noopener nofollow\" class=\"rank-math-link\">CMA de Calais<\/a> et destin\u00e9 \u00e0 perp\u00e9tuer la tradition familiale. Mais c\u2019est loin d\u2019\u00eatre le seul de la maison :<\/p>\n\n\n\n<div style=\"height:24px\" aria-hidden=\"true\" class=\"wp-block-spacer\"><\/div>\n\n\n\n<p class=\"has-text-color\" style=\"color:#f6bf39;font-size:18px\"><em>\u00ab J\u2019embauche des apprentis tous les ans en boucherie et en charcuterie. J\u2019aime leur transmettre le savoir-faire traditionnel. \u00bb<\/em> t\u00e9moigne-t-il.<\/p>\n<\/div>\n\n\n\n<div class=\"wp-block-column is-layout-flow wp-block-column-is-layout-flow\">\n<figure class=\"wp-block-image size-large\"><img loading=\"lazy\" decoding=\"async\" width=\"800\" height=\"600\" src=\"https:\/\/www.cma-hautsdefrance.fr\/blog\/wp-content\/uploads\/2021\/07\/boucherie_charcuterie_traiteur_lanvin.jpg\" alt=\"boucherie\" class=\"wp-image-5594\"\/><\/figure>\n<\/div>\n<\/div>\n\n\n\n<div style=\"height:33px\" aria-hidden=\"true\" class=\"wp-block-spacer\"><\/div>\n\n\n\n<h5 class=\"has-text-align-center wp-block-heading\"><a href=\"https:\/\/www.google.com\/maps\/place\/Lanvin\/@51.0035329,2.1087181,17z\/data=!3m1!4b1!4m5!3m4!1s0x47dc67a283e8f53b:0x8fc428b301b5f984!8m2!3d51.0035148!4d2.1108731\" target=\"_blank\" aria-label=\" (opens in a new tab)\" rel=\"noreferrer noopener nofollow\" class=\"rank-math-link\"><strong>Maison Lanvin<\/strong><br>Avenue de la Mer<br>59820 Gravelines<\/a><br>maisonlanvin@gmail.com<br>03 28 23 49 30<\/h5>\n","protected":false},"excerpt":{"rendered":"<p><span class=\"rt-reading-time\" style=\"display: block;\"><span class=\"rt-label rt-prefix\">Temps de lecture\u00a0: <\/span> <span class=\"rt-time\">2<\/span> <span class=\"rt-label rt-postfix\">minutes<\/span><\/span> Fr\u00e9d\u00e9ric LANVIN est g\u00e9rant de la Maison Lanvin, une entreprise familiale de boucherie-charcuterie-traiteur \u00e0 Petit-Fort-Philippe, l\u2019un des trois hameaux de Gravelines. Fond\u00e9e il y a pr\u00e8s d\u2019un si\u00e8cle par son arri\u00e8re-grand-p\u00e8re Julien LANVIN, elle a ensuite \u00e9t\u00e9 reprise par son [&hellip;]<\/p>\n","protected":false},"author":17,"featured_media":6655,"comment_status":"open","ping_status":"open","sticky":false,"template":"","format":"standard","meta":{"footnotes":""},"categories":[110],"tags":[],"class_list":["post-5583","post","type-post","status-publish","format-standard","has-post-thumbnail","hentry","category-archives"],"_links":{"self":[{"href":"https:\/\/www.cma-hautsdefrance.fr\/blog\/wp-json\/wp\/v2\/posts\/5583","targetHints":{"allow":["GET"]}}],"collection":[{"href":"https:\/\/www.cma-hautsdefrance.fr\/blog\/wp-json\/wp\/v2\/posts"}],"about":[{"href":"https:\/\/www.cma-hautsdefrance.fr\/blog\/wp-json\/wp\/v2\/types\/post"}],"author":[{"embeddable":true,"href":"https:\/\/www.cma-hautsdefrance.fr\/blog\/wp-json\/wp\/v2\/users\/17"}],"replies":[{"embeddable":true,"href":"https:\/\/www.cma-hautsdefrance.fr\/blog\/wp-json\/wp\/v2\/comments?post=5583"}],"version-history":[{"count":17,"href":"https:\/\/www.cma-hautsdefrance.fr\/blog\/wp-json\/wp\/v2\/posts\/5583\/revisions"}],"predecessor-version":[{"id":6308,"href":"https:\/\/www.cma-hautsdefrance.fr\/blog\/wp-json\/wp\/v2\/posts\/5583\/revisions\/6308"}],"wp:featuredmedia":[{"embeddable":true,"href":"https:\/\/www.cma-hautsdefrance.fr\/blog\/wp-json\/wp\/v2\/media\/6655"}],"wp:attachment":[{"href":"https:\/\/www.cma-hautsdefrance.fr\/blog\/wp-json\/wp\/v2\/media?parent=5583"}],"wp:term":[{"taxonomy":"category","embeddable":true,"href":"https:\/\/www.cma-hautsdefrance.fr\/blog\/wp-json\/wp\/v2\/categories?post=5583"},{"taxonomy":"post_tag","embeddable":true,"href":"https:\/\/www.cma-hautsdefrance.fr\/blog\/wp-json\/wp\/v2\/tags?post=5583"}],"curies":[{"name":"wp","href":"https:\/\/api.w.org\/{rel}","templated":true}]}}