{"id":5694,"date":"2021-07-05T15:04:56","date_gmt":"2021-07-05T13:04:56","guid":{"rendered":"https:\/\/www.cma-hautsdefrance.fr\/blog\/?p=5694"},"modified":"2024-05-13T15:26:05","modified_gmt":"2024-05-13T13:26:05","slug":"transition-ecologique","status":"publish","type":"post","link":"https:\/\/www.cma-hautsdefrance.fr\/blog\/archives\/transition-ecologique\/","title":{"rendered":"R\u00e9alisez votre transition \u00e9cologique gr\u00e2ce \u00e0 la CMA Hauts-de-France"},"content":{"rendered":"<span class=\"rt-reading-time\" style=\"display: block;\"><span class=\"rt-label rt-prefix\">Temps de lecture\u00a0: <\/span> <span class=\"rt-time\">3<\/span> <span class=\"rt-label rt-postfix\">minutes<\/span><\/span>\n<div style=\"height:24px\" aria-hidden=\"true\" class=\"wp-block-spacer\"><\/div>\n\n\n\n<p class=\"has-black-color has-text-color\" style=\"font-size:18px\"><strong>Dans le cadre du plan France Relance port\u00e9 par l\u2019Etat, la CMA se mobilise pour vous accompagner dans la transition \u00e9cologique. Concr\u00e8tement, c\u2019est l\u2019opportunit\u00e9 pour vous de dresser un bilan de votre entreprise afin de l&rsquo;inscrire dans un d\u00e9veloppement plus durable : \u00e9conomies d\u2019\u00e9nergie, valorisation des d\u00e9chets ou encore label environnemental.<\/strong><\/p>\n\n\n\n<div style=\"height:51px\" aria-hidden=\"true\" class=\"wp-block-spacer\"><\/div>\n\n\n\n<h2 class=\"wp-block-heading\"><strong><span style=\"color:#1aae8a\" class=\"has-inline-color\">Le diagnostic : un outil \u00e0 disposition de tous ! <\/span><\/strong><\/h2>\n\n\n\n<div style=\"height:32px\" aria-hidden=\"true\" class=\"wp-block-spacer\"><\/div>\n\n\n\n<p style=\"font-size:18px\">Le Diagnostic Environnement s\u2019adresse \u00e0 tous les secteurs d\u2019activit\u00e9s de l\u2019artisanat et ne vous co\u00fbte rien puisqu\u2019il est int\u00e9gralement pris en charge par l\u2019\u00e9tat et la CMA. Un expert se d\u00e9place dans votre entreprise, analyse vos besoins et identifie des axes d\u2019am\u00e9lioration et, en fonction des r\u00e9sultats, vous oriente vers le dispositif le plus adapt\u00e9 :<\/p>\n\n\n\n<div style=\"height:40px\" aria-hidden=\"true\" class=\"wp-block-spacer\"><\/div>\n\n\n\n<div class=\"wp-block-columns is-layout-flex wp-container-core-columns-is-layout-9d6595d7 wp-block-columns-is-layout-flex\">\n<div class=\"wp-block-column is-layout-flow wp-block-column-is-layout-flow\">\n<p style=\"font-size:18px\"><strong><a href=\"https:\/\/hautsdefrance.cci.fr\/solutions\/booster-transition-ecologique\/\" class=\"rank-math-link\" rel=\"nofollow noopener\">Le booster transition \u00e9cologique <\/a><\/strong>accompagne l\u2019artisan dans la transformation de son activit\u00e9, la r\u00e9alisation de projets, la recherche de subventions, l\u2019obtention d\u2019un label ou encore la mise aux normes pour respecter la r\u00e9glementation environnementale.<\/p>\n<\/div>\n\n\n\n<div class=\"wp-block-column is-layout-flow wp-block-column-is-layout-flow\">\n<p style=\"font-size:18px\"><strong><a href=\"https:\/\/www.gagnantessurtouslescouts.fr\/\" class=\"rank-math-link broken_link\" rel=\"nofollow noopener\">TPE &amp; PME gagnantes sur tous les co\u00fbts<\/a><\/strong> vise \u00e0 r\u00e9duire les co\u00fbts de l\u2019entreprise tout en diminuant l\u2019impact de son activit\u00e9 sur l\u2019environnement. L\u2019objectif est de supprimer les pertes cach\u00e9es en agissant sur l\u2019\u00e9nergie, la gestion des d\u00e9chets, les mati\u00e8res premi\u00e8res et l&rsquo;eau.<\/p>\n<\/div>\n\n\n\n<div class=\"wp-block-column is-layout-flow wp-block-column-is-layout-flow\">\n<p style=\"font-size:18px\"><strong><a href=\"https:\/\/www.artisanat.fr\/reparacteurs\" class=\"rank-math-link\" rel=\"nofollow noopener\">R\u00e9par\u2019acteurs<\/a> <\/strong>s\u2019adresse aux artisans de la r\u00e9paration en leur proposant de se positionner comme des acteurs du d\u00e9veloppement durable et de l\u2019\u00e9conomie circulaire. Gr\u00e2ce \u00e0 l&rsquo;obtention du kit de communication (vitrophanie, affiches\u2026), l\u2019entreprise peut revendiquer ce statut et d\u00e9velopper son activit\u00e9.<\/p>\n<\/div>\n<\/div>\n\n\n\n<div style=\"height:24px\" aria-hidden=\"true\" class=\"wp-block-spacer\"><\/div>\n\n\n\n<div class=\"wp-block-columns is-layout-flex wp-container-core-columns-is-layout-9d6595d7 wp-block-columns-is-layout-flex\"><\/div>\n\n\n\n<div style=\"height:21px\" aria-hidden=\"true\" class=\"wp-block-spacer\"><\/div>\n\n\n\n<hr class=\"wp-block-separator\"\/>\n\n\n\n<div style=\"height:55px\" aria-hidden=\"true\" class=\"wp-block-spacer\"><\/div>\n\n\n\n<h2 class=\"has-text-color wp-block-heading\" style=\"color:#1aae8a\">\u00c0 chaque d\u00e9partement son interlocuteur privil\u00e9gi\u00e9<\/h2>\n\n\n\n<div style=\"height:27px\" aria-hidden=\"true\" class=\"wp-block-spacer\"><\/div>\n\n\n\n<p style=\"font-size:18px\">Pour vous conseiller et vous accompagner dans cette transition \u00e9cologique, la CMA Hauts-de-France renforce ses \u00e9quipes. Dix charg\u00e9s de mission d\u00e9veloppement durable, r\u00e9partis sur tout le territoire, sont \u00e0 votre \u00e9coute !<\/p>\n\n\n\n<div style=\"height:23px\" aria-hidden=\"true\" class=\"wp-block-spacer\"><\/div>\n\n\n\n<div class=\"wp-block-columns is-layout-flex wp-container-core-columns-is-layout-9d6595d7 wp-block-columns-is-layout-flex\">\n<div class=\"wp-block-column is-layout-flow wp-block-column-is-layout-flow\" style=\"flex-basis:33.33%\">\n<div class=\"wp-block-image is-style-rounded\"><figure class=\"aligncenter size-medium is-resized\"><img loading=\"lazy\" decoding=\"async\" src=\"https:\/\/www.cma-hautsdefrance.fr\/blog\/wp-content\/uploads\/2021\/07\/developpement-durable-225x300.png\" alt=\"\" class=\"wp-image-6477\" width=\"300\" height=\"400\"\/><\/figure><\/div>\n\n\n\n<h6 class=\"has-text-align-center wp-block-heading\" style=\"font-size:14px\">Geoffrey Landouzi,<br> charg\u00e9 de mission d\u00e9veloppement durable, Antenne d\u2019Urcel<\/h6>\n<\/div>\n\n\n\n<div class=\"wp-block-column is-layout-flow wp-block-column-is-layout-flow\" style=\"flex-basis:66.66%\">\n<div style=\"height:80px\" aria-hidden=\"true\" class=\"wp-block-spacer\"><\/div>\n\n\n\n<p class=\"has-background\" style=\"background-color:#1aae8a;font-size:18px\">Nous avons la possibilit\u00e9 de r\u00e9pondre aux besoins des artisans en mati\u00e8re \u00e9conomique, sociale et environnementale. Ma mission est d\u2019aider \u00e0 rendre accessible la transition \u00e9nerg\u00e9tique et \u00e9cologique aux artisans via notre accompagnement environnemental. Il a pour but, apr\u00e8s une analyse approfondie, de formaliser les actions prioritaires pour ma\u00eetriser sa consommation \u00e9nerg\u00e9tique, r\u00e9duire son empreinte carbone, optimiser les co\u00fbts de son entreprise et valoriser ses actions environnementales aupr\u00e8s de ses clients.<\/p>\n<\/div>\n<\/div>\n\n\n\n<div style=\"height:34px\" aria-hidden=\"true\" class=\"wp-block-spacer\"><\/div>\n\n\n\n<hr class=\"wp-block-separator is-style-wide\"\/>\n\n\n\n<div style=\"height:45px\" aria-hidden=\"true\" class=\"wp-block-spacer\"><\/div>\n\n\n\n<div class=\"wp-block-columns is-layout-flex wp-container-core-columns-is-layout-9d6595d7 wp-block-columns-is-layout-flex\">\n<div class=\"wp-block-column is-layout-flow wp-block-column-is-layout-flow\" style=\"flex-basis:33.33%\">\n<div class=\"wp-block-image is-style-rounded\"><figure class=\"aligncenter size-large\"><img loading=\"lazy\" decoding=\"async\" width=\"300\" height=\"400\" src=\"https:\/\/www.cma-hautsdefrance.fr\/blog\/wp-content\/uploads\/2021\/07\/vignette-naomi.jpg\" alt=\"\" class=\"wp-image-5709\"\/><\/figure><\/div>\n\n\n\n<h6 class=\"has-text-align-center wp-block-heading\" style=\"font-size:14px\">Naomi Simeon, charg\u00e9e de mission d\u00e9veloppement durable, Antenne d\u2019Abbeville<\/h6>\n<\/div>\n\n\n\n<div class=\"wp-block-column is-layout-flow wp-block-column-is-layout-flow\" style=\"flex-basis:66.66%\">\n<div style=\"height:60px\" aria-hidden=\"true\" class=\"wp-block-spacer\"><\/div>\n\n\n\n<p class=\"has-background\" style=\"background-color:#1aae8a;font-size:18px\">Les artisans sont tr\u00e8s impliqu\u00e9s sur leur territoire, de fait, les enjeux du d\u00e9veloppement durable les impactent et les touchent directement. Par exemple, si le bl\u00e9 ne pousse pas (par manque d&rsquo;eau ou autre) le boulanger ne pourra pas acheter sa farine et le consommateur ne pourra pas acheter son pain. Ils ont donc un r\u00f4le \u00e0 jouer.<\/p>\n\n\n\n<p class=\"has-background\" style=\"background-color:#1aae8a;font-size:18px\">Pour assurer la p\u00e9rennit\u00e9 de l\u2019artisanat, il est essentiel d\u2019inventer de nouvelles mani\u00e8res de faire. S\u2019approvisionner localement, limiter les d\u00e9chets, chercher des secteurs de revalorisation ou encore utiliser des \u00e9nergies renouvelables sont des opportunit\u00e9s \u00e0 saisir.<\/p>\n<\/div>\n<\/div>\n\n\n\n<div style=\"height:82px\" aria-hidden=\"true\" class=\"wp-block-spacer\"><\/div>\n\n\n\n<h2 class=\"has-text-color wp-block-heading\" style=\"color:#1aae8a\">Appelez votre charg\u00e9 de mission d\u00e9veloppement durable<\/h2>\n\n\n\n<div style=\"height:60px\" aria-hidden=\"true\" class=\"wp-block-spacer\"><\/div>\n\n\n\n<div class=\"wp-block-columns is-layout-flex wp-container-core-columns-is-layout-9d6595d7 wp-block-columns-is-layout-flex\">\n<div class=\"wp-block-column is-layout-flow wp-block-column-is-layout-flow\" style=\"flex-basis:33.33%\">\n<figure class=\"wp-block-image size-large\"><img loading=\"lazy\" decoding=\"async\" width=\"420\" height=\"1024\" src=\"https:\/\/www.cma-hautsdefrance.fr\/blog\/wp-content\/uploads\/2021\/07\/aides-financie\u0300res-ademe_-420x1024.png\" alt=\"\" class=\"wp-image-5753\"\/><\/figure>\n<\/div>\n\n\n\n<div class=\"wp-block-column is-layout-flow wp-block-column-is-layout-flow\" style=\"flex-basis:66.66%\">\n<figure class=\"wp-block-image size-large\"><img loading=\"lazy\" decoding=\"async\" width=\"802\" height=\"1024\" src=\"https:\/\/www.cma-hautsdefrance.fr\/blog\/wp-content\/uploads\/2021\/07\/carte-p7_2-802x1024.png\" alt=\"\" class=\"wp-image-5750\"\/><\/figure>\n<\/div>\n<\/div>\n\n\n\n<div class=\"wp-block-columns is-layout-flex wp-container-core-columns-is-layout-9d6595d7 wp-block-columns-is-layout-flex\">\n<div class=\"wp-block-column is-layout-flow wp-block-column-is-layout-flow\"><\/div>\n<\/div>\n\n\n\n<div style=\"height:40px\" aria-hidden=\"true\" class=\"wp-block-spacer\"><\/div>\n\n\n\n<p style=\"font-size:18px\">Pour vous accompagner vers votre transition \u00e9cologique, rendez-vous sur la page <a href=\"https:\/\/www.cma-hautsdefrance.fr\/diminuer-impact-environnemental\/\" class=\"rank-math-link\">Diminuer son impact<\/a> du site de la CMA Hauts-de-France ou contactez-nous au 09 72 72 72 07 \/ developpementdurable@cma-hautsdefrance.fr.<\/p>\n\n\n\n<div style=\"height:37px\" aria-hidden=\"true\" class=\"wp-block-spacer\"><\/div>\n\n\n\n<p><\/p>\n","protected":false},"excerpt":{"rendered":"<p><span class=\"rt-reading-time\" style=\"display: block;\"><span class=\"rt-label rt-prefix\">Temps de lecture\u00a0: <\/span> <span class=\"rt-time\">3<\/span> <span class=\"rt-label rt-postfix\">minutes<\/span><\/span> Dans le cadre du plan France Relance port\u00e9 par l\u2019Etat, la CMA se mobilise pour vous accompagner dans la transition \u00e9cologique. Concr\u00e8tement, c\u2019est l\u2019opportunit\u00e9 pour vous de dresser un bilan de votre entreprise afin de l&rsquo;inscrire dans un d\u00e9veloppement plus [&hellip;]<\/p>\n","protected":false},"author":17,"featured_media":6636,"comment_status":"open","ping_status":"open","sticky":false,"template":"","format":"standard","meta":{"footnotes":""},"categories":[110],"tags":[],"class_list":["post-5694","post","type-post","status-publish","format-standard","has-post-thumbnail","hentry","category-archives"],"_links":{"self":[{"href":"https:\/\/www.cma-hautsdefrance.fr\/blog\/wp-json\/wp\/v2\/posts\/5694","targetHints":{"allow":["GET"]}}],"collection":[{"href":"https:\/\/www.cma-hautsdefrance.fr\/blog\/wp-json\/wp\/v2\/posts"}],"about":[{"href":"https:\/\/www.cma-hautsdefrance.fr\/blog\/wp-json\/wp\/v2\/types\/post"}],"author":[{"embeddable":true,"href":"https:\/\/www.cma-hautsdefrance.fr\/blog\/wp-json\/wp\/v2\/users\/17"}],"replies":[{"embeddable":true,"href":"https:\/\/www.cma-hautsdefrance.fr\/blog\/wp-json\/wp\/v2\/comments?post=5694"}],"version-history":[{"count":37,"href":"https:\/\/www.cma-hautsdefrance.fr\/blog\/wp-json\/wp\/v2\/posts\/5694\/revisions"}],"predecessor-version":[{"id":6490,"href":"https:\/\/www.cma-hautsdefrance.fr\/blog\/wp-json\/wp\/v2\/posts\/5694\/revisions\/6490"}],"wp:featuredmedia":[{"embeddable":true,"href":"https:\/\/www.cma-hautsdefrance.fr\/blog\/wp-json\/wp\/v2\/media\/6636"}],"wp:attachment":[{"href":"https:\/\/www.cma-hautsdefrance.fr\/blog\/wp-json\/wp\/v2\/media?parent=5694"}],"wp:term":[{"taxonomy":"category","embeddable":true,"href":"https:\/\/www.cma-hautsdefrance.fr\/blog\/wp-json\/wp\/v2\/categories?post=5694"},{"taxonomy":"post_tag","embeddable":true,"href":"https:\/\/www.cma-hautsdefrance.fr\/blog\/wp-json\/wp\/v2\/tags?post=5694"}],"curies":[{"name":"wp","href":"https:\/\/api.w.org\/{rel}","templated":true}]}}