{"id":5795,"date":"2021-07-05T17:12:49","date_gmt":"2021-07-05T15:12:49","guid":{"rendered":"https:\/\/www.cma-hautsdefrance.fr\/blog\/?p=5795"},"modified":"2025-01-30T16:25:13","modified_gmt":"2025-01-30T15:25:13","slug":"metiers-dart","status":"publish","type":"post","link":"https:\/\/www.cma-hautsdefrance.fr\/blog\/archives\/metiers-dart\/","title":{"rendered":"Le retour du Salon International des M\u00e9tiers d&rsquo;Art"},"content":{"rendered":"<span class=\"rt-reading-time\" style=\"display: block;\"><span class=\"rt-label rt-prefix\">Temps de lecture\u00a0: <\/span> <span class=\"rt-time\">2<\/span> <span class=\"rt-label rt-postfix\">minutes<\/span><\/span>\n<h2 class=\"wp-block-heading has-text-color\" style=\"color:#f6bf39\">\u00c0 vos agendas ! Cette ann\u00e9e, le Salon International des M\u00e9tiers d&rsquo;Art (SIMA) aura lieu les 12, 13 et 14 Novembre 2021 dans les salons Prestige du Stade Bollaert-Delelis de Lens avec toujours plus d\u2019excellence.<\/h2>\n\n\n\n<div style=\"height:40px\" aria-hidden=\"true\" class=\"wp-block-spacer\"><\/div>\n\n\n\n<p style=\"font-size:18px\">Suite au report de l\u2019\u00e9dition 2020, nous avons conserv\u00e9 l\u2019ensemble des exposants retenu par notre comit\u00e9 de s\u00e9lection ainsi que notre th\u00e9matique : <br>le Design. Nouveaut\u00e9, une \u00e9dition virtuelle est en cours de pr\u00e9paration afin de prolonger ces trois jours !<\/p>\n\n\n\n<div style=\"height:15px\" aria-hidden=\"true\" class=\"wp-block-spacer\"><\/div>\n\n\n\n<p style=\"font-size:18px\"><\/p>\n\n\n\n<p style=\"font-size:18px\">Julie LAMBERT-COUCOT est issue d\u2019une famille d\u2019horlogers-bijoutiers install\u00e9e dans le Nord depuis 1954. Elle grandit dans cet univers et h\u00e9rite de la passion familiale. D\u00e8s l\u2019\u00e2ge de 15 ans, elle commence ses \u00e9tudes au Lyc\u00e9e et termine avec un DMA \u00e0 l\u2019\u00e9cole Boulle de Paris. Elle se forge une exp\u00e9rience professionnelle aupr\u00e8s de c\u00e9l\u00e8bres maisons de joailliers telles que Van Cleef &amp; Arpels, Dior ou encore De Grisogono. Puis en 2013, elle d\u00e9cide de cr\u00e9er sa 1\u00e8re marque : l\u2019Artisan Cr\u00e9ateur. En 2019, Julie cr\u00e9e COUCOT, une marque \u00e9ponyme qui se veut plus personnelle dans un univers chic et rock.<\/p>\n\n\n\n<div style=\"height:50px\" aria-hidden=\"true\" class=\"wp-block-spacer\"><\/div>\n\n\n<div class=\"wp-block-image is-style-rounded\">\n<figure class=\"aligncenter size-large\"><img loading=\"lazy\" decoding=\"async\" width=\"600\" height=\"600\" src=\"https:\/\/www.cma-hautsdefrance.fr\/blog\/wp-content\/uploads\/2021\/07\/Portrait-Julie-Lambert2.jpg\" alt=\"\" class=\"wp-image-5798\"\/><\/figure>\n<\/div>\n\n\n<div style=\"height:45px\" aria-hidden=\"true\" class=\"wp-block-spacer\"><\/div>\n\n\n\n<p style=\"font-size:18px\">Des objets qui ont une histoire et qui ont ce quelque chose qui leur conf\u00e8re un suppl\u00e9ment d&rsquo;\u00e2me, voil\u00e0 ce qu\u2019est Coucot ! Des objets uniques, n\u00e9s de la main de l\u2019artisan, qui r\u00e9v\u00e8lent une \u00e9motion et qui ont une signification particuli\u00e8re pour la personne qui les porte.<\/p>\n\n\n\n<div style=\"height:37px\" aria-hidden=\"true\" class=\"wp-block-spacer\"><\/div>\n\n\n\n<h5 class=\"wp-block-heading has-text-align-center has-background\" style=\"background-color:#f6bf39\">\u00ab Plus qu\u2019une parure, le bijou et les accessoires sont le reflet de notre personnalit\u00e9 \u00bb.<\/h5>\n\n\n\n<div style=\"height:38px\" aria-hidden=\"true\" class=\"wp-block-spacer\"><\/div>\n\n\n\n<p style=\"font-size:18px\">Julie r\u00e9interpr\u00e8te des classiques du bijou \u00e0 l\u2019accessoire de coiffure tel que les peignes en passant par une gamme de maroquinerie et de chapeaux. Elle sculpte la corne et les m\u00e9taux avec une approche artisanale de la bijouterie cr\u00e9ant ainsi des bijoux de caract\u00e8re et des objets pr\u00e9cieux au design graphique. Le travail de la corne est r\u00e9guli\u00e8rement au c\u0153ur des collections et subtilement alli\u00e9 \u00e0 celui des m\u00e9taux pr\u00e9cieux. Retrouvez-l\u00e0 en novembre au SIMA.<\/p>\n\n\n\n<div style=\"height:41px\" aria-hidden=\"true\" class=\"wp-block-spacer\"><\/div>\n\n\n\n<p style=\"font-size:18px\"><strong>Julie LAMBERT-COUCOT<\/strong><br>83 avenue Jean Lebas,<br>59100 Roubaix<br>03 20 73 30 70<br>contact@coucot.fr<br><a class=\"rank-math-link\" href=\"http:\/\/coucot.com\" rel=\"nofollow noopener\">http:\/\/coucot.com<\/a><\/p>\n\n\n\n<div style=\"height:39px\" aria-hidden=\"true\" class=\"wp-block-spacer\"><\/div>\n\n\n\n<div style=\"height:55px\" aria-hidden=\"true\" class=\"wp-block-spacer\"><\/div>\n\n\n\n<div style=\"height:33px\" aria-hidden=\"true\" class=\"wp-block-spacer\"><\/div>\n","protected":false},"excerpt":{"rendered":"<p><span class=\"rt-reading-time\" style=\"display: block;\"><span class=\"rt-label rt-prefix\">Temps de lecture\u00a0: <\/span> <span class=\"rt-time\">2<\/span> <span class=\"rt-label rt-postfix\">minutes<\/span><\/span> \u00c0 vos agendas ! Cette ann\u00e9e, le Salon International des M\u00e9tiers d&rsquo;Art (SIMA) aura lieu les 12, 13 et 14 Novembre 2021 dans les salons Prestige du Stade Bollaert-Delelis de Lens avec toujours plus d\u2019excellence. Suite au report de l\u2019\u00e9dition [&hellip;]<\/p>\n","protected":false},"author":17,"featured_media":6657,"comment_status":"open","ping_status":"open","sticky":false,"template":"","format":"standard","meta":{"footnotes":""},"categories":[110],"tags":[],"class_list":["post-5795","post","type-post","status-publish","format-standard","has-post-thumbnail","hentry","category-archives"],"_links":{"self":[{"href":"https:\/\/www.cma-hautsdefrance.fr\/blog\/wp-json\/wp\/v2\/posts\/5795","targetHints":{"allow":["GET"]}}],"collection":[{"href":"https:\/\/www.cma-hautsdefrance.fr\/blog\/wp-json\/wp\/v2\/posts"}],"about":[{"href":"https:\/\/www.cma-hautsdefrance.fr\/blog\/wp-json\/wp\/v2\/types\/post"}],"author":[{"embeddable":true,"href":"https:\/\/www.cma-hautsdefrance.fr\/blog\/wp-json\/wp\/v2\/users\/17"}],"replies":[{"embeddable":true,"href":"https:\/\/www.cma-hautsdefrance.fr\/blog\/wp-json\/wp\/v2\/comments?post=5795"}],"version-history":[{"count":14,"href":"https:\/\/www.cma-hautsdefrance.fr\/blog\/wp-json\/wp\/v2\/posts\/5795\/revisions"}],"predecessor-version":[{"id":9976,"href":"https:\/\/www.cma-hautsdefrance.fr\/blog\/wp-json\/wp\/v2\/posts\/5795\/revisions\/9976"}],"wp:featuredmedia":[{"embeddable":true,"href":"https:\/\/www.cma-hautsdefrance.fr\/blog\/wp-json\/wp\/v2\/media\/6657"}],"wp:attachment":[{"href":"https:\/\/www.cma-hautsdefrance.fr\/blog\/wp-json\/wp\/v2\/media?parent=5795"}],"wp:term":[{"taxonomy":"category","embeddable":true,"href":"https:\/\/www.cma-hautsdefrance.fr\/blog\/wp-json\/wp\/v2\/categories?post=5795"},{"taxonomy":"post_tag","embeddable":true,"href":"https:\/\/www.cma-hautsdefrance.fr\/blog\/wp-json\/wp\/v2\/tags?post=5795"}],"curies":[{"name":"wp","href":"https:\/\/api.w.org\/{rel}","templated":true}]}}