{"id":5896,"date":"2021-07-09T09:33:28","date_gmt":"2021-07-09T07:33:28","guid":{"rendered":"https:\/\/www.cma-hautsdefrance.fr\/blog\/?p=5896"},"modified":"2024-05-14T14:44:57","modified_gmt":"2024-05-14T12:44:57","slug":"formation-2","status":"publish","type":"post","link":"https:\/\/www.cma-hautsdefrance.fr\/blog\/archives\/formation-2\/","title":{"rendered":"Rencontre avec Sylvie, experte de la formation sur le territoire de Compi\u00e8gne"},"content":{"rendered":"<span class=\"rt-reading-time\" style=\"display: block;\"><span class=\"rt-label rt-prefix\">Temps de lecture\u00a0: <\/span> <span class=\"rt-time\">2<\/span> <span class=\"rt-label rt-postfix\">minutes<\/span><\/span>\n<p><\/p>\n\n\n\n<h2 class=\"has-text-color wp-block-heading\" style=\"color:#f6bf39\">Son parcours professionnel a d\u00e9but\u00e9 par des fonctions dans le milieu m\u00e9dical. Plus de 25 ans apr\u00e8s, Sylvie PEREIRA-BAURIN a effectu\u00e9 une reconversion professionnelle en tant que Conseill\u00e8re en insertion professionnelle. Elle a d\u00e9couvert la CMA Hauts-de-France dans le cadre de l\u2019accompagnement \u00e0 la cr\u00e9ation d\u2019entreprise artisanale de son mari.<\/h2>\n\n\n\n<div style=\"height:40px\" aria-hidden=\"true\" class=\"wp-block-spacer\"><\/div>\n\n\n\n<div class=\"wp-block-columns is-layout-flex wp-container-core-columns-is-layout-9d6595d7 wp-block-columns-is-layout-flex\">\n<div class=\"wp-block-column is-layout-flow wp-block-column-is-layout-flow\">\n<div style=\"height:251px\" aria-hidden=\"true\" class=\"wp-block-spacer\"><\/div>\n\n\n\n<h5 class=\"has-text-align-center has-white-color has-text-color has-background wp-block-heading\" style=\"background-color:#f6bf39\">Les valeurs de la CMA et de l\u2019artisanat r\u00e9sonnent en moi : l\u2019authenticit\u00e9, le savoir-faire, la transmission et la qualit\u00e9. Ces valeurs me sont ch\u00e8res et il me semblait int\u00e9ressant de pouvoir les partager dans mes fonctions professionnelles.<\/h5>\n<\/div>\n\n\n\n<div class=\"wp-block-column is-layout-flow wp-block-column-is-layout-flow\">\n<div style=\"height:40px\" aria-hidden=\"true\" class=\"wp-block-spacer\"><\/div>\n\n\n\n<div class=\"wp-block-image is-style-rounded\"><figure class=\"aligncenter size-large\"><img loading=\"lazy\" decoding=\"async\" width=\"480\" height=\"640\" src=\"https:\/\/www.cma-hautsdefrance.fr\/blog\/wp-content\/uploads\/2021\/07\/Photo-spb1-netb.png\" alt=\"\" class=\"wp-image-5911\"\/><\/figure><\/div>\n<\/div>\n<\/div>\n\n\n\n<p style=\"font-size:18px\">C\u2019est dans cet \u00e9tat d\u2019esprit qu&rsquo;elle a int\u00e9gr\u00e9, en d\u00e9cembre 2019, l\u2019Antenne Entreprises et Formation de Compi\u00e8gne en tant que R\u00e9f\u00e9rente formation continue. Pendant six mois, elle a d\u00e9couvert les diff\u00e9rents services de la CMA et a suivi de mani\u00e8re administrative les personnes en formation. C&rsquo;est en ao\u00fbt 2020, qu&rsquo;elle saisit l&rsquo;opportunit\u00e9 de devenir Charg\u00e9e de Client\u00e8le Formation.<\/p>\n\n\n\n<div style=\"height:20px\" aria-hidden=\"true\" class=\"wp-block-spacer\"><\/div>\n\n\n\n<p style=\"font-size:18px\">Interlocutrice privil\u00e9gi\u00e9e des entreprises et des particuliers ayant des besoins de formation dans l\u2019artisanat, Sylvie propose \u00e0 tous des solutions. Ses comp\u00e9tences sont de l\u2019ordre du conseil en formation : apprentissage, formation continue et accompagnement des recruteurs d\u2019apprentis. Sur les territoires de Compi\u00e8gne, Cr\u00e9py-en-Valois, Noyon, Creil et Nogent-sur-Oise, elle propose des profils d\u2019apprentis aux entreprises du territoire avant de les accompagner dans l\u2019\u00e9laboration de leur contrat d\u2019apprentissage.<\/p>\n\n\n\n<div style=\"height:21px\" aria-hidden=\"true\" class=\"wp-block-spacer\"><\/div>\n\n\n\n<p style=\"font-size:18px\">J\u2019accompagne les personnes dans la construction de leur projet de formation et dans leurs recherches. \u00catre actrice de l\u2019avenir des jeunes, des adultes et des entreprises, participer \u00e0 leur projet de vie, c\u2019est tr\u00e8s riche. Ma plus belle r\u00e9compense, c\u2019est l\u2019obtention de leur dipl\u00f4me !<\/p>\n\n\n\n<div style=\"height:23px\" aria-hidden=\"true\" class=\"wp-block-spacer\"><\/div>\n\n\n\n<p style=\"font-size:18px\">Enfin, elle assure aussi la promotion de l\u2019offre de formation de la CMA. Interventions aupr\u00e8s de demandeurs d\u2019emplois, coll\u00e9giens et lyc\u00e9ens, animation des Mercredis de la Formation, organisation des journ\u00e9es portes ouvertes, ou encore d\u00e9veloppement des partenariats avec les acteurs du territoire, Sylvie est sur tous les fronts !<\/p>\n\n\n\n<div style=\"height:50px\" aria-hidden=\"true\" class=\"wp-block-spacer\"><\/div>\n\n\n\n<p style=\"font-size:18px\"><strong>Contactez-nous : 09 72 72 72 07 \/ contact@cma-hautsdefrance.fr \/ <a href=\"http:\/\/www.cma-hautsdefrance.fr\" class=\"rank-math-link\">www.cma-hautsdefrance.fr<\/a><\/strong><\/p>\n\n\n\n<div style=\"height:39px\" aria-hidden=\"true\" class=\"wp-block-spacer\"><\/div>\n\n\n\n<div style=\"height:55px\" aria-hidden=\"true\" class=\"wp-block-spacer\"><\/div>\n\n\n\n<div style=\"height:33px\" aria-hidden=\"true\" class=\"wp-block-spacer\"><\/div>\n","protected":false},"excerpt":{"rendered":"<p><span class=\"rt-reading-time\" style=\"display: block;\"><span class=\"rt-label rt-prefix\">Temps de lecture\u00a0: <\/span> <span class=\"rt-time\">2<\/span> <span class=\"rt-label rt-postfix\">minutes<\/span><\/span> Son parcours professionnel a d\u00e9but\u00e9 par des fonctions dans le milieu m\u00e9dical. Plus de 25 ans apr\u00e8s, Sylvie PEREIRA-BAURIN a effectu\u00e9 une reconversion professionnelle en tant que Conseill\u00e8re en insertion professionnelle. Elle a d\u00e9couvert la CMA Hauts-de-France dans le cadre [&hellip;]<\/p>\n","protected":false},"author":17,"featured_media":6564,"comment_status":"open","ping_status":"open","sticky":false,"template":"","format":"standard","meta":{"footnotes":""},"categories":[110],"tags":[],"class_list":["post-5896","post","type-post","status-publish","format-standard","has-post-thumbnail","hentry","category-archives"],"_links":{"self":[{"href":"https:\/\/www.cma-hautsdefrance.fr\/blog\/wp-json\/wp\/v2\/posts\/5896","targetHints":{"allow":["GET"]}}],"collection":[{"href":"https:\/\/www.cma-hautsdefrance.fr\/blog\/wp-json\/wp\/v2\/posts"}],"about":[{"href":"https:\/\/www.cma-hautsdefrance.fr\/blog\/wp-json\/wp\/v2\/types\/post"}],"author":[{"embeddable":true,"href":"https:\/\/www.cma-hautsdefrance.fr\/blog\/wp-json\/wp\/v2\/users\/17"}],"replies":[{"embeddable":true,"href":"https:\/\/www.cma-hautsdefrance.fr\/blog\/wp-json\/wp\/v2\/comments?post=5896"}],"version-history":[{"count":12,"href":"https:\/\/www.cma-hautsdefrance.fr\/blog\/wp-json\/wp\/v2\/posts\/5896\/revisions"}],"predecessor-version":[{"id":5912,"href":"https:\/\/www.cma-hautsdefrance.fr\/blog\/wp-json\/wp\/v2\/posts\/5896\/revisions\/5912"}],"wp:featuredmedia":[{"embeddable":true,"href":"https:\/\/www.cma-hautsdefrance.fr\/blog\/wp-json\/wp\/v2\/media\/6564"}],"wp:attachment":[{"href":"https:\/\/www.cma-hautsdefrance.fr\/blog\/wp-json\/wp\/v2\/media?parent=5896"}],"wp:term":[{"taxonomy":"category","embeddable":true,"href":"https:\/\/www.cma-hautsdefrance.fr\/blog\/wp-json\/wp\/v2\/categories?post=5896"},{"taxonomy":"post_tag","embeddable":true,"href":"https:\/\/www.cma-hautsdefrance.fr\/blog\/wp-json\/wp\/v2\/tags?post=5896"}],"curies":[{"name":"wp","href":"https:\/\/api.w.org\/{rel}","templated":true}]}}