{"id":5940,"date":"2021-07-12T10:03:50","date_gmt":"2021-07-12T08:03:50","guid":{"rendered":"https:\/\/www.cma-hautsdefrance.fr\/blog\/?p=5940"},"modified":"2024-05-14T14:44:09","modified_gmt":"2024-05-14T12:44:09","slug":"beaute","status":"publish","type":"post","link":"https:\/\/www.cma-hautsdefrance.fr\/blog\/archives\/beaute\/","title":{"rendered":"Avec Carole-Anne CAV\u00c9, la beaut\u00e9 se digitalise"},"content":{"rendered":"<span class=\"rt-reading-time\" style=\"display: block;\"><span class=\"rt-label rt-prefix\">Temps de lecture\u00a0: <\/span> <span class=\"rt-time\">2<\/span> <span class=\"rt-label rt-postfix\">minutes<\/span><\/span>\n<p><\/p>\n\n\n\n<p><\/p>\n\n\n\n<h2 class=\"has-text-align-left has-luminous-vivid-amber-color has-text-color wp-block-heading\">Avec le d\u00e9veloppement du commerce en ligne et l\u2019omnipr\u00e9sence des r\u00e9seaux sociaux, le num\u00e9rique est devenu un incontournable de la croissance d\u2019une entreprise. Les m\u00e9tiers de l\u2019artisanat sont concern\u00e9s, la crise sanitaire l\u2019a confirm\u00e9. Illustration r\u00e9ussie avec Carole-Anne CAV\u00c9, esth\u00e9ticienne \u00e0 domicile et dirigeante d\u2019un institut \u00e0 Saint-Andr\u00e9-Farivillers.<\/h2>\n\n\n\n<div style=\"height:78px\" aria-hidden=\"true\" class=\"wp-block-spacer\"><\/div>\n\n\n\n<div class=\"wp-block-columns is-layout-flex wp-container-core-columns-is-layout-9d6595d7 wp-block-columns-is-layout-flex\">\n<div class=\"wp-block-column is-layout-flow wp-block-column-is-layout-flow\">\n<p style=\"font-size:18px\">\u00c0 son compte depuis pr\u00e8s de dix ans, Carole-Anne CAV\u00c9 est esth\u00e9ticienne \u00e0 domicile et, depuis 2018, dirigeante de l\u2019institut de beaut\u00e9 Escale beaut\u00e9 pr\u00e8s de Breteuil. C\u2019est en 2019 qu\u2019elle a pris conscience de l\u2019importance d\u2019\u00eatre active sur la toile. Elle s\u2019est rapproch\u00e9e de la Communaut\u00e9 de Communes de l\u2019Oise Picarde o\u00f9 elle a pu effectuer plusieurs formations sur le num\u00e9rique et les r\u00e9seaux sociaux.<\/p>\n\n\n\n<p style=\"font-size:18px\"><em>\u00ab Pensant conna\u00eetre beaucoup de choses, je me suis rendue compte qu\u2019il y avait \u00e9norm\u00e9ment \u00e0 faire ! \u00bb<\/em> raconte-t-elle. Ni une ni deux, Carole-Anne se lance sur les r\u00e9seaux sociaux : Facebook, Instagram, YouTube, TikTok et se prend au jeu. Une d\u00e9marche payante puisqu&rsquo;elle augmente de mani\u00e8re significative son chiffre d\u2019affaires.<br><em>\u00ab J\u2019essaie de diversifier mes contenus et de m\u2019adapter aux demandes de mes clients ainsi qu\u2019aux sp\u00e9cificit\u00e9s des r\u00e9seaux sociaux \u00bb<\/em>. Entre conseils beaut\u00e9, tutos soins et live, elle est aujourd\u2019hui une vraie influenceuse beaut\u00e9, experte de son domaine et d\u00e9tentrice d\u2019une belle communaut\u00e9.<\/p>\n\n\n\n<p style=\"font-size:18px\">D\u00e9but 2020, elle est invit\u00e9e par France Num*, en tant qu\u2019intervenante sur le Salon des Entrepreneurs de Paris (devenu depuis Go Entrepreneurs). \u00c0 ce rendez-vous d\u00e9di\u00e9 aux cr\u00e9ateurs, start-up et dirigeants, elle t\u00e9moigne de son exp\u00e9rience.<\/p>\n<\/div>\n<\/div>\n\n\n\n<div style=\"height:37px\" aria-hidden=\"true\" class=\"wp-block-spacer\"><\/div>\n\n\n\n<div class=\"wp-block-image is-style-rounded\"><figure class=\"aligncenter size-large\"><img loading=\"lazy\" decoding=\"async\" width=\"1024\" height=\"748\" src=\"https:\/\/www.cma-hautsdefrance.fr\/blog\/wp-content\/uploads\/2021\/07\/P1013047-b-and-w-1024x748.png\" alt=\"\" class=\"wp-image-5941\"\/><\/figure><\/div>\n\n\n\n<div style=\"height:41px\" aria-hidden=\"true\" class=\"wp-block-spacer\"><\/div>\n\n\n\n<p style=\"font-size:18px\">Arrive alors le premier confinement, les boutiques en ligne explosent en France, le moment est id\u00e9al pour travailler sur son site internet. Un num\u00e9ricien de la CMA Hauts-de-France l\u2019accompagne via un Booster Num\u00e9rique de 20h. <em>\u00ab Depuis, mon site n\u2019est plus le m\u00eame ! J\u2019ai un vrai site de e-commerce professionnel o\u00f9 nous avons optimis\u00e9 l&rsquo;algorithme et le r\u00e9f\u00e9rencement. C\u2019est une vitrine pour mes produits. Mes ventes ont augment\u00e9 de + 1 100 % ! \u00bb<\/em> explique Carole-Anne. Afin d\u2019aller au bout des choses, son blog a \u00e9galement fait peau neuve et une newsletter a \u00e9t\u00e9 mise en place.<\/p>\n\n\n\n<p style=\"font-size:18px\">En parall\u00e8le, Carole-Anne s\u2019inscrit au concours national <em>\u00ab Les Foliweb Awards \u00bb<\/em> qui r\u00e9compense les petites entreprises ayant initi\u00e9 ou d\u00e9velopp\u00e9 leur pr\u00e9sence en ligne. En novembre 2020, elle remporte le concours pour la r\u00e9gion Nord Est. <em>\u00ab Mon travail a \u00e9t\u00e9 r\u00e9compens\u00e9, ce n\u2019est que du positif ! \u00bb<\/em>. Au m\u00eame moment, elle d\u00e9cide de s\u2019engager dans une d\u00e9marche qualit\u00e9 et obtient le label Charte Qualit\u00e9 Confiance\u00ae. Des projets plein la t\u00eate, elle ne compte pas s\u2019arr\u00eater l\u00e0 !<\/p>\n\n\n\n<div style=\"height:31px\" aria-hidden=\"true\" class=\"wp-block-spacer\"><\/div>\n\n\n\n<p style=\"font-size:18px\"><strong>Escale Beaut\u00e9<\/strong><br>75 grande rue<br>Hameau de H\u00e9dencourt<br>60480 Saint-Andr\u00e9-Farivillers<br>06 41 97 30 66<br>contact@myescalebeaute.com<br><a href=\"http:\/\/www.my-escale-beaute.fr\" class=\"rank-math-link\" rel=\"nofollow noopener\">www.my-escale-beaute.fr<\/a><\/p>\n\n\n\n<div style=\"height:39px\" aria-hidden=\"true\" class=\"wp-block-spacer\"><\/div>\n\n\n\n<div style=\"height:33px\" aria-hidden=\"true\" class=\"wp-block-spacer\"><\/div>\n","protected":false},"excerpt":{"rendered":"<p><span class=\"rt-reading-time\" style=\"display: block;\"><span class=\"rt-label rt-prefix\">Temps de lecture\u00a0: <\/span> <span class=\"rt-time\">2<\/span> <span class=\"rt-label rt-postfix\">minutes<\/span><\/span> Avec le d\u00e9veloppement du commerce en ligne et l\u2019omnipr\u00e9sence des r\u00e9seaux sociaux, le num\u00e9rique est devenu un incontournable de la croissance d\u2019une entreprise. Les m\u00e9tiers de l\u2019artisanat sont concern\u00e9s, la crise sanitaire l\u2019a confirm\u00e9. Illustration r\u00e9ussie avec Carole-Anne CAV\u00c9, esth\u00e9ticienne [&hellip;]<\/p>\n","protected":false},"author":17,"featured_media":6555,"comment_status":"open","ping_status":"open","sticky":false,"template":"","format":"standard","meta":{"footnotes":""},"categories":[110],"tags":[],"class_list":["post-5940","post","type-post","status-publish","format-standard","has-post-thumbnail","hentry","category-archives"],"_links":{"self":[{"href":"https:\/\/www.cma-hautsdefrance.fr\/blog\/wp-json\/wp\/v2\/posts\/5940","targetHints":{"allow":["GET"]}}],"collection":[{"href":"https:\/\/www.cma-hautsdefrance.fr\/blog\/wp-json\/wp\/v2\/posts"}],"about":[{"href":"https:\/\/www.cma-hautsdefrance.fr\/blog\/wp-json\/wp\/v2\/types\/post"}],"author":[{"embeddable":true,"href":"https:\/\/www.cma-hautsdefrance.fr\/blog\/wp-json\/wp\/v2\/users\/17"}],"replies":[{"embeddable":true,"href":"https:\/\/www.cma-hautsdefrance.fr\/blog\/wp-json\/wp\/v2\/comments?post=5940"}],"version-history":[{"count":16,"href":"https:\/\/www.cma-hautsdefrance.fr\/blog\/wp-json\/wp\/v2\/posts\/5940\/revisions"}],"predecessor-version":[{"id":6511,"href":"https:\/\/www.cma-hautsdefrance.fr\/blog\/wp-json\/wp\/v2\/posts\/5940\/revisions\/6511"}],"wp:featuredmedia":[{"embeddable":true,"href":"https:\/\/www.cma-hautsdefrance.fr\/blog\/wp-json\/wp\/v2\/media\/6555"}],"wp:attachment":[{"href":"https:\/\/www.cma-hautsdefrance.fr\/blog\/wp-json\/wp\/v2\/media?parent=5940"}],"wp:term":[{"taxonomy":"category","embeddable":true,"href":"https:\/\/www.cma-hautsdefrance.fr\/blog\/wp-json\/wp\/v2\/categories?post=5940"},{"taxonomy":"post_tag","embeddable":true,"href":"https:\/\/www.cma-hautsdefrance.fr\/blog\/wp-json\/wp\/v2\/tags?post=5940"}],"curies":[{"name":"wp","href":"https:\/\/api.w.org\/{rel}","templated":true}]}}