{"id":5955,"date":"2021-07-12T12:03:29","date_gmt":"2021-07-12T10:03:29","guid":{"rendered":"https:\/\/www.cma-hautsdefrance.fr\/blog\/?p=5955"},"modified":"2024-05-14T14:38:06","modified_gmt":"2024-05-14T12:38:06","slug":"formation-3","status":"publish","type":"post","link":"https:\/\/www.cma-hautsdefrance.fr\/blog\/archives\/formation-3\/","title":{"rendered":"Caroline NSIH, Charg\u00e9e de client\u00e8le formation \u00e0 Saint-Omer"},"content":{"rendered":"<span class=\"rt-reading-time\" style=\"display: block;\"><span class=\"rt-label rt-prefix\">Temps de lecture\u00a0: <\/span> <span class=\"rt-time\">2<\/span> <span class=\"rt-label rt-postfix\">minutes<\/span><\/span>\n<p><\/p>\n\n\n\n<h2 class=\"has-text-color wp-block-heading\" style=\"color:#f6bf39\">Depuis moins de six mois \u00e0 l\u2019Antenne Entreprises de Saint-Omer, Caroline a rapidement pris ses marques dans son nouveau poste de Charg\u00e9e de Client\u00e8le Formation. <\/h2>\n\n\n\n<div style=\"height:40px\" aria-hidden=\"true\" class=\"wp-block-spacer\"><\/div>\n\n\n\n<p style=\"font-size:18px\">Par ses pr\u00e9c\u00e9dentes exp\u00e9riences professionnelles, elle conna\u00eet tr\u00e8s bien le monde de l\u2019artisanat, de l\u2019alternance et de la formation. Pendant 10 ans, Caroline a exerc\u00e9 en esth\u00e9tique en tant qu\u2019artisane, elle a aussi travaill\u00e9 une ann\u00e9e comme conseill\u00e8re \u00e0 P\u00f4le Emploi avant de rejoindre la dynamique \u00e9quipe de la CMA Hauts-de-France \u00e0 Saint Omer.<\/p>\n\n\n\n<div class=\"wp-block-columns is-layout-flex wp-container-core-columns-is-layout-9d6595d7 wp-block-columns-is-layout-flex\">\n<div class=\"wp-block-column is-layout-flow wp-block-column-is-layout-flow\">\n<div style=\"height:158px\" aria-hidden=\"true\" class=\"wp-block-spacer\"><\/div>\n\n\n\n<h4 class=\"has-text-align-center has-white-color has-text-color has-background wp-block-heading\" style=\"background-color:#f6bf39\">J\u2019aime la polyvalence qu\u2019apporte ce m\u00e9tier et le contact avec les artisans. C&rsquo;est un plaisir d&rsquo;\u00eatre utile en les accompagnant en mati\u00e8re de formation, r\u00e9pondre au mieux \u00e0 leurs besoins.<\/h4>\n<\/div>\n\n\n\n<div class=\"wp-block-column is-layout-flow wp-block-column-is-layout-flow\">\n<div style=\"height:40px\" aria-hidden=\"true\" class=\"wp-block-spacer\"><\/div>\n\n\n\n<div class=\"wp-block-image is-style-default\"><figure class=\"aligncenter size-full\"><img loading=\"lazy\" decoding=\"async\" width=\"800\" height=\"600\" src=\"https:\/\/www.cma-hautsdefrance.fr\/blog\/wp-content\/uploads\/2021\/07\/JPO.jpg\" alt=\"\" class=\"wp-image-5958\"\/><\/figure><\/div>\n<\/div>\n<\/div>\n\n\n\n<p style=\"font-size:18px\">Son c\u0153ur de m\u00e9tier est la formation, Caroline conseille et suit les artisans et les futurs apprentis. Elle \u0153uvre \u00e0 la mont\u00e9e en comp\u00e9tences de ses contacts en promouvant l\u2019offre de formation de la CMA Hauts-de-France. Des formations techniques pour se sp\u00e9cialiser aux formations transverses pour acqu\u00e9rir de nouveaux savoirs, elle ma\u00eetrise tous les sujets !<\/p>\n\n\n\n<p style=\"font-size:18px\">\u00c0 chaque demande, Caroline cherche le financement ad\u00e9quat qui va limiter les co\u00fbts aux apprenants puis elle monte les dossiers aupr\u00e8s des diff\u00e9rents organismes concern\u00e9s.<\/p>\n\n\n\n<p style=\"font-size:18px\">Afin de r\u00e9pondre aux besoins en apprentis des artisans de l\u2019Audomarois, Caroline met en relation les potentiels candidats et futurs ma\u00eetres d\u2019apprentissage, et ce jusqu\u2019\u00e0 la signature du contrat.<\/p>\n\n\n\n<p style=\"font-size:18px\">Interventions aupr\u00e8s de demandeurs d\u2019emplois, coll\u00e9giens ou lyc\u00e9ens, animation des mercredis de la formation, organisation des journ\u00e9es portes ouvertes, ou encore d\u00e9veloppement des partenariats avec les acteurs du territoire, etc. Caroline est l\u2019ambassadrice de l\u2019offre de formation de la CMA Hauts-de-France sur l\u2019Audomarois.<\/p>\n\n\n\n<div style=\"height:36px\" aria-hidden=\"true\" class=\"wp-block-spacer\"><\/div>\n\n\n\n<p style=\"font-size:18px\"><strong>Contactez-nous : 09 72 72 72 07 \/ contact@cma-hautsdefrance.fr \/ <a href=\"http:\/\/www.cma-hautsdefrance.fr\" class=\"rank-math-link\">www.cma-hautsdefrance.fr<\/a><\/strong><\/p>\n\n\n\n<div style=\"height:39px\" aria-hidden=\"true\" class=\"wp-block-spacer\"><\/div>\n\n\n\n<div style=\"height:55px\" aria-hidden=\"true\" class=\"wp-block-spacer\"><\/div>\n\n\n\n<div style=\"height:33px\" aria-hidden=\"true\" class=\"wp-block-spacer\"><\/div>\n","protected":false},"excerpt":{"rendered":"<p><span class=\"rt-reading-time\" style=\"display: block;\"><span class=\"rt-label rt-prefix\">Temps de lecture\u00a0: <\/span> <span class=\"rt-time\">2<\/span> <span class=\"rt-label rt-postfix\">minutes<\/span><\/span> Depuis moins de six mois \u00e0 l\u2019Antenne Entreprises de Saint-Omer, Caroline a rapidement pris ses marques dans son nouveau poste de Charg\u00e9e de Client\u00e8le Formation. Par ses pr\u00e9c\u00e9dentes exp\u00e9riences professionnelles, elle conna\u00eet tr\u00e8s bien le monde de l\u2019artisanat, de l\u2019alternance [&hellip;]<\/p>\n","protected":false},"author":17,"featured_media":6565,"comment_status":"open","ping_status":"open","sticky":false,"template":"","format":"standard","meta":{"footnotes":""},"categories":[110],"tags":[],"class_list":["post-5955","post","type-post","status-publish","format-standard","has-post-thumbnail","hentry","category-archives"],"_links":{"self":[{"href":"https:\/\/www.cma-hautsdefrance.fr\/blog\/wp-json\/wp\/v2\/posts\/5955","targetHints":{"allow":["GET"]}}],"collection":[{"href":"https:\/\/www.cma-hautsdefrance.fr\/blog\/wp-json\/wp\/v2\/posts"}],"about":[{"href":"https:\/\/www.cma-hautsdefrance.fr\/blog\/wp-json\/wp\/v2\/types\/post"}],"author":[{"embeddable":true,"href":"https:\/\/www.cma-hautsdefrance.fr\/blog\/wp-json\/wp\/v2\/users\/17"}],"replies":[{"embeddable":true,"href":"https:\/\/www.cma-hautsdefrance.fr\/blog\/wp-json\/wp\/v2\/comments?post=5955"}],"version-history":[{"count":6,"href":"https:\/\/www.cma-hautsdefrance.fr\/blog\/wp-json\/wp\/v2\/posts\/5955\/revisions"}],"predecessor-version":[{"id":6142,"href":"https:\/\/www.cma-hautsdefrance.fr\/blog\/wp-json\/wp\/v2\/posts\/5955\/revisions\/6142"}],"wp:featuredmedia":[{"embeddable":true,"href":"https:\/\/www.cma-hautsdefrance.fr\/blog\/wp-json\/wp\/v2\/media\/6565"}],"wp:attachment":[{"href":"https:\/\/www.cma-hautsdefrance.fr\/blog\/wp-json\/wp\/v2\/media?parent=5955"}],"wp:term":[{"taxonomy":"category","embeddable":true,"href":"https:\/\/www.cma-hautsdefrance.fr\/blog\/wp-json\/wp\/v2\/categories?post=5955"},{"taxonomy":"post_tag","embeddable":true,"href":"https:\/\/www.cma-hautsdefrance.fr\/blog\/wp-json\/wp\/v2\/tags?post=5955"}],"curies":[{"name":"wp","href":"https:\/\/api.w.org\/{rel}","templated":true}]}}