{"id":6042,"date":"2021-07-23T11:23:12","date_gmt":"2021-07-23T09:23:12","guid":{"rendered":"https:\/\/www.cma-hautsdefrance.fr\/blog\/?p=6042"},"modified":"2024-05-14T14:37:23","modified_gmt":"2024-05-14T12:37:23","slug":"formation-amiens","status":"publish","type":"post","link":"https:\/\/www.cma-hautsdefrance.fr\/blog\/archives\/formation-amiens\/","title":{"rendered":"Sandra KABAN, au service de la formation ami\u00e9noise depuis 25 ans"},"content":{"rendered":"<span class=\"rt-reading-time\" style=\"display: block;\"><span class=\"rt-label rt-prefix\">Temps de lecture\u00a0: <\/span> <span class=\"rt-time\">&lt;\u00a01<\/span> <span class=\"rt-label rt-postfix\">minute<\/span><\/span>\n<h2 class=\"has-text-color wp-block-heading\" style=\"color:#f7bf32\"><strong>R\u00e9cemment arriv\u00e9e \u00e0 la CMA Hauts-de-France,<strong> Sandra KABAN<\/strong> conna\u00eet tr\u00e8s bien l\u2019<strong>Antenne Formation d\u2019Amiens IREAM<\/strong> puisqu\u2019elle accompagne les jeunes dans leur recherche de formation depuis 1996.&nbsp;<\/strong><\/h2>\n\n\n\n<div style=\"height:41px\" aria-hidden=\"true\" class=\"wp-block-spacer\"><\/div>\n\n\n\n<p style=\"font-size:18px\">Aujourd\u2019hui, elle est <strong>Charg\u00e9e de client\u00e8le formation<\/strong>, poste cr\u00e9\u00e9 depuis maintenant un an.<\/p>\n\n\n\n<div style=\"height:39px\" aria-hidden=\"true\" class=\"wp-block-spacer\"><\/div>\n\n\n\n<div class=\"wp-block-columns is-layout-flex wp-container-core-columns-is-layout-9d6595d7 wp-block-columns-is-layout-flex\">\n<div class=\"wp-block-column is-layout-flow wp-block-column-is-layout-flow\" style=\"flex-basis:33.33%\">\n<figure class=\"wp-block-image size-large\"><img loading=\"lazy\" decoding=\"async\" width=\"600\" height=\"800\" src=\"https:\/\/www.cma-hautsdefrance.fr\/blog\/wp-content\/uploads\/2021\/07\/sandra-kaban-formation-amiens.png\" alt=\"formation amiens \" class=\"wp-image-6044\"\/><\/figure>\n<\/div>\n\n\n\n<div class=\"wp-block-column is-layout-flow wp-block-column-is-layout-flow\" style=\"flex-basis:66.66%\">\n<div style=\"height:105px\" aria-hidden=\"true\" class=\"wp-block-spacer\"><\/div>\n\n\n\n<blockquote class=\"wp-block-quote is-layout-flow wp-block-quote-is-layout-flow\"><p><em style=\"font-weight: bold;\">Mon r\u00f4le est d&rsquo;accompagner <\/em><br><strong><em>les clients afin de trouver, de concert, <\/em><\/strong><br><strong><em>la solution la plus adapt\u00e9e <\/em><\/strong><br><strong><em>\u00e0 leur projet<\/em><\/strong><em>.<\/em><\/p><\/blockquote>\n<\/div>\n<\/div>\n\n\n\n<p style=\"font-size:19px\">Elle rencontre des coll\u00e9giens, \u00e9tudiants, salari\u00e9s, demandeurs d&#8217;emploi ou encore des employeurs pour les aider dans leur projet professionnel. <\/p>\n\n\n\n<p style=\"font-size:19px\"><strong><em><span style=\"color:#f7bf32\" class=\"has-inline-color\">\u201cIl s&rsquo;agit souvent de premi\u00e8res informations ou de conseils. Avant, pendant et m\u00eame \u00e0 l&rsquo;issue de la formation, je suis l\u00e0 !<\/span><\/em><\/strong><\/p>\n\n\n\n<p style=\"font-size:18px\">Sandra exerce ce m\u00e9tier car elle appr\u00e9cie le contact et la diversit\u00e9 des profils, elle aime se sentir utile en apportant <span style=\"color:#f7bf32\" class=\"has-inline-color\"><strong><em>\u00ab\u00a0une petite pierre \u00e0 l&rsquo;\u00e9difice\u00a0\u00bb<\/em>.<\/strong><\/span><\/p>\n\n\n\n<p style=\"font-size:18px\">Localis\u00e9e \u00e0 <a href=\"https:\/\/www.cma-hautsdefrance.fr\/antenne-formation-amiens-iream\/\" target=\"_blank\" aria-label=\" (opens in a new tab)\" rel=\"noreferrer noopener nofollow\" class=\"rank-math-link\">l&rsquo;Antenne Formation d&rsquo;Amiens IREAM<\/a>, elle renseigne sur les diff\u00e9rentes formations propos\u00e9es par la CMA Hauts-de-France dans sa globalit\u00e9.&nbsp; Elle intervient sur l&rsquo;ensemble de la Somme. <strong>Sa sp\u00e9cialit\u00e9 : les m\u00e9tiers de l&rsquo;automobile <\/strong>qu\u2019elle affectionne particuli\u00e8rement.<\/p>\n\n\n\n<p style=\"font-size:18px\"><em><br><span style=\"color:#f7bf32\" class=\"has-inline-color\"><strong>\u201cDes CCF sont positionn\u00e9s sur les diff\u00e9rentes Antennes Entreprises et Formation de la CMA, il ne faut donc pas h\u00e9siter \u00e0 les solliciter.\u201d<\/strong><\/span><\/em><\/p>\n\n\n\n<div style=\"height:103px\" aria-hidden=\"true\" class=\"wp-block-spacer\"><\/div>\n\n\n\n<div class=\"wp-block-columns is-layout-flex wp-container-core-columns-is-layout-9d6595d7 wp-block-columns-is-layout-flex\">\n<div class=\"wp-block-column is-layout-flow wp-block-column-is-layout-flow\" style=\"flex-basis:33.33%\">\n<div style=\"height:21px\" aria-hidden=\"true\" class=\"wp-block-spacer\"><\/div>\n\n\n\n<p style=\"font-size:18px\"><strong>Sandra KABAN<\/strong>  <br>07 64 37 62 10  <br><a href=\"mailto:s..kaban@cma-hautsdefrance.fr\" target=\"_blank\" aria-label=\" (opens in a new tab)\" rel=\"noreferrer noopener nofollow\" class=\"rank-math-link\">s.kaban@cma-hautsdefrance.fr<\/a><\/p>\n<\/div>\n\n\n\n<div class=\"wp-block-column is-layout-flow wp-block-column-is-layout-flow\" style=\"flex-basis:66.66%\">\n<h5 class=\"has-text-align-center has-white-color has-text-color has-background wp-block-heading\" style=\"background-color:#f7bf32;font-size:23px\">Contactez-nous au 09 72 72 72 07 <br>ou par mail <a aria-label=\" (opens in a new tab)\" href=\"mailto:contact@cma-hautsdefrance.fr\" target=\"_blank\" rel=\"noreferrer noopener nofollow\" class=\"rank-math-link\">contact@cma-hautsdefrance.fr<\/a><\/h5>\n\n\n\n<p><\/p>\n<\/div>\n<\/div>\n","protected":false},"excerpt":{"rendered":"<p><span class=\"rt-reading-time\" style=\"display: block;\"><span class=\"rt-label rt-prefix\">Temps de lecture\u00a0: <\/span> <span class=\"rt-time\">&lt;\u00a01<\/span> <span class=\"rt-label rt-postfix\">minute<\/span><\/span> R\u00e9cemment arriv\u00e9e \u00e0 la CMA Hauts-de-France, Sandra KABAN conna\u00eet tr\u00e8s bien l\u2019Antenne Formation d\u2019Amiens IREAM puisqu\u2019elle accompagne les jeunes dans leur recherche de formation depuis 1996.&nbsp; Aujourd\u2019hui, elle est Charg\u00e9e de client\u00e8le formation, poste cr\u00e9\u00e9 depuis maintenant un an. Mon [&hellip;]<\/p>\n","protected":false},"author":17,"featured_media":6558,"comment_status":"open","ping_status":"open","sticky":false,"template":"","format":"standard","meta":{"footnotes":""},"categories":[110],"tags":[],"class_list":["post-6042","post","type-post","status-publish","format-standard","has-post-thumbnail","hentry","category-archives"],"_links":{"self":[{"href":"https:\/\/www.cma-hautsdefrance.fr\/blog\/wp-json\/wp\/v2\/posts\/6042","targetHints":{"allow":["GET"]}}],"collection":[{"href":"https:\/\/www.cma-hautsdefrance.fr\/blog\/wp-json\/wp\/v2\/posts"}],"about":[{"href":"https:\/\/www.cma-hautsdefrance.fr\/blog\/wp-json\/wp\/v2\/types\/post"}],"author":[{"embeddable":true,"href":"https:\/\/www.cma-hautsdefrance.fr\/blog\/wp-json\/wp\/v2\/users\/17"}],"replies":[{"embeddable":true,"href":"https:\/\/www.cma-hautsdefrance.fr\/blog\/wp-json\/wp\/v2\/comments?post=6042"}],"version-history":[{"count":19,"href":"https:\/\/www.cma-hautsdefrance.fr\/blog\/wp-json\/wp\/v2\/posts\/6042\/revisions"}],"predecessor-version":[{"id":6407,"href":"https:\/\/www.cma-hautsdefrance.fr\/blog\/wp-json\/wp\/v2\/posts\/6042\/revisions\/6407"}],"wp:featuredmedia":[{"embeddable":true,"href":"https:\/\/www.cma-hautsdefrance.fr\/blog\/wp-json\/wp\/v2\/media\/6558"}],"wp:attachment":[{"href":"https:\/\/www.cma-hautsdefrance.fr\/blog\/wp-json\/wp\/v2\/media?parent=6042"}],"wp:term":[{"taxonomy":"category","embeddable":true,"href":"https:\/\/www.cma-hautsdefrance.fr\/blog\/wp-json\/wp\/v2\/categories?post=6042"},{"taxonomy":"post_tag","embeddable":true,"href":"https:\/\/www.cma-hautsdefrance.fr\/blog\/wp-json\/wp\/v2\/tags?post=6042"}],"curies":[{"name":"wp","href":"https:\/\/api.w.org\/{rel}","templated":true}]}}