{"id":6062,"date":"2021-07-23T11:47:06","date_gmt":"2021-07-23T09:47:06","guid":{"rendered":"https:\/\/www.cma-hautsdefrance.fr\/blog\/?p=6062"},"modified":"2024-05-14T14:36:35","modified_gmt":"2024-05-14T12:36:35","slug":"apprentis-formation","status":"publish","type":"post","link":"https:\/\/www.cma-hautsdefrance.fr\/blog\/archives\/apprentis-formation\/","title":{"rendered":"Des voyages pour se former"},"content":{"rendered":"<span class=\"rt-reading-time\" style=\"display: block;\"><span class=\"rt-label rt-prefix\">Temps de lecture\u00a0: <\/span> <span class=\"rt-time\">&lt;\u00a01<\/span> <span class=\"rt-label rt-postfix\">minute<\/span><\/span>\n<h2 class=\"has-text-color wp-block-heading\" style=\"color:#f7bf32\">Apprentie de seulement 23 ans, <strong>Fanny FORNI <\/strong>a d\u00e9j\u00e0 un beau bagage et le souhait de continuer son p\u00e9riple.&nbsp;<\/h2>\n\n\n\n<div style=\"height:45px\" aria-hidden=\"true\" class=\"wp-block-spacer\"><\/div>\n\n\n\n<p style=\"font-size:18px\">Nous la rencontrons apr\u00e8s une journ\u00e9e de formation, Fanny arbore un grand sourire :<\/p>\n\n\n\n<div style=\"height:32px\" aria-hidden=\"true\" class=\"wp-block-spacer\"><\/div>\n\n\n\n<div class=\"wp-block-columns is-layout-flex wp-container-core-columns-is-layout-9d6595d7 wp-block-columns-is-layout-flex\">\n<div class=\"wp-block-column is-layout-flow wp-block-column-is-layout-flow\" style=\"flex-basis:33.33%\">\n<figure class=\"wp-block-image size-large\"><img loading=\"lazy\" decoding=\"async\" width=\"360\" height=\"375\" src=\"https:\/\/www.cma-hautsdefrance.fr\/blog\/wp-content\/uploads\/2021\/07\/formation-amiens-boulangerie.png\" alt=\"apprentie\" class=\"wp-image-6065\"\/><\/figure>\n<\/div>\n\n\n\n<div class=\"wp-block-column is-layout-flow wp-block-column-is-layout-flow\" style=\"flex-basis:66.66%\">\n<blockquote class=\"wp-block-quote is-layout-flow wp-block-quote-is-layout-flow\"><p><em><strong>\u00c7a fait plaisir de retrouver le contact humain<\/strong><\/em><\/p><\/blockquote>\n\n\n\n<div style=\"height:21px\" aria-hidden=\"true\" class=\"wp-block-spacer\"><\/div>\n\n\n\n<p style=\"font-size:18px\">Elle vient de passer plusieurs semaines de cours \u00e0 l\u2019<a href=\"https:\/\/www.cma-hautsdefrance.fr\/antenne-formation-amiens-iream\/\" target=\"_blank\" aria-label=\"Antenne Formation d\u2019Amiens IREAM, (opens in a new tab)\" rel=\"noreferrer noopener nofollow\" class=\"rank-math-link\"><strong>Antenne Formation d\u2019Amiens IREAM<\/strong>,<\/a> mais \u00e9tant cas contact, elle a d\u00fb \u00e9tudier en visioconf\u00e9rence.<\/p>\n\n\n\n<p style=\"font-size:18px\">Avant de trouver sa route, Fanny s\u2019est un peu cherch\u00e9e. Dipl\u00f4m\u00e9e d\u2019un baccalaur\u00e9at g\u00e9n\u00e9ral ES, elle commence par se diriger vers une <strong>\u00e9cole de commerce o\u00f9 elle apprend plusieurs langues<\/strong> telles que l\u2019anglais et l\u2019espagnol. Puis, elle s\u2019oriente naturellement vers une <strong>Licence en tourisme<\/strong> et voyage, notamment en Asie. Elle devient h\u00f4tesse d\u2019accueil dans un h\u00f4tel en Chine.<\/p>\n<\/div>\n<\/div>\n\n\n\n<p style=\"font-size:18px\">Apr\u00e8s ce p\u00e9riple et l\u2019obtention de sa licence, Fanny, originaire de l\u2019Oise, revient en France et pose ses valises \u00e0 Amiens. Elle cherche alors une exp\u00e9rience proche de chez elle.&nbsp;<\/p>\n\n\n\n<p style=\"font-size:18px\"><em>Au petit D\u00e9lice<\/em>, boulangerie-p\u00e2tisserie \u00e0 Noailles, lui propose en octobre dernier, de la former en apprentissage et d\u2019int\u00e9grer une <strong>2e ann\u00e9e de CAP Employ\u00e9 de vente sp\u00e9cialis\u00e9<\/strong> \u00e0 la CMA Hauts-de-France. C\u2019est d\u2019ailleurs l\u00e0 qu\u2019est n\u00e9e sa passion pour la boulangerie et ses bons produits.&nbsp;<br><br>Apr\u00e8s l\u2019obtention de son CAP, la jeune apprentie esp\u00e8re reprendre la route, destination la Chine, afin d\u2019y exporter le savoir-faire de nos artisans boulangers.<\/p>\n","protected":false},"excerpt":{"rendered":"<p><span class=\"rt-reading-time\" style=\"display: block;\"><span class=\"rt-label rt-prefix\">Temps de lecture\u00a0: <\/span> <span class=\"rt-time\">&lt;\u00a01<\/span> <span class=\"rt-label rt-postfix\">minute<\/span><\/span> Apprentie de seulement 23 ans, Fanny FORNI a d\u00e9j\u00e0 un beau bagage et le souhait de continuer son p\u00e9riple.&nbsp; Nous la rencontrons apr\u00e8s une journ\u00e9e de formation, Fanny arbore un grand sourire : \u00c7a fait plaisir de retrouver le contact [&hellip;]<\/p>\n","protected":false},"author":17,"featured_media":6559,"comment_status":"open","ping_status":"open","sticky":false,"template":"","format":"standard","meta":{"footnotes":""},"categories":[110],"tags":[],"class_list":["post-6062","post","type-post","status-publish","format-standard","has-post-thumbnail","hentry","category-archives"],"_links":{"self":[{"href":"https:\/\/www.cma-hautsdefrance.fr\/blog\/wp-json\/wp\/v2\/posts\/6062","targetHints":{"allow":["GET"]}}],"collection":[{"href":"https:\/\/www.cma-hautsdefrance.fr\/blog\/wp-json\/wp\/v2\/posts"}],"about":[{"href":"https:\/\/www.cma-hautsdefrance.fr\/blog\/wp-json\/wp\/v2\/types\/post"}],"author":[{"embeddable":true,"href":"https:\/\/www.cma-hautsdefrance.fr\/blog\/wp-json\/wp\/v2\/users\/17"}],"replies":[{"embeddable":true,"href":"https:\/\/www.cma-hautsdefrance.fr\/blog\/wp-json\/wp\/v2\/comments?post=6062"}],"version-history":[{"count":10,"href":"https:\/\/www.cma-hautsdefrance.fr\/blog\/wp-json\/wp\/v2\/posts\/6062\/revisions"}],"predecessor-version":[{"id":6299,"href":"https:\/\/www.cma-hautsdefrance.fr\/blog\/wp-json\/wp\/v2\/posts\/6062\/revisions\/6299"}],"wp:featuredmedia":[{"embeddable":true,"href":"https:\/\/www.cma-hautsdefrance.fr\/blog\/wp-json\/wp\/v2\/media\/6559"}],"wp:attachment":[{"href":"https:\/\/www.cma-hautsdefrance.fr\/blog\/wp-json\/wp\/v2\/media?parent=6062"}],"wp:term":[{"taxonomy":"category","embeddable":true,"href":"https:\/\/www.cma-hautsdefrance.fr\/blog\/wp-json\/wp\/v2\/categories?post=6062"},{"taxonomy":"post_tag","embeddable":true,"href":"https:\/\/www.cma-hautsdefrance.fr\/blog\/wp-json\/wp\/v2\/tags?post=6062"}],"curies":[{"name":"wp","href":"https:\/\/api.w.org\/{rel}","templated":true}]}}