{"id":6073,"date":"2021-07-23T11:25:01","date_gmt":"2021-07-23T09:25:01","guid":{"rendered":"https:\/\/www.cma-hautsdefrance.fr\/blog\/?p=6073"},"modified":"2024-05-14T14:37:14","modified_gmt":"2024-05-14T12:37:14","slug":"salon-international-metiers-art-2","status":"publish","type":"post","link":"https:\/\/www.cma-hautsdefrance.fr\/blog\/archives\/salon-international-metiers-art-2\/","title":{"rendered":"Le retour du Salon International des M\u00e9tiers d&rsquo;Art"},"content":{"rendered":"<span class=\"rt-reading-time\" style=\"display: block;\"><span class=\"rt-label rt-prefix\">Temps de lecture\u00a0: <\/span> <span class=\"rt-time\">2<\/span> <span class=\"rt-label rt-postfix\">minutes<\/span><\/span>\n<h2 class=\"has-text-color wp-block-heading\" style=\"color:#f7bf32\">A vos agendas ! Cette ann\u00e9e, le <strong>Salon International des M\u00e9tiers d&rsquo;Art<\/strong> aura lieu les <strong>12, 13 et 14 Novembre 2021<\/strong> dans les Salons Prestiges du Stade Bollaert-Delelis de <strong>Lens<\/strong> avec toujours plus d\u2019excellence.<\/h2>\n\n\n\n<div style=\"height:72px\" aria-hidden=\"true\" class=\"wp-block-spacer\"><\/div>\n\n\n\n<div class=\"wp-block-columns is-layout-flex wp-container-core-columns-is-layout-9d6595d7 wp-block-columns-is-layout-flex\">\n<div class=\"wp-block-column is-layout-flow wp-block-column-is-layout-flow\" style=\"flex-basis:66.66%\">\n<div style=\"height:58px\" aria-hidden=\"true\" class=\"wp-block-spacer\"><\/div>\n\n\n\n<p style=\"font-size:18px\">Suite au report de l\u2019\u00e9dition 2020, nous avons conserv\u00e9 l\u2019ensemble des exposants retenu par notre comit\u00e9 de s\u00e9lection ainsi que notre th\u00e9matique : <strong>le Design<\/strong>.<\/p>\n\n\n\n<p style=\"font-size:18px\">Nouveaut\u00e9, une <strong>\u00e9dition virtuelle<\/strong> est en cours de pr\u00e9paration afin de prolonger ces 3 jours !<\/p>\n\n\n\n<p style=\"font-size:18px\"><strong>G\u00e9raldine DOUAY <\/strong>de <strong><a href=\"https:\/\/www.musettesetcompagnie.fr\/\" target=\"_blank\" label=\" (opens in a new tab)\" rel=\"noreferrer noopener nofollow\" class=\"rank-math-link broken_link\">Musettes et compagnie<\/a><\/strong>, cr\u00e9atrice de bagagerie pour v\u00e9lo, sera de retour cette ann\u00e9e. Bas\u00e9e \u00e0 Cayeux-en-Santerre, elle a d\u00e9velopp\u00e9 en 2017 sa marque fran\u00e7aise de <strong>sacs pratiques, confortables et \u00e9l\u00e9gants pour cyclistes<\/strong>. L\u2019\u00e9t\u00e9 est l\u00e0 et les longues balades \u00e0 bicyclette aussi ! Pour aller chercher sa baguette, faire ses courses au march\u00e9, arpenter les pistes cyclables en ville, la sacoche Musettes sera votre plus fid\u00e8le compagnon de l\u2019\u00e9t\u00e9. Enti\u00e8rement dessin\u00e9s et confectionn\u00e9s \u201cfait main\u201d par G\u00e9raldine, ses produits b\u00e9n\u00e9ficient \u00e9galement de sa collaboration avec un maroquinier, donnant ainsi vie \u00e0 de nouveaux mod\u00e8les d\u2019une grande qualit\u00e9.<\/p>\n<\/div>\n\n\n\n<div class=\"wp-block-column is-layout-flow wp-block-column-is-layout-flow\" style=\"flex-basis:33.33%\">\n<div class=\"wp-block-image is-style-rounded\"><figure class=\"alignright size-large\"><img loading=\"lazy\" decoding=\"async\" width=\"800\" height=\"903\" src=\"https:\/\/www.cma-hautsdefrance.fr\/blog\/wp-content\/uploads\/2021\/07\/salon-international-metiers-art.png\" alt=\"Salon International des M\u00e9tiers d'Art\" class=\"wp-image-6075\"\/><\/figure><\/div>\n<\/div>\n<\/div>\n\n\n\n<div style=\"height:116px\" aria-hidden=\"true\" class=\"wp-block-spacer\"><\/div>\n\n\n\n<div class=\"wp-block-columns is-layout-flex wp-container-core-columns-is-layout-9d6595d7 wp-block-columns-is-layout-flex\">\n<div class=\"wp-block-column is-layout-flow wp-block-column-is-layout-flow\">\n<figure class=\"wp-block-image size-large\"><img loading=\"lazy\" decoding=\"async\" width=\"800\" height=\"367\" src=\"https:\/\/www.cma-hautsdefrance.fr\/blog\/wp-content\/uploads\/2021\/07\/sac-velo.jpg\" alt=\"\" class=\"wp-image-6078\"\/><\/figure>\n<\/div>\n\n\n\n<div class=\"wp-block-column is-layout-flow wp-block-column-is-layout-flow\">\n<div style=\"height:54px\" aria-hidden=\"true\" class=\"wp-block-spacer\"><\/div>\n\n\n\n<p style=\"font-size:18px\"><strong>Le pari fou de G\u00e9raldine ? <\/strong>Remettre au go\u00fbt du jour les sacoches v\u00e9lo. Petit plus, elles sont mixtes, pour le porte-bagage et se transforment en sac \u00e0 dos. Eh oui, en 2 clics, le sac \u00e0 dos devient une sacoche v\u00e9lo et vice-versa ! Retrouvez-l\u00e0 en novembre au <a href=\"http:\/\/www.metiers-art.com\/Salon-International-des-Metiers-d-Art\" target=\"_blank\" aria-label=\" (opens in a new tab)\" rel=\"noreferrer noopener nofollow\" class=\"rank-math-link\">SIMA<\/a>.<\/p>\n<\/div>\n<\/div>\n\n\n\n<div style=\"height:154px\" aria-hidden=\"true\" class=\"wp-block-spacer\"><\/div>\n\n\n\n<div class=\"wp-block-columns is-layout-flex wp-container-core-columns-is-layout-9d6595d7 wp-block-columns-is-layout-flex\">\n<div class=\"wp-block-column is-layout-flow wp-block-column-is-layout-flow\" style=\"flex-basis:66.66%\">\n<h5 class=\"has-text-align-center wp-block-heading\"><strong>Musettes et Compagnie<\/strong><br>16 rue du catelet<br>80800 CAYEUX-EN-SANTERRE<br>06 87 71 72 96<br>geraldine@musettesetcompagnie.com<br><a href=\"https:\/\/www.musettesetcompagnie.fr\/\" target=\"_blank\" label=\"S (opens in a new tab)\" rel=\"noreferrer noopener nofollow\" class=\"rank-math-link broken_link\">S<\/a><a class=\"rank-math-link broken_link\" href=\"https:\/\/www.musettesetcompagnie.fr\/\" rel=\"nofollow noopener\">ite<\/a><\/h5>\n<\/div>\n\n\n\n<div class=\"wp-block-column is-layout-flow wp-block-column-is-layout-flow\" style=\"flex-basis:33.33%\">\n<div class=\"wp-block-image\"><figure class=\"alignleft size-large is-resized\"><img loading=\"lazy\" decoding=\"async\" src=\"https:\/\/www.cma-hautsdefrance.fr\/blog\/wp-content\/uploads\/2021\/07\/sima.png\" alt=\"\" class=\"wp-image-6080\" width=\"249\" height=\"172\"\/><\/figure><\/div>\n<\/div>\n<\/div>\n","protected":false},"excerpt":{"rendered":"<p><span class=\"rt-reading-time\" style=\"display: block;\"><span class=\"rt-label rt-prefix\">Temps de lecture\u00a0: <\/span> <span class=\"rt-time\">2<\/span> <span class=\"rt-label rt-postfix\">minutes<\/span><\/span> A vos agendas ! Cette ann\u00e9e, le Salon International des M\u00e9tiers d&rsquo;Art aura lieu les 12, 13 et 14 Novembre 2021 dans les Salons Prestiges du Stade Bollaert-Delelis de Lens avec toujours plus d\u2019excellence. Suite au report de l\u2019\u00e9dition 2020, [&hellip;]<\/p>\n","protected":false},"author":17,"featured_media":6556,"comment_status":"open","ping_status":"open","sticky":false,"template":"","format":"standard","meta":{"footnotes":""},"categories":[110],"tags":[],"class_list":["post-6073","post","type-post","status-publish","format-standard","has-post-thumbnail","hentry","category-archives"],"_links":{"self":[{"href":"https:\/\/www.cma-hautsdefrance.fr\/blog\/wp-json\/wp\/v2\/posts\/6073","targetHints":{"allow":["GET"]}}],"collection":[{"href":"https:\/\/www.cma-hautsdefrance.fr\/blog\/wp-json\/wp\/v2\/posts"}],"about":[{"href":"https:\/\/www.cma-hautsdefrance.fr\/blog\/wp-json\/wp\/v2\/types\/post"}],"author":[{"embeddable":true,"href":"https:\/\/www.cma-hautsdefrance.fr\/blog\/wp-json\/wp\/v2\/users\/17"}],"replies":[{"embeddable":true,"href":"https:\/\/www.cma-hautsdefrance.fr\/blog\/wp-json\/wp\/v2\/comments?post=6073"}],"version-history":[{"count":22,"href":"https:\/\/www.cma-hautsdefrance.fr\/blog\/wp-json\/wp\/v2\/posts\/6073\/revisions"}],"predecessor-version":[{"id":6502,"href":"https:\/\/www.cma-hautsdefrance.fr\/blog\/wp-json\/wp\/v2\/posts\/6073\/revisions\/6502"}],"wp:featuredmedia":[{"embeddable":true,"href":"https:\/\/www.cma-hautsdefrance.fr\/blog\/wp-json\/wp\/v2\/media\/6556"}],"wp:attachment":[{"href":"https:\/\/www.cma-hautsdefrance.fr\/blog\/wp-json\/wp\/v2\/media?parent=6073"}],"wp:term":[{"taxonomy":"category","embeddable":true,"href":"https:\/\/www.cma-hautsdefrance.fr\/blog\/wp-json\/wp\/v2\/categories?post=6073"},{"taxonomy":"post_tag","embeddable":true,"href":"https:\/\/www.cma-hautsdefrance.fr\/blog\/wp-json\/wp\/v2\/tags?post=6073"}],"curies":[{"name":"wp","href":"https:\/\/api.w.org\/{rel}","templated":true}]}}