{"id":6095,"date":"2021-07-23T11:39:09","date_gmt":"2021-07-23T09:39:09","guid":{"rendered":"https:\/\/www.cma-hautsdefrance.fr\/blog\/?p=6095"},"modified":"2024-05-14T14:37:04","modified_gmt":"2024-05-14T12:37:04","slug":"boulanger-amiens","status":"publish","type":"post","link":"https:\/\/www.cma-hautsdefrance.fr\/blog\/archives\/boulanger-amiens\/","title":{"rendered":"Un artisan ami\u00e9nois aux mains en or"},"content":{"rendered":"<span class=\"rt-reading-time\" style=\"display: block;\"><span class=\"rt-label rt-prefix\">Temps de lecture\u00a0: <\/span> <span class=\"rt-time\">2<\/span> <span class=\"rt-label rt-postfix\">minutes<\/span><\/span>\n<h2 class=\"has-text-color wp-block-heading\" style=\"color:#f7bf32\">Install\u00e9 depuis bient\u00f4t 17 ans dans sa boulangerie-p\u00e2tisserie <strong><em>Pain et Tradition<\/em><\/strong> \u00e0 Amiens, <strong>Fabrice NORTIER<\/strong> a mis les mains dans la farine d\u00e8s son plus jeune \u00e2ge.&nbsp;<\/h2>\n\n\n\n<div style=\"height:53px\" aria-hidden=\"true\" class=\"wp-block-spacer\"><\/div>\n\n\n\n<div class=\"wp-block-columns is-layout-flex wp-container-core-columns-is-layout-9d6595d7 wp-block-columns-is-layout-flex\">\n<div class=\"wp-block-column is-layout-flow wp-block-column-is-layout-flow\" style=\"flex-basis:66.66%\">\n<p style=\"font-size:18px\">Ses parents, commer\u00e7ants, lui transmettent la passion de vendre et le go\u00fbt du contact humain. Mais c\u2019est seul que Fabrice apprend les bases de la boulangerie et de la p\u00e2tisserie. Ce jeune, p\u00e9tri de talent, d\u00e9cide tr\u00e8s vite de rejoindre une prestigieuse \u00e9cole de gastronomie parisienne afin de faire de sa passion son m\u00e9tier. <strong>En 1989, il termine sa formation dans notre Antenne d\u2019Amiens IREAM et d\u00e9cide, presque 10 ans plus tard, de monter sa premi\u00e8re affaire.<\/strong><br><br>Aujourd\u2019hui,<strong> titulaire d\u2019un<\/strong> <strong>CAP Boulanger-p\u00e2tissier<\/strong> <strong>et d\u2019un<\/strong> <strong>Brevet de Ma\u00eetrise<\/strong>, cet artisan propose des <strong>produits r\u00e9gionaux de qualit\u00e9<\/strong>,<strong> fabriqu\u00e9s presqu\u2019\u00e0 100 % au sein de ses locaux,<\/strong> Avenue du G\u00e9n\u00e9ral Foy.&nbsp; Fabrice met un point d\u2019honneur \u00e0 y accueillir lui-m\u00eame ses clients d\u00e8s qu\u2019il en a l\u2019occasion, l\u2019opportunit\u00e9 \u00e9galement d\u2019\u00eatre au plus pr\u00e8s de ses 12 salari\u00e9s.<br><br><strong>Passion et professionnalisme lui ont permis d\u2019obtenir en 2020<\/strong> la <strong><a href=\"https:\/\/www.artisanenor.fr\/\" target=\"_blank\" aria-label=\"certification Artisan en\u2019Or (opens in a new tab)\" rel=\"noreferrer noopener nofollow\" class=\"rank-math-link\">certification Artisan en\u2019Or<\/a> en boulangerie et p\u00e2tisserie<\/strong>. L\u2019artisan ami\u00e9nois se dit aujourd\u2019hui pr\u00eat \u00e0 faire valider une nouvelle fois cette certification, gage de qualit\u00e9 pour les consommateurs.<\/p>\n<\/div>\n\n\n\n<div class=\"wp-block-column is-layout-flow wp-block-column-is-layout-flow\" style=\"flex-basis:33.33%\">\n<figure class=\"wp-block-image size-large is-resized\"><img loading=\"lazy\" decoding=\"async\" src=\"https:\/\/www.cma-hautsdefrance.fr\/blog\/wp-content\/uploads\/2021\/07\/artisan-en-or.png\" alt=\"boulanger\" class=\"wp-image-6102\" width=\"576\" height=\"494\"\/><\/figure>\n<\/div>\n<\/div>\n\n\n\n<div style=\"height:89px\" aria-hidden=\"true\" class=\"wp-block-spacer\"><\/div>\n\n\n\n<div class=\"wp-block-columns is-layout-flex wp-container-core-columns-is-layout-9d6595d7 wp-block-columns-is-layout-flex\">\n<div class=\"wp-block-column is-layout-flow wp-block-column-is-layout-flow\">\n<div class=\"wp-block-columns is-layout-flex wp-container-core-columns-is-layout-9d6595d7 wp-block-columns-is-layout-flex\">\n<div class=\"wp-block-column is-layout-flow wp-block-column-is-layout-flow\">\n<p style=\"font-size:18px\"><strong>Boulangerie Pain et Tradition<\/strong><br>210 Avenue du G\u00e9n\u00e9ral Foy, <br>80000 Amiens<br><a href=\"https:\/\/www.facebook.com\/Pain-et-Tradition-Amiens-1150025961780852\/\" target=\"_blank\" label=\" (opens in a new tab)\" rel=\"noreferrer noopener nofollow\" class=\"rank-math-link broken_link\">Facebook<\/a><br>03 22 95 77 91<\/p>\n<\/div>\n\n\n\n<div class=\"wp-block-column is-layout-flow wp-block-column-is-layout-flow\">\n<figure class=\"wp-block-image size-large is-resized\"><img loading=\"lazy\" decoding=\"async\" src=\"https:\/\/www.cma-hautsdefrance.fr\/blog\/wp-content\/uploads\/2021\/01\/Logo-Artisan-en-Or-sans-contour-956x1024.gif\" alt=\"\" class=\"wp-image-2091\" width=\"157\" height=\"168\"\/><\/figure>\n<\/div>\n<\/div>\n<\/div>\n\n\n\n<div class=\"wp-block-column is-layout-flow wp-block-column-is-layout-flow\">\n<div style=\"height:24px\" aria-hidden=\"true\" class=\"wp-block-spacer\"><\/div>\n\n\n\n<h5 class=\"has-text-align-center wp-block-heading\" style=\"font-size:22px\">D\u00e9couvrez aussi : <a href=\"https:\/\/www.cma-hautsdefrance.fr\/blog\/\" class=\"rank-math-link\">Le retour du Salon International <\/a><br><a href=\"https:\/\/www.cma-hautsdefrance.fr\/blog\/\" target=\"_blank\" aria-label=\" (opens in a new tab)\" rel=\"noreferrer noopener nofollow\" class=\"rank-math-link\">des M\u00e9tiers d&rsquo;Art<\/a><\/h5>\n<\/div>\n<\/div>\n","protected":false},"excerpt":{"rendered":"<p><span class=\"rt-reading-time\" style=\"display: block;\"><span class=\"rt-label rt-prefix\">Temps de lecture\u00a0: <\/span> <span class=\"rt-time\">2<\/span> <span class=\"rt-label rt-postfix\">minutes<\/span><\/span> Install\u00e9 depuis bient\u00f4t 17 ans dans sa boulangerie-p\u00e2tisserie Pain et Tradition \u00e0 Amiens, Fabrice NORTIER a mis les mains dans la farine d\u00e8s son plus jeune \u00e2ge.&nbsp; Ses parents, commer\u00e7ants, lui transmettent la passion de vendre et le go\u00fbt du [&hellip;]<\/p>\n","protected":false},"author":17,"featured_media":6547,"comment_status":"open","ping_status":"open","sticky":false,"template":"","format":"standard","meta":{"footnotes":""},"categories":[110],"tags":[],"class_list":["post-6095","post","type-post","status-publish","format-standard","has-post-thumbnail","hentry","category-archives"],"_links":{"self":[{"href":"https:\/\/www.cma-hautsdefrance.fr\/blog\/wp-json\/wp\/v2\/posts\/6095","targetHints":{"allow":["GET"]}}],"collection":[{"href":"https:\/\/www.cma-hautsdefrance.fr\/blog\/wp-json\/wp\/v2\/posts"}],"about":[{"href":"https:\/\/www.cma-hautsdefrance.fr\/blog\/wp-json\/wp\/v2\/types\/post"}],"author":[{"embeddable":true,"href":"https:\/\/www.cma-hautsdefrance.fr\/blog\/wp-json\/wp\/v2\/users\/17"}],"replies":[{"embeddable":true,"href":"https:\/\/www.cma-hautsdefrance.fr\/blog\/wp-json\/wp\/v2\/comments?post=6095"}],"version-history":[{"count":16,"href":"https:\/\/www.cma-hautsdefrance.fr\/blog\/wp-json\/wp\/v2\/posts\/6095\/revisions"}],"predecessor-version":[{"id":6409,"href":"https:\/\/www.cma-hautsdefrance.fr\/blog\/wp-json\/wp\/v2\/posts\/6095\/revisions\/6409"}],"wp:featuredmedia":[{"embeddable":true,"href":"https:\/\/www.cma-hautsdefrance.fr\/blog\/wp-json\/wp\/v2\/media\/6547"}],"wp:attachment":[{"href":"https:\/\/www.cma-hautsdefrance.fr\/blog\/wp-json\/wp\/v2\/media?parent=6095"}],"wp:term":[{"taxonomy":"category","embeddable":true,"href":"https:\/\/www.cma-hautsdefrance.fr\/blog\/wp-json\/wp\/v2\/categories?post=6095"},{"taxonomy":"post_tag","embeddable":true,"href":"https:\/\/www.cma-hautsdefrance.fr\/blog\/wp-json\/wp\/v2\/tags?post=6095"}],"curies":[{"name":"wp","href":"https:\/\/api.w.org\/{rel}","templated":true}]}}