{"id":6118,"date":"2021-07-23T11:45:28","date_gmt":"2021-07-23T09:45:28","guid":{"rendered":"https:\/\/www.cma-hautsdefrance.fr\/blog\/?p=6118"},"modified":"2024-05-14T14:36:43","modified_gmt":"2024-05-14T12:36:43","slug":"coiffeur-abbeville","status":"publish","type":"post","link":"https:\/\/www.cma-hautsdefrance.fr\/blog\/archives\/coiffeur-abbeville\/","title":{"rendered":"Nouvelle antenne et nouvelle formation pour devenir coiffeur(se) \u00e0 Abbeville"},"content":{"rendered":"<span class=\"rt-reading-time\" style=\"display: block;\"><span class=\"rt-label rt-prefix\">Temps de lecture\u00a0: <\/span> <span class=\"rt-time\">&lt;\u00a01<\/span> <span class=\"rt-label rt-postfix\">minute<\/span><\/span>\n<h2 class=\"has-text-color wp-block-heading\" style=\"color:#dc4e31\"><strong>Votre Antenne Entreprises et Formation d\u2019Abbeville proposera d\u00e8s cet automne une nouvelle formation en CAP M\u00e9tiers de la coiffure<\/strong>.&nbsp;<\/h2>\n\n\n\n<div style=\"height:67px\" aria-hidden=\"true\" class=\"wp-block-spacer\"><\/div>\n\n\n\n<div class=\"wp-block-columns is-layout-flex wp-container-core-columns-is-layout-9d6595d7 wp-block-columns-is-layout-flex\">\n<div class=\"wp-block-column is-layout-flow wp-block-column-is-layout-flow\" style=\"flex-basis:66.66%\">\n<p style=\"font-size:18px\">Dans les salons, \u00e0 domicile ou encore dans les secteurs du spectacle, de la mode, de l\u2019esth\u00e9tique, du tourisme ou des soins personnels, les coiffeurs sont partout !<\/p>\n\n\n\n<p style=\"font-size:18px\">Le CAP M\u00e9tiers de la coiffure est dispens\u00e9 sur deux ann\u00e9es, entrecoup\u00e9es de p\u00e9riodes en entreprises afin de s&rsquo;exercer en salon. Les personnes d\u00e9j\u00e0 dipl\u00f4m\u00e9es d\u2019un baccalaur\u00e9at ou d\u2019un autre CAP ont la possibilit\u00e9 de r\u00e9aliser cette formation en seulement un an.&nbsp;<\/p>\n\n\n\n<p style=\"font-size:18px\">Vous ma\u00eetriserez les techniques courantes de coiffure pour hommes, femmes et enfants. Vous apprendrez \u00e0 tenir le planning des rendez-vous, accueillir le client au t\u00e9l\u00e9phone et en salon et \u00e0 comprendre ses attentes. L\u2019\u00e9coute et le sens du service client seront vos atouts. Vous acqu\u00e9rez, en plus de la technique, des bases en gestion des stocks, organisation et rangement du salon.<\/p>\n\n\n\n<p style=\"font-size:18px\">Pour aller plus loin dans l\u2019apprentissage, la CMA Hauts-de-France accueille \u00e9galement les apprenants en MC Coiffure coupe couleur et BP Coiffure \u00e0 Amiens, en Bac Pro M\u00e9tiers de la coiffure \u00e0 Lille, en BM Coiffeur \u00e0 Saint-Martin-Boulogne ou encore en CAP Equipier polyvalent du commerce \u00e0 Abbeville.<\/p>\n<\/div>\n\n\n\n<div class=\"wp-block-column is-layout-flow wp-block-column-is-layout-flow\" style=\"flex-basis:33.33%\">\n<div style=\"height:43px\" aria-hidden=\"true\" class=\"wp-block-spacer\"><\/div>\n\n\n\n<figure class=\"wp-block-image size-large\"><img loading=\"lazy\" decoding=\"async\" width=\"1024\" height=\"683\" src=\"https:\/\/www.cma-hautsdefrance.fr\/blog\/wp-content\/uploads\/2021\/07\/formation-coiffure-1024x683.png\" alt=\"coiffeur\" class=\"wp-image-6120\"\/><\/figure>\n<\/div>\n<\/div>\n\n\n\n<div style=\"height:61px\" aria-hidden=\"true\" class=\"wp-block-spacer\"><\/div>\n\n\n\n<h5 class=\"has-text-align-center wp-block-heading\">Vous avez entre 15 et 30 ans et vous \u00eates int\u00e9ress\u00e9 par le <a href=\"https:\/\/www.cma-hautsdefrance.fr\/metier-beaute-mode-art\/formation-coiffeur\/\" target=\"_blank\" aria-label=\"m\u00e9tier de coiffeur(se) ? (opens in a new tab)\" rel=\"noreferrer noopener nofollow\" class=\"rank-math-link\">m\u00e9tier de coiffeur(se) ?<\/a><br>Ou vous souhaitez <a href=\"https:\/\/www.cma-hautsdefrance.fr\/formalites-contrat-apprentissage\/\" target=\"_blank\" aria-label=\"recruter un apprenti (opens in a new tab)\" rel=\"noreferrer noopener nofollow\" class=\"rank-math-link\">recruter un apprenti<\/a> dans le cadre de cette formation ?<\/h5>\n\n\n\n<div style=\"height:43px\" aria-hidden=\"true\" class=\"wp-block-spacer\"><\/div>\n\n\n\n<h5 class=\"has-text-align-center has-white-color has-text-color has-background wp-block-heading\" style=\"background-color:#dc4e31\">Contactez-nous au \u200b09 72 72 72 07 <br>ou par mail <a aria-label=\"contact@cma-hautsdefrance.fr (opens in a new tab)\" href=\"mailto:contact@cma-hautsdefrance.fr\" target=\"_blank\" rel=\"noreferrer noopener nofollow\" class=\"rank-math-link\">contact@cma-hautsdefrance.fr<\/a><\/h5>\n","protected":false},"excerpt":{"rendered":"<p><span class=\"rt-reading-time\" style=\"display: block;\"><span class=\"rt-label rt-prefix\">Temps de lecture\u00a0: <\/span> <span class=\"rt-time\">&lt;\u00a01<\/span> <span class=\"rt-label rt-postfix\">minute<\/span><\/span> Votre Antenne Entreprises et Formation d\u2019Abbeville proposera d\u00e8s cet automne une nouvelle formation en CAP M\u00e9tiers de la coiffure.&nbsp; Dans les salons, \u00e0 domicile ou encore dans les secteurs du spectacle, de la mode, de l\u2019esth\u00e9tique, du tourisme ou des [&hellip;]<\/p>\n","protected":false},"author":17,"featured_media":7909,"comment_status":"open","ping_status":"open","sticky":false,"template":"","format":"standard","meta":{"footnotes":""},"categories":[110],"tags":[],"class_list":["post-6118","post","type-post","status-publish","format-standard","has-post-thumbnail","hentry","category-archives"],"_links":{"self":[{"href":"https:\/\/www.cma-hautsdefrance.fr\/blog\/wp-json\/wp\/v2\/posts\/6118","targetHints":{"allow":["GET"]}}],"collection":[{"href":"https:\/\/www.cma-hautsdefrance.fr\/blog\/wp-json\/wp\/v2\/posts"}],"about":[{"href":"https:\/\/www.cma-hautsdefrance.fr\/blog\/wp-json\/wp\/v2\/types\/post"}],"author":[{"embeddable":true,"href":"https:\/\/www.cma-hautsdefrance.fr\/blog\/wp-json\/wp\/v2\/users\/17"}],"replies":[{"embeddable":true,"href":"https:\/\/www.cma-hautsdefrance.fr\/blog\/wp-json\/wp\/v2\/comments?post=6118"}],"version-history":[{"count":8,"href":"https:\/\/www.cma-hautsdefrance.fr\/blog\/wp-json\/wp\/v2\/posts\/6118\/revisions"}],"predecessor-version":[{"id":6412,"href":"https:\/\/www.cma-hautsdefrance.fr\/blog\/wp-json\/wp\/v2\/posts\/6118\/revisions\/6412"}],"wp:featuredmedia":[{"embeddable":true,"href":"https:\/\/www.cma-hautsdefrance.fr\/blog\/wp-json\/wp\/v2\/media\/7909"}],"wp:attachment":[{"href":"https:\/\/www.cma-hautsdefrance.fr\/blog\/wp-json\/wp\/v2\/media?parent=6118"}],"wp:term":[{"taxonomy":"category","embeddable":true,"href":"https:\/\/www.cma-hautsdefrance.fr\/blog\/wp-json\/wp\/v2\/categories?post=6118"},{"taxonomy":"post_tag","embeddable":true,"href":"https:\/\/www.cma-hautsdefrance.fr\/blog\/wp-json\/wp\/v2\/tags?post=6118"}],"curies":[{"name":"wp","href":"https:\/\/api.w.org\/{rel}","templated":true}]}}