{"id":6130,"date":"2021-07-23T11:50:00","date_gmt":"2021-07-23T09:50:00","guid":{"rendered":"https:\/\/www.cma-hautsdefrance.fr\/blog\/?p=6130"},"modified":"2024-05-14T14:36:24","modified_gmt":"2024-05-14T12:36:24","slug":"esthetique","status":"publish","type":"post","link":"https:\/\/www.cma-hautsdefrance.fr\/blog\/archives\/esthetique\/","title":{"rendered":"Des locaux flambant neuf pour l\u2019ouverture d\u2019un Brevet Professionnel Esth\u00e9tique"},"content":{"rendered":"<span class=\"rt-reading-time\" style=\"display: block;\"><span class=\"rt-label rt-prefix\">Temps de lecture\u00a0: <\/span> <span class=\"rt-time\">&lt;\u00a01<\/span> <span class=\"rt-label rt-postfix\">minute<\/span><\/span>\n<h2 class=\"has-text-color wp-block-heading\" style=\"color:#dc4e31\">D\u00e8s cet automne, \u00e0 la rentr\u00e9e, l\u2019Antenne Entreprises et Formation de Saint-Martin-Boulogne va ouvrir une section Brevet Professionnel en Esth\u00e9tique.<\/h2>\n\n\n\n<div style=\"height:39px\" aria-hidden=\"true\" class=\"wp-block-spacer\"><\/div>\n\n\n\n<div class=\"wp-block-columns is-layout-flex wp-container-core-columns-is-layout-9d6595d7 wp-block-columns-is-layout-flex\">\n<div class=\"wp-block-column is-layout-flow wp-block-column-is-layout-flow\" style=\"flex-basis:66.66%\">\n<div style=\"height:30px\" aria-hidden=\"true\" class=\"wp-block-spacer\"><\/div>\n\n\n\n<p style=\"font-size:18px\">Dans la continuit\u00e9 du CAP Esth\u00e9tique, ce BP <strong>donne la possibilit\u00e9 d\u2019acqu\u00e9rir des comp\u00e9tences en gestion<\/strong> afin de prendre la g\u00e9rance d\u2019un salon d\u2019esth\u00e9tique.<\/p>\n\n\n\n<div style=\"height:53px\" aria-hidden=\"true\" class=\"wp-block-spacer\"><\/div>\n\n\n\n<p style=\"font-size:18px\">Afin d\u2019accueillir les 16 places de cette nouvelle formation dipl\u00f4mante, <strong>150 m2 vont \u00eatre enti\u00e8rement am\u00e9nag\u00e9s : espace vente\/parfumerie, espace SPA\/Baln\u00e9o avec jacuzzi et sauna infrarouge, espace onglerie et p\u00e9dispa, etc&#8230; <\/strong>Ces installations dernier cri b\u00e9n\u00e9ficieront \u00e9galement aux formations techniques propos\u00e9es aux esth\u00e9ticiens(nes) du territoire, comme les formations \u201cU.V.\u201d ou \u201cextension cil \u00e0 cil \u201c.<\/p>\n<\/div>\n\n\n\n<div class=\"wp-block-column is-layout-flow wp-block-column-is-layout-flow\" style=\"flex-basis:33.33%\">\n<figure class=\"wp-block-image size-large\"><img loading=\"lazy\" decoding=\"async\" width=\"1024\" height=\"683\" src=\"https:\/\/www.cma-hautsdefrance.fr\/blog\/wp-content\/uploads\/2021\/07\/MAF-ESTHETICIENNE-INTHYLA-BASENKHAM-67detoure-1024x683.png\" alt=\"Esth\u00e9tique\" class=\"wp-image-6132\"\/><\/figure>\n<\/div>\n<\/div>\n\n\n\n<div style=\"height:45px\" aria-hidden=\"true\" class=\"wp-block-spacer\"><\/div>\n\n\n\n<h5 class=\"has-text-align-center wp-block-heading\">Vous souhaitez recruter un.e apprenti.e en BP esth\u00e9tique ?<\/h5>\n\n\n\n<div style=\"height:37px\" aria-hidden=\"true\" class=\"wp-block-spacer\"><\/div>\n\n\n\n<h5 class=\"has-text-align-center has-white-color has-text-color has-background wp-block-heading\" style=\"background-color:#dc4e31\"><a aria-label=\"Contactez-nous (opens in a new tab)\" href=\"https:\/\/www.cma-hautsdefrance.fr\/nous-contacter\/\" target=\"_blank\" rel=\"noreferrer noopener nofollow\" class=\"rank-math-link\">Contactez-nous<\/a> au \u200b09 72 72 72 07 <br>ou par mail contact@cma-hautsdefrance.fr<\/h5>\n","protected":false},"excerpt":{"rendered":"<p><span class=\"rt-reading-time\" style=\"display: block;\"><span class=\"rt-label rt-prefix\">Temps de lecture\u00a0: <\/span> <span class=\"rt-time\">&lt;\u00a01<\/span> <span class=\"rt-label rt-postfix\">minute<\/span><\/span> D\u00e8s cet automne, \u00e0 la rentr\u00e9e, l\u2019Antenne Entreprises et Formation de Saint-Martin-Boulogne va ouvrir une section Brevet Professionnel en Esth\u00e9tique. Dans la continuit\u00e9 du CAP Esth\u00e9tique, ce BP donne la possibilit\u00e9 d\u2019acqu\u00e9rir des comp\u00e9tences en gestion afin de prendre la [&hellip;]<\/p>\n","protected":false},"author":17,"featured_media":7912,"comment_status":"open","ping_status":"open","sticky":false,"template":"","format":"standard","meta":{"footnotes":""},"categories":[110],"tags":[],"class_list":["post-6130","post","type-post","status-publish","format-standard","has-post-thumbnail","hentry","category-archives"],"_links":{"self":[{"href":"https:\/\/www.cma-hautsdefrance.fr\/blog\/wp-json\/wp\/v2\/posts\/6130","targetHints":{"allow":["GET"]}}],"collection":[{"href":"https:\/\/www.cma-hautsdefrance.fr\/blog\/wp-json\/wp\/v2\/posts"}],"about":[{"href":"https:\/\/www.cma-hautsdefrance.fr\/blog\/wp-json\/wp\/v2\/types\/post"}],"author":[{"embeddable":true,"href":"https:\/\/www.cma-hautsdefrance.fr\/blog\/wp-json\/wp\/v2\/users\/17"}],"replies":[{"embeddable":true,"href":"https:\/\/www.cma-hautsdefrance.fr\/blog\/wp-json\/wp\/v2\/comments?post=6130"}],"version-history":[{"count":14,"href":"https:\/\/www.cma-hautsdefrance.fr\/blog\/wp-json\/wp\/v2\/posts\/6130\/revisions"}],"predecessor-version":[{"id":6419,"href":"https:\/\/www.cma-hautsdefrance.fr\/blog\/wp-json\/wp\/v2\/posts\/6130\/revisions\/6419"}],"wp:featuredmedia":[{"embeddable":true,"href":"https:\/\/www.cma-hautsdefrance.fr\/blog\/wp-json\/wp\/v2\/media\/7912"}],"wp:attachment":[{"href":"https:\/\/www.cma-hautsdefrance.fr\/blog\/wp-json\/wp\/v2\/media?parent=6130"}],"wp:term":[{"taxonomy":"category","embeddable":true,"href":"https:\/\/www.cma-hautsdefrance.fr\/blog\/wp-json\/wp\/v2\/categories?post=6130"},{"taxonomy":"post_tag","embeddable":true,"href":"https:\/\/www.cma-hautsdefrance.fr\/blog\/wp-json\/wp\/v2\/tags?post=6130"}],"curies":[{"name":"wp","href":"https:\/\/api.w.org\/{rel}","templated":true}]}}