{"id":6149,"date":"2021-07-23T14:36:21","date_gmt":"2021-07-23T12:36:21","guid":{"rendered":"https:\/\/www.cma-hautsdefrance.fr\/blog\/?p=6149"},"modified":"2024-05-14T14:36:14","modified_gmt":"2024-05-14T12:36:14","slug":"salon-international-metiers-art","status":"publish","type":"post","link":"https:\/\/www.cma-hautsdefrance.fr\/blog\/archives\/salon-international-metiers-art\/","title":{"rendered":"Le retour du Salon International des M\u00e9tiers d&rsquo;Art"},"content":{"rendered":"<span class=\"rt-reading-time\" style=\"display: block;\"><span class=\"rt-label rt-prefix\">Temps de lecture\u00a0: <\/span> <span class=\"rt-time\">2<\/span> <span class=\"rt-label rt-postfix\">minutes<\/span><\/span>\n<h2 class=\"has-text-color wp-block-heading\" style=\"color:#f7bf32\">A vos agendas ! Cette ann\u00e9e, le <strong>Salon International des M\u00e9tiers d&rsquo;Art<\/strong> aura lieu les <strong>12, 13 et 14 Novembre 2021<\/strong> dans les salons Prestige du Stade Bollaert-Delelis de <strong>Lens<\/strong> avec toujours plus d\u2019excellence.<\/h2>\n\n\n\n<div style=\"height:72px\" aria-hidden=\"true\" class=\"wp-block-spacer\"><\/div>\n\n\n\n<div class=\"wp-block-columns is-layout-flex wp-container-core-columns-is-layout-9d6595d7 wp-block-columns-is-layout-flex\">\n<div class=\"wp-block-column is-layout-flow wp-block-column-is-layout-flow\" style=\"flex-basis:66.66%\">\n<p style=\"font-size:18px\">Suite au report de l\u2019\u00e9dition 2020, nous avons conserv\u00e9 l\u2019ensemble des exposants retenu par notre comit\u00e9 de s\u00e9lection ainsi que notre th\u00e9matique : <strong>le Design<\/strong>.<\/p>\n\n\n\n<p style=\"font-size:18px\">Nouveaut\u00e9, une <strong>\u00e9dition virtuelle<\/strong> est en cours de pr\u00e9paration afin de prolonger ces 3 jours !&nbsp;<\/p>\n\n\n\n<p style=\"font-size:18px\"><strong>Leila KONIECZNY <\/strong>est la cr\u00e9atrice des<strong> broderies Majestelle<\/strong> bas\u00e9es \u00e0 Arras. Pour la premi\u00e8re fois, elle participera cette ann\u00e9e au <a href=\"http:\/\/www.metiers-art.com\/Salon-International-des-Metiers-d-Art\" target=\"_blank\" aria-label=\"SIMA. (opens in a new tab)\" rel=\"noreferrer noopener nofollow\" class=\"rank-math-link\">SIMA.<\/a>&nbsp;<\/p>\n\n\n\n<p style=\"font-size:18px\">Depuis plus de trente ann\u00e9es en tant que brodeuse, responsable d\u2019atelier et enseignante \u00e0 l\u2019\u00e9cole Lesage, <strong>elle a \u0153uvr\u00e9 aux c\u00f4t\u00e9s du Ma\u00eetre brodeur Fran\u00e7ois LESAGE dans l\u2019optique de faire grandir la broderie Fran\u00e7aise \u00e0 travers le monde.<\/strong> Leila a eu le plaisir de r\u00e9aliser des cr\u00e9ations pour <strong>les plus grandes marques du luxe<\/strong> (Chanel, Louis Vuitton, Yves Saint Laurent, Dior et bien d\u2019autres), mais aussi de travailler sur des mod\u00e8les de haute couture qui ont fait l\u2019histoire. Citons par exemple le mod\u00e8le Coromandel de Karl Lagerfeld pour Chanel collection printemps-\u00e9t\u00e9 1996 ou encore l\u2019art du trompe-l\u2019\u0153il avec la robe \u201cpeau de panth\u00e8re\u201d enti\u00e8rement brod\u00e9e de tubes&nbsp; \u201csatin\u201d collection hiver 1998 de Jean-Paul Gaultier.<\/p>\n\n\n\n<p style=\"font-size:18px\">Aujourd\u2019hui, \u00e0 travers les broderies Majestelle, c\u2019est tout ce savoir-faire et cette passion qu\u2019elle met \u00e0 disposition afin de faire de vos exigences une diff\u00e9rence. Retrouvez-la en novembre au SIMA.<\/p>\n<\/div>\n\n\n\n<div class=\"wp-block-column is-layout-flow wp-block-column-is-layout-flow\" style=\"flex-basis:33.33%\">\n<figure class=\"wp-block-image size-large\"><img loading=\"lazy\" decoding=\"async\" width=\"800\" height=\"600\" src=\"https:\/\/www.cma-hautsdefrance.fr\/blog\/wp-content\/uploads\/2021\/07\/sima-broderie.png\" alt=\"Salon International des M\u00e9tiers d'Art\" class=\"wp-image-6151\"\/><\/figure>\n\n\n\n<div style=\"height:26px\" aria-hidden=\"true\" class=\"wp-block-spacer\"><\/div>\n\n\n\n<div class=\"wp-block-image\"><figure class=\"aligncenter size-large is-resized\"><img loading=\"lazy\" decoding=\"async\" src=\"https:\/\/www.cma-hautsdefrance.fr\/blog\/wp-content\/uploads\/2021\/07\/sima.png\" alt=\"Salon International des M\u00e9tiers d'Art\" class=\"wp-image-6080\" width=\"244\" height=\"168\"\/><\/figure><\/div>\n<\/div>\n<\/div>\n\n\n\n<div style=\"height:57px\" aria-hidden=\"true\" class=\"wp-block-spacer\"><\/div>\n\n\n\n<h5 class=\"has-text-align-center wp-block-heading\"><strong>Leila KONIECZNY<\/strong><br>06 99 22 67 95<br>latelier.broderie.creation@gmail.com<br><a href=\"https:\/\/www.lilybrod.fr\/\" target=\"_blank\" aria-label=\"SITE (opens in a new tab)\" rel=\"noreferrer noopener nofollow\" class=\"rank-math-link\">SITE<\/a><\/h5>\n\n\n\n<div style=\"height:18px\" aria-hidden=\"true\" class=\"wp-block-spacer\"><\/div>\n\n\n\n<div class=\"wp-block-image\"><figure class=\"aligncenter size-large\"><img loading=\"lazy\" decoding=\"async\" width=\"800\" height=\"382\" src=\"https:\/\/www.cma-hautsdefrance.fr\/blog\/wp-content\/uploads\/2021\/07\/broderie-luxe.png\" alt=\"Salon International des M\u00e9tiers d'Art\" class=\"wp-image-6161\"\/><\/figure><\/div>\n","protected":false},"excerpt":{"rendered":"<p><span class=\"rt-reading-time\" style=\"display: block;\"><span class=\"rt-label rt-prefix\">Temps de lecture\u00a0: <\/span> <span class=\"rt-time\">2<\/span> <span class=\"rt-label rt-postfix\">minutes<\/span><\/span> A vos agendas ! Cette ann\u00e9e, le Salon International des M\u00e9tiers d&rsquo;Art aura lieu les 12, 13 et 14 Novembre 2021 dans les salons Prestige du Stade Bollaert-Delelis de Lens avec toujours plus d\u2019excellence. Suite au report de l\u2019\u00e9dition 2020, [&hellip;]<\/p>\n","protected":false},"author":17,"featured_media":6542,"comment_status":"open","ping_status":"open","sticky":false,"template":"","format":"standard","meta":{"footnotes":""},"categories":[110],"tags":[],"class_list":["post-6149","post","type-post","status-publish","format-standard","has-post-thumbnail","hentry","category-archives"],"_links":{"self":[{"href":"https:\/\/www.cma-hautsdefrance.fr\/blog\/wp-json\/wp\/v2\/posts\/6149","targetHints":{"allow":["GET"]}}],"collection":[{"href":"https:\/\/www.cma-hautsdefrance.fr\/blog\/wp-json\/wp\/v2\/posts"}],"about":[{"href":"https:\/\/www.cma-hautsdefrance.fr\/blog\/wp-json\/wp\/v2\/types\/post"}],"author":[{"embeddable":true,"href":"https:\/\/www.cma-hautsdefrance.fr\/blog\/wp-json\/wp\/v2\/users\/17"}],"replies":[{"embeddable":true,"href":"https:\/\/www.cma-hautsdefrance.fr\/blog\/wp-json\/wp\/v2\/comments?post=6149"}],"version-history":[{"count":10,"href":"https:\/\/www.cma-hautsdefrance.fr\/blog\/wp-json\/wp\/v2\/posts\/6149\/revisions"}],"predecessor-version":[{"id":6420,"href":"https:\/\/www.cma-hautsdefrance.fr\/blog\/wp-json\/wp\/v2\/posts\/6149\/revisions\/6420"}],"wp:featuredmedia":[{"embeddable":true,"href":"https:\/\/www.cma-hautsdefrance.fr\/blog\/wp-json\/wp\/v2\/media\/6542"}],"wp:attachment":[{"href":"https:\/\/www.cma-hautsdefrance.fr\/blog\/wp-json\/wp\/v2\/media?parent=6149"}],"wp:term":[{"taxonomy":"category","embeddable":true,"href":"https:\/\/www.cma-hautsdefrance.fr\/blog\/wp-json\/wp\/v2\/categories?post=6149"},{"taxonomy":"post_tag","embeddable":true,"href":"https:\/\/www.cma-hautsdefrance.fr\/blog\/wp-json\/wp\/v2\/tags?post=6149"}],"curies":[{"name":"wp","href":"https:\/\/api.w.org\/{rel}","templated":true}]}}