{"id":6165,"date":"2021-07-23T14:40:31","date_gmt":"2021-07-23T12:40:31","guid":{"rendered":"https:\/\/www.cma-hautsdefrance.fr\/blog\/?p=6165"},"modified":"2024-05-14T14:36:02","modified_gmt":"2024-05-14T12:36:02","slug":"bouteille","status":"publish","type":"post","link":"https:\/\/www.cma-hautsdefrance.fr\/blog\/archives\/bouteille\/","title":{"rendered":"Gauthier DECARNE et ses bouteilles, un sacr\u00e9 culot !"},"content":{"rendered":"<span class=\"rt-reading-time\" style=\"display: block;\"><span class=\"rt-label rt-prefix\">Temps de lecture\u00a0: <\/span> <span class=\"rt-time\">3<\/span> <span class=\"rt-label rt-postfix\">minutes<\/span><\/span>\n<h2 class=\"has-text-color wp-block-heading\" style=\"color:#f7bf32\">Gauthier, 29 ans, originaire de la baie de Somme, a grandi entour\u00e9 d&rsquo;entrepreneurs avec l\u2019envie de cr\u00e9er un jour son entreprise, devenir son propre patron et f\u00e9d\u00e9rer une \u00e9quipe autour d&rsquo;une id\u00e9e.&nbsp;<\/h2>\n\n\n\n<div style=\"height:46px\" aria-hidden=\"true\" class=\"wp-block-spacer\"><\/div>\n\n\n\n<p style=\"font-size:18px\">Rentr\u00e9 de Paris il y a 5 ans apr\u00e8s des \u00e9tudes de management et de th\u00e9\u00e2tre, il s\u2019installe au Touquet et cr\u00e9e <strong>Q de Bouteilles<\/strong>, une entreprise de <strong>surcyclage de bouteilles en verre.<\/strong><\/p>\n\n\n\n<div style=\"height:46px\" aria-hidden=\"true\" class=\"wp-block-spacer\"><\/div>\n\n\n\n<h5 class=\"has-text-align-center wp-block-heading\"><strong>LE PRINCIPE ? <\/strong><br><strong>Les bouteilles destin\u00e9es \u00e0 \u00eatre d\u00e9truites sont collect\u00e9es puis utilis\u00e9es pour produire <\/strong><br><strong>verres, vases, bougies, coquetiers et autres articles.&nbsp;<\/strong><\/h5>\n\n\n\n<div style=\"height:22px\" aria-hidden=\"true\" class=\"wp-block-spacer\"><\/div>\n\n\n\n<div class=\"wp-block-image\"><figure class=\"aligncenter size-large\"><img loading=\"lazy\" decoding=\"async\" width=\"800\" height=\"426\" src=\"https:\/\/www.cma-hautsdefrance.fr\/blog\/wp-content\/uploads\/2021\/07\/bouteille-recyclage-upcycling.png\" alt=\"bouteille\" class=\"wp-image-6167\"\/><\/figure><\/div>\n\n\n\n<div style=\"height:21px\" aria-hidden=\"true\" class=\"wp-block-spacer\"><\/div>\n\n\n\n<p style=\"font-size:18px\"><strong>L&rsquo;upcycling est au c\u0153ur du processus de fabrication<\/strong>, le fait de revaloriser une mati\u00e8re premi\u00e8re pour en faire un produit de qualit\u00e9 est tr\u00e8s important aux yeux de Gauthier et repr\u00e9sente une forte valeur ajout\u00e9e pour l&rsquo;entreprise.<\/p>\n\n\n\n<p style=\"font-size:18px\">Au d\u00e9but de l\u2019aventure, il vend aux particuliers via son site internet et un r\u00e9seau de revendeurs (environ 60 boutiques de d\u00e9coration et concept stores). Rapidement, les verres sont plac\u00e9s sur les <strong>tables de chefs \u00e9toil\u00e9s<\/strong> (Alexandre Gauthier, Florent Ladeyn). <strong>Depuis 2018, les prestations de services s\u2019acc\u00e9l\u00e8rent, les pi\u00e8ces sont cr\u00e9\u00e9es sur-mesure,<\/strong> parfois \u00e0 partir des propres bouteilles des clients et personnalis\u00e9es. <strong>2019 voit le jour de sa premi\u00e8re boutique \u00e0 Saint-Val\u00e9ry-sur-Somme.<\/strong><\/p>\n\n\n\n<p style=\"font-size:18px\">Travaillant aujourd\u2019hui \u00e0 75 % pour des entreprises, son implantation se situe \u00e0 80 % au national et \u00e0 20 % \u00e0 l\u2019international. Ses clients sont des professionnels sp\u00e9cialis\u00e9s dans les arts de la table, vins et spiritueux, maisons de champagne. Pernod Ricard, Mouton Cadet, Ruinart et Degrenne font partie de ses principales r\u00e9f\u00e9rences. Il travaille \u00e9galement pour Manufactum, qui est en quelque sorte l&rsquo;\u00e9quivalent des Galeries Lafayette en Allemagne.<\/p>\n\n\n\n<div style=\"height:84px\" aria-hidden=\"true\" class=\"wp-block-spacer\"><\/div>\n\n\n\n<div class=\"wp-block-columns is-layout-flex wp-container-core-columns-is-layout-9d6595d7 wp-block-columns-is-layout-flex\">\n<div class=\"wp-block-column is-layout-flow wp-block-column-is-layout-flow\">\n<div style=\"height:37px\" aria-hidden=\"true\" class=\"wp-block-spacer\"><\/div>\n\n\n\n<h4 class=\"has-text-align-center has-white-color has-text-color has-background wp-block-heading\" style=\"background-color:#f7bf32;font-size:25px\">Son objectif premier ? <strong>Favoriser la RSE<\/strong>, Responsabilit\u00e9 soci\u00e9tale des entreprises.<\/h4>\n<\/div>\n\n\n\n<div class=\"wp-block-column is-layout-flow wp-block-column-is-layout-flow\">\n<blockquote class=\"wp-block-quote is-layout-flow wp-block-quote-is-layout-flow\"><p><em>\u201cNous utilisons un circuit d&rsquo;eau ferm\u00e9 pour produire notre gamme. Par la suite, notre but est de d\u00e9velopper l&rsquo;utilisation de l&rsquo;eau de pluie dans la cha\u00eene de production.\u201d<\/em><\/p><\/blockquote>\n<\/div>\n<\/div>\n\n\n\n<div style=\"height:81px\" aria-hidden=\"true\" class=\"wp-block-spacer\"><\/div>\n\n\n\n<div class=\"wp-block-columns is-layout-flex wp-container-core-columns-is-layout-9d6595d7 wp-block-columns-is-layout-flex\">\n<div class=\"wp-block-column is-layout-flow wp-block-column-is-layout-flow\">\n<figure class=\"wp-block-image size-large\"><img loading=\"lazy\" decoding=\"async\" width=\"800\" height=\"426\" src=\"https:\/\/www.cma-hautsdefrance.fr\/blog\/wp-content\/uploads\/2021\/07\/bouteille-recyclage.png\" alt=\"\" class=\"wp-image-6174\"\/><\/figure>\n<\/div>\n\n\n\n<div class=\"wp-block-column is-layout-flow wp-block-column-is-layout-flow\">\n<div style=\"height:4px\" aria-hidden=\"true\" class=\"wp-block-spacer\"><\/div>\n\n\n\n<p style=\"font-size:18px\"><strong>Plus que soutenue par Victoire, conjointe associ\u00e9e dans l\u2019entreprise<\/strong>, Gauthier se voit d\u00e9charg\u00e9 du d\u00e9veloppement commercial (gestion clients, marketing, communication, e-commerce, etc.). Elle l\u2019a rejoint dans le Pas-de-Calais il y a 4 ans, et tr\u00e8s vite, le projet Q de Bouteilles est aussi devenu le sien.&nbsp;<\/p>\n\n\n\n<p style=\"font-size:18px\">C\u00f4te \u00e0 c\u00f4te, ils veulent favoriser le bon sens, la bienveillance, l&rsquo;\u00e9thique ainsi que la bonne foi. Tous ces \u00e9l\u00e9ments offrent un bon climat au travail et permettent d&rsquo;augmenter les performances globales de la soci\u00e9t\u00e9. L&rsquo;entreprise est en plein d\u00e9veloppement et les r\u00e9sultats obtenus sont plus qu&rsquo;encourageants.<\/p>\n<\/div>\n<\/div>\n\n\n\n<div style=\"height:50px\" aria-hidden=\"true\" class=\"wp-block-spacer\"><\/div>\n\n\n\n<blockquote class=\"wp-block-quote is-layout-flow wp-block-quote-is-layout-flow\"><p><strong><em><span style=\"color:#f7bf32\" class=\"has-inline-color\">\u201cNous avons r\u00e9ussi \u00e0 instaurer un climat de confiance et de respect mutuel avec nos salari\u00e9s, ainsi ils donnent le meilleur. Ils fixent eux-m\u00eames leurs horaires de travail ainsi que leurs capacit\u00e9s <\/span><\/em><\/strong><br><strong><em><span style=\"color:#f7bf32\" class=\"has-inline-color\">de production <\/span><\/em><\/strong><strong><em><span style=\"color:#f7bf32\" class=\"has-inline-color\">par jour au sein de l&rsquo;atelier.\u201d<\/span><\/em><\/strong><\/p><\/blockquote>\n\n\n\n<div style=\"height:38px\" aria-hidden=\"true\" class=\"wp-block-spacer\"><\/div>\n\n\n\n<p style=\"font-size:18px\">Lorsqu&rsquo;un poste est cr\u00e9\u00e9 ou \u00e0 pourvoir, ils favorisent syst\u00e9matiquement la cooptation. Les salari\u00e9s sont tr\u00e8s favorables \u00e0 ce syst\u00e8me, ce qui renforce \u00e9galement le sentiment de bien-\u00eatre au travail. Aucun absent\u00e9isme, licenciement, d\u00e9mission, litige avec les salari\u00e9s, fournisseurs ou encore clients, n&rsquo;est \u00e0 d\u00e9clarer.<\/p>\n\n\n\n<p style=\"font-size:18px\"><strong>Laur\u00e9at \u201cPrix Stars &amp; M\u00e9tiers 2021\u201d<\/strong>, Gauthier s&rsquo;est vu remettre un prix r\u00e9gional dans la cat\u00e9gorie <strong>\u201cResponsable\u201d<\/strong> pour ses nombreuses actions en faveur de l&rsquo;environnement et de la soci\u00e9t\u00e9.<\/p>\n\n\n\n<div style=\"height:100px\" aria-hidden=\"true\" class=\"wp-block-spacer\"><\/div>\n\n\n\n<h5 class=\"has-text-align-center wp-block-heading\"><strong>Q DE BOUTEILLES<\/strong><br>All\u00e9e de la Royale Air Force &#8211; 62520 Le Touquet<br>07 60 66 80 80<br><a href=\"mailto:gauthier@qdebouteilles.fr\" target=\"_blank\" aria-label=\"gauthier@qdebouteilles.fr (opens in a new tab)\" rel=\"noreferrer noopener nofollow\" class=\"rank-math-link\">gauthier@qdebouteilles.fr<\/a><br><a href=\"https:\/\/www.qdebouteilles.fr\/\" target=\"_blank\" aria-label=\"SITE (opens in a new tab)\" rel=\"noreferrer noopener nofollow\" class=\"rank-math-link\">SITE<\/a> \/ <a href=\"https:\/\/www.facebook.com\/Qdebouteilles\" target=\"_blank\" label=\"Facebook (opens in a new tab)\" rel=\"noreferrer noopener nofollow\" class=\"rank-math-link broken_link\">Facebook<\/a> \/ <a href=\"https:\/\/www.instagram.com\/qdebouteilles\/\" target=\"_blank\" aria-label=\"Instagram (opens in a new tab)\" rel=\"noreferrer noopener nofollow\" class=\"rank-math-link\">Instagram<\/a> \/ <a href=\"https:\/\/twitter.com\/qdebouteilles\" target=\"_blank\" aria-label=\"Twitter (opens in a new tab)\" rel=\"noreferrer noopener nofollow\" class=\"rank-math-link\">Twitter<\/a><\/h5>\n\n\n\n<figure class=\"wp-block-embed is-type-wp-embed is-provider-q-de-bouteilles wp-block-embed-q-de-bouteilles\"><div class=\"wp-block-embed__wrapper\">\nhttps:\/\/www.qdebouteilles.fr\/\n<\/div><\/figure>\n","protected":false},"excerpt":{"rendered":"<p><span class=\"rt-reading-time\" style=\"display: block;\"><span class=\"rt-label rt-prefix\">Temps de lecture\u00a0: <\/span> <span class=\"rt-time\">3<\/span> <span class=\"rt-label rt-postfix\">minutes<\/span><\/span> Gauthier, 29 ans, originaire de la baie de Somme, a grandi entour\u00e9 d&rsquo;entrepreneurs avec l\u2019envie de cr\u00e9er un jour son entreprise, devenir son propre patron et f\u00e9d\u00e9rer une \u00e9quipe autour d&rsquo;une id\u00e9e.&nbsp; Rentr\u00e9 de Paris il y a 5 ans [&hellip;]<\/p>\n","protected":false},"author":17,"featured_media":6541,"comment_status":"open","ping_status":"open","sticky":false,"template":"","format":"standard","meta":{"footnotes":""},"categories":[110],"tags":[],"class_list":["post-6165","post","type-post","status-publish","format-standard","has-post-thumbnail","hentry","category-archives"],"_links":{"self":[{"href":"https:\/\/www.cma-hautsdefrance.fr\/blog\/wp-json\/wp\/v2\/posts\/6165","targetHints":{"allow":["GET"]}}],"collection":[{"href":"https:\/\/www.cma-hautsdefrance.fr\/blog\/wp-json\/wp\/v2\/posts"}],"about":[{"href":"https:\/\/www.cma-hautsdefrance.fr\/blog\/wp-json\/wp\/v2\/types\/post"}],"author":[{"embeddable":true,"href":"https:\/\/www.cma-hautsdefrance.fr\/blog\/wp-json\/wp\/v2\/users\/17"}],"replies":[{"embeddable":true,"href":"https:\/\/www.cma-hautsdefrance.fr\/blog\/wp-json\/wp\/v2\/comments?post=6165"}],"version-history":[{"count":22,"href":"https:\/\/www.cma-hautsdefrance.fr\/blog\/wp-json\/wp\/v2\/posts\/6165\/revisions"}],"predecessor-version":[{"id":6753,"href":"https:\/\/www.cma-hautsdefrance.fr\/blog\/wp-json\/wp\/v2\/posts\/6165\/revisions\/6753"}],"wp:featuredmedia":[{"embeddable":true,"href":"https:\/\/www.cma-hautsdefrance.fr\/blog\/wp-json\/wp\/v2\/media\/6541"}],"wp:attachment":[{"href":"https:\/\/www.cma-hautsdefrance.fr\/blog\/wp-json\/wp\/v2\/media?parent=6165"}],"wp:term":[{"taxonomy":"category","embeddable":true,"href":"https:\/\/www.cma-hautsdefrance.fr\/blog\/wp-json\/wp\/v2\/categories?post=6165"},{"taxonomy":"post_tag","embeddable":true,"href":"https:\/\/www.cma-hautsdefrance.fr\/blog\/wp-json\/wp\/v2\/tags?post=6165"}],"curies":[{"name":"wp","href":"https:\/\/api.w.org\/{rel}","templated":true}]}}