{"id":6186,"date":"2021-07-23T16:49:50","date_gmt":"2021-07-23T14:49:50","guid":{"rendered":"https:\/\/www.cma-hautsdefrance.fr\/blog\/?p=6186"},"modified":"2024-05-14T14:35:34","modified_gmt":"2024-05-14T12:35:34","slug":"pas-de-calais","status":"publish","type":"post","link":"https:\/\/www.cma-hautsdefrance.fr\/blog\/archives\/pas-de-calais\/","title":{"rendered":"L&rsquo;actualit\u00e9 du Pas-de-Calais : 2nd trimestre"},"content":{"rendered":"<span class=\"rt-reading-time\" style=\"display: block;\"><span class=\"rt-label rt-prefix\">Temps de lecture\u00a0: <\/span> <span class=\"rt-time\">4<\/span> <span class=\"rt-label rt-postfix\">minutes<\/span><\/span>\n<h2 class=\"has-text-color wp-block-heading\" style=\"color:#3aaa35\">Actualit\u00e9 1 : <strong>Team building autour d\u2019un atelier de cuisine [MIAM] dans notre Antenne Entreprises et Formation de Saint-Martin-Boulogne<\/strong><\/h2>\n\n\n\n<div style=\"height:67px\" aria-hidden=\"true\" class=\"wp-block-spacer\"><\/div>\n\n\n\n<div class=\"wp-block-columns is-layout-flex wp-container-core-columns-is-layout-9d6595d7 wp-block-columns-is-layout-flex\">\n<div class=\"wp-block-column is-layout-flow wp-block-column-is-layout-flow\">\n<figure class=\"wp-block-image size-large\"><img loading=\"lazy\" decoding=\"async\" width=\"800\" height=\"405\" src=\"https:\/\/www.cma-hautsdefrance.fr\/blog\/wp-content\/uploads\/2021\/07\/miam-atelier-saint-martin-boulogne.png\" alt=\"pas-de-calais\" class=\"wp-image-6188\"\/><\/figure>\n<\/div>\n\n\n\n<div class=\"wp-block-column is-layout-flow wp-block-column-is-layout-flow\">\n<div style=\"height:21px\" aria-hidden=\"true\" class=\"wp-block-spacer\"><\/div>\n\n\n\n<p style=\"font-size:18px\">Lundi 3 mai, nous avons accueilli <strong>le 1er atelier [MIAM] sur le d\u00e9partement du Pas-de-Calais.<\/strong> Le chef Tony DETANT a accompagn\u00e9 les salari\u00e9s de la Fromagerie \u00ab\u00a0Philippe OLIVIER\u00a0\u00bb et son dirigeant Romain OLIVIER lors de cet atelier culinaire.<\/p>\n\n\n\n<p style=\"font-size:18px\"><strong>Au menu : pav\u00e9 de saumon au sabl\u00e9 de Wissant, et confit de l\u00e9gumes.<\/strong><\/p>\n\n\n\n<p style=\"font-size:18px\">La pr\u00e9paration du repas, encadr\u00e9e par le chef cuisinier Tony DETANT, a \u00e9t\u00e9 assur\u00e9e par toute l&rsquo;\u00e9quipe de l&rsquo;entreprise \u00ab\u00a0<a href=\"https:\/\/philippeolivier.fr\/\" target=\"_blank\" aria-label=\"Fromagerie Philippe OLIVIER (opens in a new tab)\" rel=\"noreferrer noopener nofollow\" class=\"rank-math-link\">Fromagerie Philippe OLIVIER<\/a>\u00a0\u00bb dans un moment de convivialit\u00e9 partag\u00e9e.<\/p>\n<\/div>\n<\/div>\n\n\n\n<div style=\"height:39px\" aria-hidden=\"true\" class=\"wp-block-spacer\"><\/div>\n\n\n\n<h5 class=\"has-text-align-center wp-block-heading\">Int\u00e9ress\u00e9 par un atelier culinaire avec vos salari\u00e9s ?<br>Rendez-vous sur le <a href=\"https:\/\/miam-hdf.fr\/\" target=\"_blank\" aria-label=\"site (opens in a new tab)\" rel=\"noreferrer noopener nofollow\" class=\"rank-math-link\">site<\/a> ou contactez le MiAM au 07 62 26 45 64<\/h5>\n\n\n\n<div style=\"height:100px\" aria-hidden=\"true\" class=\"wp-block-spacer\"><\/div>\n\n\n\n<h2 class=\"has-text-color wp-block-heading\" style=\"color:#3aaa35\">Actualit\u00e9 2 : <strong>Les apprenti.e.s de B\u00e9thune, engag\u00e9.e.s et solidaires&nbsp;<\/strong><\/h2>\n\n\n\n<div style=\"height:52px\" aria-hidden=\"true\" class=\"wp-block-spacer\"><\/div>\n\n\n\n<div class=\"wp-block-columns is-layout-flex wp-container-core-columns-is-layout-9d6595d7 wp-block-columns-is-layout-flex\">\n<div class=\"wp-block-column is-layout-flow wp-block-column-is-layout-flow\">\n<div class=\"wp-block-image\"><figure class=\"aligncenter size-large\"><img loading=\"lazy\" decoding=\"async\" width=\"384\" height=\"287\" src=\"https:\/\/www.cma-hautsdefrance.fr\/blog\/wp-content\/uploads\/2021\/07\/bethune-solidaire.png\" alt=\"pas-de-calais\" class=\"wp-image-6194\"\/><\/figure><\/div>\n<\/div>\n\n\n\n<div class=\"wp-block-column is-layout-flow wp-block-column-is-layout-flow\">\n<div class=\"wp-block-image\"><figure class=\"aligncenter size-large\"><img loading=\"lazy\" decoding=\"async\" width=\"384\" height=\"287\" src=\"https:\/\/www.cma-hautsdefrance.fr\/blog\/wp-content\/uploads\/2021\/07\/bethune-handicap.png\" alt=\"pas-de-calais\" class=\"wp-image-6195\"\/><\/figure><\/div>\n<\/div>\n<\/div>\n\n\n\n<div class=\"wp-block-columns is-layout-flex wp-container-core-columns-is-layout-9d6595d7 wp-block-columns-is-layout-flex\">\n<div class=\"wp-block-column is-layout-flow wp-block-column-is-layout-flow\">\n<h5 class=\"has-text-align-center wp-block-heading\">Les apprenti.e.s en <strong>2<sup>e<\/sup> ann\u00e9e de CAP Employ\u00e9 de vente <\/strong><br><strong>sp\u00e9cialis\u00e9, option vente de produits alimentaires<\/strong> se sont <br>mobilis\u00e9.e.s en faveur de deux actions de solidarit\u00e9.<\/h5>\n\n\n\n<h5 class=\"has-text-align-center wp-block-heading\"><strong>\u00c9lo\u00efse, Mathilde, Axelle, Emeline et L\u00e9a<\/strong>, ont mis en place <br>un projet de <strong>vente de sandwichs<\/strong> au sein de l&rsquo;Antenne <br>Entreprises et Formation de B\u00e9thune, et ce fut un franc succ\u00e8s ! <br>Elles ont ainsi r\u00e9colt\u00e9 pr\u00e8s de 500 \u20ac qui seront redistribu\u00e9s <br><strong>au profit de la SPA de B\u00e9thune.<\/strong><\/h5>\n<\/div>\n\n\n\n<div class=\"wp-block-column is-layout-flow wp-block-column-is-layout-flow\">\n<h5 class=\"has-text-align-center wp-block-heading\"><strong>Julien, Justine, Laura et Sarah<\/strong> ont, quant \u00e0 eux, <strong>vendu <\/strong><br><strong>des viennoiseries et pr\u00e9par\u00e9 caf\u00e9 et chocolat chaud<\/strong> aux apprenants <br>de l&rsquo;Antenne de B\u00e9thune pendant les pauses d\u2019intercours le mardi 20 avril. L\u2019objectif ? R\u00e9colter des fonds afin de <strong>soutenir l\u2019association \u00ab\u00a0Un grand OUI pour LOUIS\u00a0\u00bb<\/strong> dans le but d\u2019acheter un v\u00e9lo adapt\u00e9 \u00e0 un enfant en situation de handicap. Un grand merci aux entreprises artisanales partenaires qui ont fourni les mati\u00e8res premi\u00e8res.&nbsp;<\/h5>\n<\/div>\n<\/div>\n\n\n\n<div style=\"height:100px\" aria-hidden=\"true\" class=\"wp-block-spacer\"><\/div>\n\n\n\n<h2 class=\"has-text-color wp-block-heading\" style=\"color:#3aaa35\">Actualit\u00e9 3 : <strong>1re formation intra-entreprise r\u00e9alis\u00e9e dans une boulangerie sur le Littoral !<\/strong><\/h2>\n\n\n\n<div style=\"height:49px\" aria-hidden=\"true\" class=\"wp-block-spacer\"><\/div>\n\n\n\n<div class=\"wp-block-columns is-layout-flex wp-container-core-columns-is-layout-9d6595d7 wp-block-columns-is-layout-flex\">\n<div class=\"wp-block-column is-layout-flow wp-block-column-is-layout-flow\">\n<div class=\"wp-block-image\"><figure class=\"aligncenter size-large is-resized\"><img loading=\"lazy\" decoding=\"async\" src=\"https:\/\/www.cma-hautsdefrance.fr\/blog\/wp-content\/uploads\/2021\/07\/formation-chocolat-intra-entreprise-actualite.png\" alt=\"pas-de-calais\" class=\"wp-image-6199\" width=\"419\" height=\"273\"\/><\/figure><\/div>\n<\/div>\n\n\n\n<div class=\"wp-block-column is-layout-flow wp-block-column-is-layout-flow\">\n<div style=\"height:18px\" aria-hidden=\"true\" class=\"wp-block-spacer\"><\/div>\n\n\n\n<p style=\"font-size:18px\">Trois salari\u00e9s de la <strong>Boulangerie\/P\u00e2tisserie \u00ab\u00a0Au c\u0153ur chaud\u00a0\u00bb<\/strong> de Rang-du-Fliers ont \u00e9t\u00e9 form\u00e9s aux techniques en chocolaterie sp\u00e9cifiques \u00e0 la fabrication et la confection de chocolats de P\u00e2ques !<\/p>\n\n\n\n<p style=\"font-size:18px\"><strong>David LEMAIRE<\/strong>, formateur \u00e0 l&rsquo;<strong>Antenne de Saint-Martin-Boulogne<\/strong> en chocolaterie\/p\u00e2tisserie, a apport\u00e9 son expertise et sa p\u00e9dagogie en dehors des murs de la CMA pour cette formation intra-entreprise : une premi\u00e8re sur le Pas-de-Calais.<\/p>\n<\/div>\n<\/div>\n\n\n\n<div style=\"height:84px\" aria-hidden=\"true\" class=\"wp-block-spacer\"><\/div>\n\n\n\n<div class=\"wp-block-image\"><figure class=\"aligncenter size-large\"><img loading=\"lazy\" decoding=\"async\" width=\"800\" height=\"360\" src=\"https:\/\/www.cma-hautsdefrance.fr\/blog\/wp-content\/uploads\/2021\/07\/formation-chocolat-intra-entreprise.png\" alt=\"\" class=\"wp-image-6200\"\/><\/figure><\/div>\n\n\n\n<div style=\"height:100px\" aria-hidden=\"true\" class=\"wp-block-spacer\"><\/div>\n\n\n\n<h2 class=\"has-text-color wp-block-heading\" style=\"color:#3aaa35\">Actualit\u00e9 4 : Prix Stars &amp; M\u00e9tiers 2021<\/h2>\n\n\n\n<div style=\"height:44px\" aria-hidden=\"true\" class=\"wp-block-spacer\"><\/div>\n\n\n\n<div class=\"wp-block-columns is-layout-flex wp-container-core-columns-is-layout-9d6595d7 wp-block-columns-is-layout-flex\">\n<div class=\"wp-block-column is-layout-flow wp-block-column-is-layout-flow\">\n<div class=\"wp-block-image\"><figure class=\"aligncenter size-large is-resized\"><img loading=\"lazy\" decoding=\"async\" src=\"https:\/\/www.cma-hautsdefrance.fr\/blog\/wp-content\/uploads\/2021\/07\/prix-stars-metiers.png\" alt=\"\" class=\"wp-image-6208\" width=\"245\" height=\"245\"\/><figcaption>M. Romain OLIVIER, vice-pr\u00e9sident de la Commission Territoriale (CT) de Boulogne-sur-mer; Sophie FARRUGIA, membre de la CT de Boulogne-sur-mer; M. Gabriel HOLLANDER, vice pr\u00e9sident de la CMA Hauts-de-France et pr\u00e9sident de la CMA Pas-de-Calais; M. &amp; Mme PASHAL; M. Claude MARTEL, directeur op\u00e9rationnel chez Pashal art Campanaire; M Jean-Luc MARCOTTE, pr\u00e9sident de la CT de Boulogne-sur-Mer; M. Jean-Luc DUBAELE, maire de la ville de Wimereux.<\/figcaption><\/figure><\/div>\n<\/div>\n\n\n\n<div class=\"wp-block-column is-layout-flow wp-block-column-is-layout-flow\">\n<div style=\"height:18px\" aria-hidden=\"true\" class=\"wp-block-spacer\"><\/div>\n\n\n\n<p style=\"font-size:18px\">Vendredi 04 juin, l&rsquo;entreprise artisanale <strong>Pashal Art Campanaire de Wimereux a re\u00e7u le prix Stars &amp; M\u00e9tiers 2021<\/strong> (en partenariat avec la Banque Populaire) dans la cat\u00e9gorie RESPONSABLE, r\u00e9compensant la capacit\u00e9 de l&rsquo;entreprise \u00e0 int\u00e9grer les pr\u00e9occupations sociales et environnementales dans son activit\u00e9.<\/p>\n<\/div>\n\n\n\n<div class=\"wp-block-column is-layout-flow wp-block-column-is-layout-flow\">\n<div class=\"wp-block-image\"><figure class=\"aligncenter size-large is-resized\"><img loading=\"lazy\" decoding=\"async\" src=\"https:\/\/www.cma-hautsdefrance.fr\/blog\/wp-content\/uploads\/2021\/07\/prix-stars-metiers-entreprise-recompense.png\" alt=\"\" class=\"wp-image-6209\" width=\"245\" height=\"245\"\/><figcaption>M. HOLLANDER (vice pr\u00e9sident de la CMA Hauts-de-France, Pr\u00e9sident de la CMA Pas-de-Calais) et le g\u00e9rant de l&rsquo;entreprise<\/figcaption><\/figure><\/div>\n<\/div>\n<\/div>\n\n\n\n<div style=\"height:100px\" aria-hidden=\"true\" class=\"wp-block-spacer\"><\/div>\n\n\n\n<h2 class=\"has-text-color wp-block-heading\" style=\"color:#3aaa35\">Actualit\u00e9 5 : <strong>\u201cMaster class\u201d en Boucherie sous l\u2019\u00e9gide des MOF \u00e0 l\u2019Antenne Entreprises et Formation de Calais<\/strong><\/h2>\n\n\n\n<div style=\"height:50px\" aria-hidden=\"true\" class=\"wp-block-spacer\"><\/div>\n\n\n\n<div class=\"wp-block-columns is-layout-flex wp-container-core-columns-is-layout-9d6595d7 wp-block-columns-is-layout-flex\">\n<div class=\"wp-block-column is-layout-flow wp-block-column-is-layout-flow\">\n<div class=\"wp-block-image\"><figure class=\"aligncenter size-large is-resized\"><img loading=\"lazy\" decoding=\"async\" src=\"https:\/\/www.cma-hautsdefrance.fr\/blog\/wp-content\/uploads\/2021\/07\/master-class-boucherie-calais.png\" alt=\"\" class=\"wp-image-6220\" width=\"290\" height=\"290\"\/><\/figure><\/div>\n<\/div>\n\n\n\n<div class=\"wp-block-column is-layout-flow wp-block-column-is-layout-flow\">\n<p style=\"font-size:18px\">Nos apprenti.e.s en <strong>1re ann\u00e9e de Brevet Professionnel Boucherie<\/strong> ont eu l&rsquo;honneur d&rsquo;assister \u00e0 une d\u00e9monstration du Meilleur Ouvrier de France <strong>S\u00e9bastien RUFFIER <\/strong>: au programme l&rsquo;art du d\u00e9sossage, du parage et du bardage. Les<strong> 2e ann\u00e9es en BP Boucherie<\/strong> ont eux pu b\u00e9n\u00e9ficier des conseils affut\u00e9s de <strong>Thierry MORIN<\/strong>, Meilleur Ouvrier de France \u00e9galement. Des journ\u00e9es enti\u00e8res pour appr\u00e9hender l\u2019excellence !<\/p>\n<\/div>\n\n\n\n<div class=\"wp-block-column is-layout-flow wp-block-column-is-layout-flow\">\n<div class=\"wp-block-image\"><figure class=\"aligncenter size-large is-resized\"><img loading=\"lazy\" decoding=\"async\" src=\"https:\/\/www.cma-hautsdefrance.fr\/blog\/wp-content\/uploads\/2021\/07\/master-class-boucherie.png\" alt=\"\" class=\"wp-image-6221\" width=\"292\" height=\"292\"\/><\/figure><\/div>\n<\/div>\n<\/div>\n","protected":false},"excerpt":{"rendered":"<p><span class=\"rt-reading-time\" style=\"display: block;\"><span class=\"rt-label rt-prefix\">Temps de lecture\u00a0: <\/span> <span class=\"rt-time\">4<\/span> <span class=\"rt-label rt-postfix\">minutes<\/span><\/span> Actualit\u00e9 1 : Team building autour d\u2019un atelier de cuisine [MIAM] dans notre Antenne Entreprises et Formation de Saint-Martin-Boulogne Lundi 3 mai, nous avons accueilli le 1er atelier [MIAM] sur le d\u00e9partement du Pas-de-Calais. Le chef Tony DETANT a accompagn\u00e9 [&hellip;]<\/p>\n","protected":false},"author":17,"featured_media":7939,"comment_status":"open","ping_status":"open","sticky":false,"template":"","format":"standard","meta":{"footnotes":""},"categories":[110],"tags":[],"class_list":["post-6186","post","type-post","status-publish","format-standard","has-post-thumbnail","hentry","category-archives"],"_links":{"self":[{"href":"https:\/\/www.cma-hautsdefrance.fr\/blog\/wp-json\/wp\/v2\/posts\/6186","targetHints":{"allow":["GET"]}}],"collection":[{"href":"https:\/\/www.cma-hautsdefrance.fr\/blog\/wp-json\/wp\/v2\/posts"}],"about":[{"href":"https:\/\/www.cma-hautsdefrance.fr\/blog\/wp-json\/wp\/v2\/types\/post"}],"author":[{"embeddable":true,"href":"https:\/\/www.cma-hautsdefrance.fr\/blog\/wp-json\/wp\/v2\/users\/17"}],"replies":[{"embeddable":true,"href":"https:\/\/www.cma-hautsdefrance.fr\/blog\/wp-json\/wp\/v2\/comments?post=6186"}],"version-history":[{"count":43,"href":"https:\/\/www.cma-hautsdefrance.fr\/blog\/wp-json\/wp\/v2\/posts\/6186\/revisions"}],"predecessor-version":[{"id":6513,"href":"https:\/\/www.cma-hautsdefrance.fr\/blog\/wp-json\/wp\/v2\/posts\/6186\/revisions\/6513"}],"wp:featuredmedia":[{"embeddable":true,"href":"https:\/\/www.cma-hautsdefrance.fr\/blog\/wp-json\/wp\/v2\/media\/7939"}],"wp:attachment":[{"href":"https:\/\/www.cma-hautsdefrance.fr\/blog\/wp-json\/wp\/v2\/media?parent=6186"}],"wp:term":[{"taxonomy":"category","embeddable":true,"href":"https:\/\/www.cma-hautsdefrance.fr\/blog\/wp-json\/wp\/v2\/categories?post=6186"},{"taxonomy":"post_tag","embeddable":true,"href":"https:\/\/www.cma-hautsdefrance.fr\/blog\/wp-json\/wp\/v2\/tags?post=6186"}],"curies":[{"name":"wp","href":"https:\/\/api.w.org\/{rel}","templated":true}]}}