{"id":6314,"date":"2021-07-23T11:09:03","date_gmt":"2021-07-23T09:09:03","guid":{"rendered":"https:\/\/www.cma-hautsdefrance.fr\/blog\/?p=6314"},"modified":"2024-05-14T14:37:34","modified_gmt":"2024-05-14T12:37:34","slug":"programme-regional-formation","status":"publish","type":"post","link":"https:\/\/www.cma-hautsdefrance.fr\/blog\/archives\/programme-regional-formation\/","title":{"rendered":"En recherche d&#8217;emploi ?"},"content":{"rendered":"<span class=\"rt-reading-time\" style=\"display: block;\"><span class=\"rt-label rt-prefix\">Temps de lecture\u00a0: <\/span> <span class=\"rt-time\">2<\/span> <span class=\"rt-label rt-postfix\">minutes<\/span><\/span>\n<h2 class=\"has-text-color wp-block-heading\" style=\"color:#dc4e31\"><strong>&nbsp;Le Programme R\u00e9gional de Formation (PRF) est fait pour vous !<\/strong>&nbsp;<\/h2>\n\n\n\n<div style=\"height:68px\" aria-hidden=\"true\" class=\"wp-block-spacer\"><\/div>\n\n\n\n<div class=\"wp-block-columns is-layout-flex wp-container-core-columns-is-layout-9d6595d7 wp-block-columns-is-layout-flex\">\n<div class=\"wp-block-column is-layout-flow wp-block-column-is-layout-flow\" style=\"flex-basis:33.33%\">\n<figure class=\"wp-block-image size-large\"><img loading=\"lazy\" decoding=\"async\" width=\"800\" height=\"178\" src=\"https:\/\/www.cma-hautsdefrance.fr\/blog\/wp-content\/uploads\/2021\/04\/logo-re\u0301gion-hdf-partenaire.png\" alt=\"\" class=\"wp-image-4344\"\/><\/figure>\n<\/div>\n\n\n\n<div class=\"wp-block-column is-layout-flow wp-block-column-is-layout-flow\" style=\"flex-basis:66.66%\"><\/div>\n<\/div>\n\n\n\n<div style=\"height:40px\" aria-hidden=\"true\" class=\"wp-block-spacer\"><\/div>\n\n\n\n<div class=\"wp-block-columns is-layout-flex wp-container-core-columns-is-layout-9d6595d7 wp-block-columns-is-layout-flex\">\n<div class=\"wp-block-column is-layout-flow wp-block-column-is-layout-flow\" style=\"flex-basis:66.66%\">\n<p style=\"font-size:18px\">Chaque ann\u00e9e, la <a aria-label=\"R\u00e9gion Hauts-de-France (opens in a new tab)\" href=\"https:\/\/www.hautsdefrance.fr\/\" target=\"_blank\" rel=\"noreferrer noopener nofollow\" class=\"rank-math-link\">R\u00e9gion Hauts-de-France<\/a> accorde des financements de formations dans le cadre du<a href=\"https:\/\/www.cma-hautsdefrance.fr\/programme-regional-formation\/\" target=\"_blank\" aria-label=\" Programme R\u00e9gional de Formation (PRF). (opens in a new tab)\" rel=\"noreferrer noopener nofollow\" class=\"rank-math-link\"> Programme R\u00e9gional de Formation (PRF).<\/a><\/p>\n\n\n\n<p style=\"font-size:18px\">Les formations financ\u00e9es dans le cadre de ce dispositif sont s\u00e9lectionn\u00e9es en fonction de crit\u00e8res stricts (notamment les besoins en comp\u00e9tences et en qualification de certaines fili\u00e8res sur le territoire). Les b\u00e9n\u00e9ficiaires peuvent esp\u00e9rer un retour ou un acc\u00e8s \u00e0 l&#8217;emploi plus rapide puisque les comp\u00e9tences qu&rsquo;ils ont acquises correspondent \u00e0 un r\u00e9el besoin sur le march\u00e9 de l&#8217;emploi.<\/p>\n\n\n\n<div style=\"height:12px\" aria-hidden=\"true\" class=\"wp-block-spacer\"><\/div>\n\n\n\n<h4 class=\"wp-block-heading\"><strong>Quelles formations sont propos\u00e9es dans le cadre du PRF dans l\u2019Oise en 2021 ?<\/strong><\/h4>\n\n\n\n<p style=\"font-size:18px\">Des r\u00e9unions d\u2019informations collectives sont organis\u00e9es pour vous renseigner sur ces formations&nbsp;:<\/p>\n<\/div>\n\n\n\n<div class=\"wp-block-column is-layout-flow wp-block-column-is-layout-flow\" style=\"flex-basis:33.33%\">\n<figure class=\"wp-block-image size-large\"><img loading=\"lazy\" decoding=\"async\" width=\"800\" height=\"533\" src=\"https:\/\/www.cma-hautsdefrance.fr\/blog\/wp-content\/uploads\/2021\/07\/imform-oise.png\" alt=\"\" class=\"wp-image-6316\"\/><\/figure>\n<\/div>\n<\/div>\n\n\n\n<div style=\"height:40px\" aria-hidden=\"true\" class=\"wp-block-spacer\"><\/div>\n\n\n\n<div class=\"wp-block-columns is-layout-flex wp-container-core-columns-is-layout-9d6595d7 wp-block-columns-is-layout-flex\">\n<div class=\"wp-block-column is-layout-flow wp-block-column-is-layout-flow\">\n<p style=\"font-size:18px\">\u2022 <strong>A l\u2019Antenne Entreprises et Formation de Beauvais<\/strong><br>3 rue L\u00e9onard de Vinci<br>PAE du Tilloy<br>60006 Beauvais Cedex&nbsp;<\/p>\n\n\n\n<p style=\"font-size:18px\">\u2022 <strong>CAP Charcutier-Traiteur et CAP Boucher<\/strong>&nbsp;: <br>jeudi 1<sup>er<\/sup> juillet \u00e0 14h, <br>lundi 6 septembre \u00e0 14h et <br>lundi 27 septembre \u00e0 9h (d\u00e9marrage de la formation le 11 octobre).&nbsp;<\/p>\n\n\n\n<p style=\"font-size:18px\">\u2022 <strong>CAP Boulanger&nbsp;:<\/strong> <br>jeudi 1<sup>er<\/sup> juillet \u00e0 9h, <br>lundis 6 et 27 septembre \u00e0 9h (d\u00e9marrage de la formation le 8 octobre).<\/p>\n\n\n\n<p style=\"font-size:18px\">\u2022 <strong>Techniques de Base de la Charcuterie-Traiteur&nbsp;:<\/strong> <br>lundi 5 juillet et <br>mardi 31 ao\u00fbt \u00e0 9h (d\u00e9marrage de la formation le 13 septembre).<\/p>\n<\/div>\n\n\n\n<div class=\"wp-block-column is-layout-flow wp-block-column-is-layout-flow\">\n<p style=\"font-size:18px\">\u2022 <strong>A l\u2019Antenne Entreprises et Formation de Compi\u00e8gne<\/strong><br>1 bis rue Joseph Cugnot&nbsp;<br>60200 Compi\u00e8gne<\/p>\n\n\n\n<p style=\"font-size:18px\">\u2022 <strong>CAP Charcutier-Traiteur&nbsp;<\/strong>:<br>mercredis 7 juillet et 1<sup>er<\/sup> septembre <br>(d\u00e9marrage de la formation le 22 septembre).<\/p>\n\n\n\n<p style=\"font-size:18px\">\u2022 <strong>CAP Boulanger<\/strong>&nbsp;: <br>mardis 6 juillet et 7 septembre \u00e0 9h <br>(d\u00e9marrage de la formation le 21 septembre).<\/p>\n\n\n\n<p style=\"font-size:18px\">\u2022 <strong>Techniques de Base de la Charcuterie-Traiteur<\/strong>&nbsp;: <br>jeudi 17 juin et lundi 5 juillet \u00e0 9h <br>(d\u00e9marrage de la formation le 16 ao\u00fbt).<\/p>\n\n\n\n<p style=\"font-size:18px\">\u2022 <strong>CAP Boucher et Certificat de Qualification Professionnelle Boucher&nbsp;:<\/strong> <br>jeudis 8 juillet et 2 septembre \u00e0 9h <br>(d\u00e9marrage de la formation le 20 septembre).<\/p>\n<\/div>\n<\/div>\n\n\n\n<div style=\"height:49px\" aria-hidden=\"true\" class=\"wp-block-spacer\"><\/div>\n\n\n\n<p style=\"font-size:18px\"><strong>D\u00e9couvrez le t\u00e9moignage de Coralie RENOLLET, apprenante en p\u00e2tisserie \u00e0 l\u2019Antenne Entreprises et Formation de Compi\u00e8gne, en page 21 de ce magazine.&nbsp;&nbsp;<\/strong><\/p>\n\n\n\n<p style=\"font-size:18px\">09 72 72 72 07<br><a href=\"mailto:contact@cma-hautsdefrance.fr\" target=\"_blank\" aria-label=\" (opens in a new tab)\" rel=\"noreferrer noopener nofollow\" class=\"rank-math-link\">contact@cma-hautsdefrance.fr<\/a><br><a href=\"http:\/\/www.cma-hautsdefrance.fr\" target=\"_blank\" aria-label=\"www.cma-hautsdefrance.fr (opens in a new tab)\" rel=\"noreferrer noopener nofollow\" class=\"rank-math-link\">www.cma-hautsdefrance.fr<\/a><\/p>\n","protected":false},"excerpt":{"rendered":"<p><span class=\"rt-reading-time\" style=\"display: block;\"><span class=\"rt-label rt-prefix\">Temps de lecture\u00a0: <\/span> <span class=\"rt-time\">2<\/span> <span class=\"rt-label rt-postfix\">minutes<\/span><\/span> &nbsp;Le Programme R\u00e9gional de Formation (PRF) est fait pour vous !&nbsp; Chaque ann\u00e9e, la R\u00e9gion Hauts-de-France accorde des financements de formations dans le cadre du Programme R\u00e9gional de Formation (PRF). Les formations financ\u00e9es dans le cadre de ce dispositif sont [&hellip;]<\/p>\n","protected":false},"author":17,"featured_media":7917,"comment_status":"open","ping_status":"open","sticky":false,"template":"","format":"standard","meta":{"footnotes":""},"categories":[110],"tags":[],"class_list":["post-6314","post","type-post","status-publish","format-standard","has-post-thumbnail","hentry","category-archives"],"_links":{"self":[{"href":"https:\/\/www.cma-hautsdefrance.fr\/blog\/wp-json\/wp\/v2\/posts\/6314","targetHints":{"allow":["GET"]}}],"collection":[{"href":"https:\/\/www.cma-hautsdefrance.fr\/blog\/wp-json\/wp\/v2\/posts"}],"about":[{"href":"https:\/\/www.cma-hautsdefrance.fr\/blog\/wp-json\/wp\/v2\/types\/post"}],"author":[{"embeddable":true,"href":"https:\/\/www.cma-hautsdefrance.fr\/blog\/wp-json\/wp\/v2\/users\/17"}],"replies":[{"embeddable":true,"href":"https:\/\/www.cma-hautsdefrance.fr\/blog\/wp-json\/wp\/v2\/comments?post=6314"}],"version-history":[{"count":22,"href":"https:\/\/www.cma-hautsdefrance.fr\/blog\/wp-json\/wp\/v2\/posts\/6314\/revisions"}],"predecessor-version":[{"id":6405,"href":"https:\/\/www.cma-hautsdefrance.fr\/blog\/wp-json\/wp\/v2\/posts\/6314\/revisions\/6405"}],"wp:featuredmedia":[{"embeddable":true,"href":"https:\/\/www.cma-hautsdefrance.fr\/blog\/wp-json\/wp\/v2\/media\/7917"}],"wp:attachment":[{"href":"https:\/\/www.cma-hautsdefrance.fr\/blog\/wp-json\/wp\/v2\/media?parent=6314"}],"wp:term":[{"taxonomy":"category","embeddable":true,"href":"https:\/\/www.cma-hautsdefrance.fr\/blog\/wp-json\/wp\/v2\/categories?post=6314"},{"taxonomy":"post_tag","embeddable":true,"href":"https:\/\/www.cma-hautsdefrance.fr\/blog\/wp-json\/wp\/v2\/tags?post=6314"}],"curies":[{"name":"wp","href":"https:\/\/api.w.org\/{rel}","templated":true}]}}