{"id":6337,"date":"2021-07-23T11:02:05","date_gmt":"2021-07-23T09:02:05","guid":{"rendered":"https:\/\/www.cma-hautsdefrance.fr\/blog\/?p=6337"},"modified":"2024-05-14T14:37:54","modified_gmt":"2024-05-14T12:37:54","slug":"aisne","status":"publish","type":"post","link":"https:\/\/www.cma-hautsdefrance.fr\/blog\/archives\/aisne\/","title":{"rendered":"L&rsquo;actualit\u00e9 de l&rsquo;Aisne : 2nd trimestre"},"content":{"rendered":"<span class=\"rt-reading-time\" style=\"display: block;\"><span class=\"rt-label rt-prefix\">Temps de lecture\u00a0: <\/span> <span class=\"rt-time\">4<\/span> <span class=\"rt-label rt-postfix\">minutes<\/span><\/span>\n<h2 class=\"has-text-color wp-block-heading\" style=\"color:#3aaa35\">Actualit\u00e9 1 : <a aria-label=\" (opens in a new tab)\" href=\"https:\/\/www.aisne-actifs.com\/\" target=\"_blank\" rel=\"noreferrer noopener nofollow\" class=\"rank-math-link\"><strong>Aisne-actifs.com<\/strong><\/a><strong> : accompagner les entreprises qui recrutent et les demandeurs d&#8217;emploi de l&rsquo;Aisne gr\u00e2ce \u00e0 un nouveau site internet<\/strong><\/h2>\n\n\n\n<div style=\"height:63px\" aria-hidden=\"true\" class=\"wp-block-spacer\"><\/div>\n\n\n\n<div class=\"wp-block-columns is-layout-flex wp-container-core-columns-is-layout-9d6595d7 wp-block-columns-is-layout-flex\">\n<div class=\"wp-block-column is-layout-flow wp-block-column-is-layout-flow\">\n<div style=\"height:16px\" aria-hidden=\"true\" class=\"wp-block-spacer\"><\/div>\n\n\n\n<figure class=\"wp-block-image size-large\"><img loading=\"lazy\" decoding=\"async\" width=\"800\" height=\"470\" src=\"https:\/\/www.cma-hautsdefrance.fr\/blog\/wp-content\/uploads\/2021\/07\/img-site-aisne-actifs.png\" alt=\"Aisne\" class=\"wp-image-6339\"\/><\/figure>\n<\/div>\n\n\n\n<div class=\"wp-block-column is-layout-flow wp-block-column-is-layout-flow\">\n<p style=\"font-size:18px\">Le d\u00e9partement de l\u2019Aisne a r\u00e9cemment inaugur\u00e9 sa toute nouvelle plateforme <strong>Aisne-actifs.com<\/strong> faisant de l\u2019emploi sa priorit\u00e9.&nbsp;<\/p>\n\n\n\n<p style=\"font-size:18px\">Aisne-actifs.com, c\u2019est quoi ?<br><strong>Un outil num\u00e9rique local, simple et gratuit visant \u00e0 mettre en relation les entreprises qui recrutent et les b\u00e9n\u00e9ficiaires du RSA. <\/strong>Par un syst\u00e8me de matchs, le site internet recense et g\u00e9olocalise les offres d\u2019emploi des entreprises. Il les met ensuite en relation avec les profils de demandeurs d\u2019emploi adapt\u00e9s sur des crit\u00e8res de comp\u00e9tences, de savoir-\u00eatre et de proximit\u00e9.&nbsp;<\/p>\n\n\n\n<p style=\"font-size:18px\">Vous \u00eates artisan dans l\u2019Aisne et cherchez \u00e0 recruter ? Rendez-vous d\u00e8s maintenant sur : <a href=\"https:\/\/www.aisne-actifs.com\/\" target=\"_blank\" aria-label=\" (opens in a new tab)\" rel=\"noreferrer noopener nofollow\" class=\"rank-math-link\">https:\/\/www.aisne-actifs.com\/<\/a><\/p>\n<\/div>\n<\/div>\n\n\n\n<div style=\"height:100px\" aria-hidden=\"true\" class=\"wp-block-spacer\"><\/div>\n\n\n\n<hr class=\"wp-block-separator\"\/>\n\n\n\n<div style=\"height:100px\" aria-hidden=\"true\" class=\"wp-block-spacer\"><\/div>\n\n\n\n<h2 class=\"has-text-color wp-block-heading\" style=\"color:#3aaa35\">Actualit\u00e9 2<\/h2>\n\n\n\n<div style=\"height:62px\" aria-hidden=\"true\" class=\"wp-block-spacer\"><\/div>\n\n\n\n<div class=\"wp-block-columns is-layout-flex wp-container-core-columns-is-layout-9d6595d7 wp-block-columns-is-layout-flex\">\n<div class=\"wp-block-column is-layout-flow wp-block-column-is-layout-flow\">\n<figure class=\"wp-block-image size-large\"><img loading=\"lazy\" decoding=\"async\" width=\"800\" height=\"560\" src=\"https:\/\/www.cma-hautsdefrance.fr\/blog\/wp-content\/uploads\/2021\/07\/bp-coiffure-loreal.png\" alt=\"aisne\" class=\"wp-image-6340\"\/><\/figure>\n\n\n\n<div style=\"height:20px\" aria-hidden=\"true\" class=\"wp-block-spacer\"><\/div>\n\n\n\n<p style=\"font-size:18px\">Le 18 mars, <strong>Monsieur BLANPAIN, Partenaire Business Services chez L&rsquo;Or\u00e9al<\/strong> est intervenu aupr\u00e8s de nos BP Coiffure et mentions compl\u00e9mentaires pour une <strong>formation sur la vente<\/strong>. Une belle occasion de se pr\u00e9parer aux examens et de se perfectionner sur les m\u00e9thodes de vente utiles au quotidien.<\/p>\n<\/div>\n\n\n\n<div class=\"wp-block-column is-layout-flow wp-block-column-is-layout-flow\">\n<div class=\"wp-block-columns is-layout-flex wp-container-core-columns-is-layout-9d6595d7 wp-block-columns-is-layout-flex\">\n<div class=\"wp-block-column is-layout-flow wp-block-column-is-layout-flow\">\n<figure class=\"wp-block-image size-large is-resized\"><img loading=\"lazy\" decoding=\"async\" src=\"https:\/\/www.cma-hautsdefrance.fr\/blog\/wp-content\/uploads\/2021\/07\/convention-coiffure-cma-unec-edited.png\" alt=\"\" class=\"wp-image-6345\" width=\"299\" height=\"449\"\/><\/figure>\n<\/div>\n\n\n\n<div class=\"wp-block-column is-layout-flow wp-block-column-is-layout-flow\">\n<figure class=\"wp-block-image size-large is-resized\"><img loading=\"lazy\" decoding=\"async\" src=\"https:\/\/www.cma-hautsdefrance.fr\/blog\/wp-content\/uploads\/2021\/07\/convention-cma-unec-edited.png\" alt=\"\" class=\"wp-image-6346\" width=\"299\" height=\"450\"\/><\/figure>\n<\/div>\n<\/div>\n\n\n\n<p><\/p>\n\n\n\n<p style=\"font-size:18px\">Le 22 mars, dans le cadre de la<strong> convention CMA\/UNEC<\/strong> (Union Nationale des Entreprises de Coiffure), l&rsquo;antenne a accueilli une formation dont le th\u00e8me \u00e9tait <strong>\u00ab\u00a0Collection Printemps \u00e9t\u00e9 2021\u00a0\u00bb<\/strong> anim\u00e9e par <strong>Haude VANDAMME<\/strong>. Une formation qui a suscit\u00e9 de l&rsquo;int\u00e9r\u00eat aupr\u00e8s des 6 artisanes pr\u00e9sentes.<\/p>\n<\/div>\n<\/div>\n\n\n\n<div style=\"height:100px\" aria-hidden=\"true\" class=\"wp-block-spacer\"><\/div>\n\n\n\n<hr class=\"wp-block-separator\"\/>\n\n\n\n<div style=\"height:100px\" aria-hidden=\"true\" class=\"wp-block-spacer\"><\/div>\n\n\n\n<h2 class=\"has-text-color wp-block-heading\" style=\"color:#3aaa35\">Actualit\u00e9 3 : <strong>Laon, destination gourmande le temps d\u2019une formation macaron !<\/strong><\/h2>\n\n\n\n<div style=\"height:39px\" aria-hidden=\"true\" class=\"wp-block-spacer\"><\/div>\n\n\n\n<div class=\"wp-block-columns is-layout-flex wp-container-core-columns-is-layout-9d6595d7 wp-block-columns-is-layout-flex\">\n<div class=\"wp-block-column is-layout-flow wp-block-column-is-layout-flow\">\n<figure class=\"wp-block-image size-large\"><img loading=\"lazy\" decoding=\"async\" width=\"800\" height=\"600\" src=\"https:\/\/www.cma-hautsdefrance.fr\/blog\/wp-content\/uploads\/2021\/07\/laon-macaron.png\" alt=\"\" class=\"wp-image-6360\"\/><\/figure>\n<\/div>\n\n\n\n<div class=\"wp-block-column is-layout-flow wp-block-column-is-layout-flow\">\n<div style=\"height:100px\" aria-hidden=\"true\" class=\"wp-block-spacer\"><\/div>\n\n\n\n<p style=\"font-size:18px\"><a href=\"https:\/\/www.cma-hautsdefrance.fr\/antenne-formation-laon\/\" target=\"_blank\" aria-label=\"L&#039;Antenne Formation de Laon (opens in a new tab)\" rel=\"noreferrer noopener nofollow\" class=\"rank-math-link\">L&rsquo;Antenne Formation de Laon<\/a> a propos\u00e9, le 22 mars dernier, une<strong> formation p\u00e9pite sur le th\u00e8me des macarons<\/strong>.<\/p>\n\n\n\n<p style=\"font-size:18px\">Dispens\u00e9e par <strong>Sylvain SORIA<\/strong>, enseignant en boulangerie p\u00e2tisserie, la formation a rassembl\u00e9 6 artisans venus d\u00e9couvrir la confection de ces gourmandises, tous repartis tr\u00e8s satisfaits avec leur production du jour.&nbsp;<\/p>\n<\/div>\n<\/div>\n\n\n\n<div style=\"height:100px\" aria-hidden=\"true\" class=\"wp-block-spacer\"><\/div>\n\n\n\n<h2 class=\"has-text-color wp-block-heading\" style=\"color:#3aaa35\">Actualit\u00e9 4 : <strong>Cr\u00e9ativit\u00e9 et soudure ne font qu\u2019un \u00e0 l\u2019Antenne Formation de Ch\u00e2teau-Thierry !<\/strong><\/h2>\n\n\n\n<div style=\"height:53px\" aria-hidden=\"true\" class=\"wp-block-spacer\"><\/div>\n\n\n\n<div class=\"wp-block-columns is-layout-flex wp-container-core-columns-is-layout-9d6595d7 wp-block-columns-is-layout-flex\">\n<div class=\"wp-block-column is-layout-flow wp-block-column-is-layout-flow\">\n<figure class=\"wp-block-image size-large\"><img loading=\"lazy\" decoding=\"async\" width=\"800\" height=\"501\" src=\"https:\/\/www.cma-hautsdefrance.fr\/blog\/wp-content\/uploads\/2021\/07\/soudure-formation-edited-1.png\" alt=\"\" class=\"wp-image-6370\"\/><\/figure>\n<\/div>\n\n\n\n<div class=\"wp-block-column is-layout-flow wp-block-column-is-layout-flow\">\n<figure class=\"wp-block-image size-large\"><img loading=\"lazy\" decoding=\"async\" width=\"600\" height=\"376\" src=\"https:\/\/www.cma-hautsdefrance.fr\/blog\/wp-content\/uploads\/2021\/07\/soudure-edited-1.png\" alt=\"\" class=\"wp-image-6371\"\/><\/figure>\n<\/div>\n<\/div>\n\n\n\n<p style=\"font-size:18px\"><a href=\"https:\/\/www.cma-hautsdefrance.fr\/antenne-formation-chateau-thierry\/\" target=\"_blank\" aria-label=\"L\u2019Antenne Formation de Ch\u00e2teau-Thierry (opens in a new tab)\" rel=\"noreferrer noopener nofollow\" class=\"rank-math-link\">L\u2019Antenne Formation de Ch\u00e2teau-Thierry<\/a> a organis\u00e9, en mars dernier, un<strong> concours de soudure<\/strong> \u00e0 destination des apprentis en <strong>CAP Maintenance des mat\u00e9riels d\u2019espaces verts<\/strong> en 2e ann\u00e9e. L\u2019objectif : apprendre \u00e0 souder diff\u00e9rents mat\u00e9riaux gr\u00e2ce \u00e0 diverses m\u00e9thodes (soudure \u00e0 l\u2019arc, au mig, \u00e0 la baguette, etc.) de fa\u00e7on ludique.<\/p>\n\n\n\n<p style=\"font-size:18px\"><strong>Un biker, une lampe, un dragster, un chien ou encore le monstre du loch Ness<\/strong>, autant de cr\u00e9ations originales issues de ce d\u00e9fi !&nbsp; Une belle fa\u00e7on pour nos apprentis de d\u00e9couvrir la soudure tout en d\u00e9veloppant leur cr\u00e9ativit\u00e9 !<\/p>\n\n\n\n<div style=\"height:100px\" aria-hidden=\"true\" class=\"wp-block-spacer\"><\/div>\n\n\n\n<h2 class=\"has-text-color wp-block-heading\" style=\"color:#3aaa35\">Actualit\u00e9 5 : <strong>L\u2019Antenne formation de Laon, chef-lieu pour la remise des prix du Concours D\u00e9partemental du Meilleur Sabl\u00e9 Jean de La Fontaine 2021.<\/strong><\/h2>\n\n\n\n<div style=\"height:53px\" aria-hidden=\"true\" class=\"wp-block-spacer\"><\/div>\n\n\n\n<div class=\"wp-block-columns is-layout-flex wp-container-core-columns-is-layout-9d6595d7 wp-block-columns-is-layout-flex\">\n<div class=\"wp-block-column is-layout-flow wp-block-column-is-layout-flow\">\n<figure class=\"wp-block-image size-large\"><img loading=\"lazy\" decoding=\"async\" width=\"690\" height=\"389\" src=\"https:\/\/www.cma-hautsdefrance.fr\/blog\/wp-content\/uploads\/2021\/07\/formation-laon-remise-prix-edited.png\" alt=\"\" class=\"wp-image-6376\"\/><\/figure>\n<\/div>\n\n\n\n<div class=\"wp-block-column is-layout-flow wp-block-column-is-layout-flow\">\n<figure class=\"wp-block-image size-large\"><img loading=\"lazy\" decoding=\"async\" width=\"800\" height=\"451\" src=\"https:\/\/www.cma-hautsdefrance.fr\/blog\/wp-content\/uploads\/2021\/07\/formation-laon-edited.png\" alt=\"\" class=\"wp-image-6375\"\/><\/figure>\n<\/div>\n<\/div>\n\n\n\n<p style=\"font-size:18px\">Nous c\u00e9l\u00e9brons cette ann\u00e9e le <strong>400e anniversaire de la naissance de Jean de La Fontaine<\/strong> \u00e0 Ch\u00e2teau-Thierry. A cette occasion, le <strong>Groupement Professionnel de la Boulangerie-P\u00e2tisserie de l\u2019Aisne<\/strong>, en collaboration avec le <strong>Conseil D\u00e9partemental de l\u2019Aisne<\/strong>, organisait, le 18 mai dernier, le Concours D\u00e9partemental du Meilleur Sabl\u00e9 Jean de la Fontaine 2021. C\u2019est \u00e0 l\u2019Antenne Formation de Laon que s\u2019est d\u00e9roul\u00e9e la remise des prix, en pr\u00e9sence de <strong>Monsieur FRICOTAUX<\/strong>, Pr\u00e9sident du Conseil D\u00e9partemental. <strong>Monsieur DESOEUVRES<\/strong>, artisan \u00e0 Ch\u00e2teau-Thierry, a remport\u00e9 ce concours devenant ainsi \u201cfournisseur officiel du sabl\u00e9 des 400 ans de Jean de La Fontaine\u201d pour l\u2019ann\u00e9e 2021.<\/p>\n\n\n\n<div style=\"height:100px\" aria-hidden=\"true\" class=\"wp-block-spacer\"><\/div>\n\n\n\n<hr class=\"wp-block-separator\"\/>\n\n\n\n<div style=\"height:100px\" aria-hidden=\"true\" class=\"wp-block-spacer\"><\/div>\n\n\n\n<h2 class=\"has-text-color wp-block-heading\" style=\"color:#3aaa35\">Actualit\u00e9 6<\/h2>\n\n\n\n<div style=\"height:61px\" aria-hidden=\"true\" class=\"wp-block-spacer\"><\/div>\n\n\n\n<div class=\"wp-block-columns is-layout-flex wp-container-core-columns-is-layout-9d6595d7 wp-block-columns-is-layout-flex\">\n<div class=\"wp-block-column is-layout-flow wp-block-column-is-layout-flow\">\n<figure class=\"wp-block-image size-large\"><img loading=\"lazy\" decoding=\"async\" width=\"800\" height=\"600\" src=\"https:\/\/www.cma-hautsdefrance.fr\/blog\/wp-content\/uploads\/2021\/07\/entreprise-soissons.png\" alt=\"\" class=\"wp-image-6377\"\/><\/figure>\n<\/div>\n\n\n\n<div class=\"wp-block-column is-layout-flow wp-block-column-is-layout-flow\">\n<div style=\"height:91px\" aria-hidden=\"true\" class=\"wp-block-spacer\"><\/div>\n\n\n\n<p style=\"font-size:18px\"><a href=\"https:\/\/www.cma-hautsdefrance.fr\/antenne-entreprises-soissons\/\" target=\"_blank\" aria-label=\"L\u2019antenne Entreprises de Soissons (opens in a new tab)\" rel=\"noreferrer noopener nofollow\" class=\"rank-math-link\">L\u2019antenne Entreprises de Soissons<\/a> a particip\u00e9, le 19 mai dernier \u00e0 la <strong>r\u00e9union de lancement du projet \u201cm\u00e9diation num\u00e9rique \u00e0 destination des TPE\u201d. <\/strong>Lanc\u00e9e \u00e0 l\u2019initiative de \u201cLes assembleurs\u201d, l\u2019objectif du projet est de proposer aux chefs d\u2019entreprises \u00e9loign\u00e9s du num\u00e9rique des temps d\u2019\u00e9changes afin d\u2019en appr\u00e9hender les enjeux. Des ateliers seront \u00e0 l\u2019avenir propos\u00e9s dans l\u2019ensemble des Hauts-de-France, dans des lieux dits num\u00e9riques, avec la participation de partenaires tels que la CMA Hauts-de-France.&nbsp;<\/p>\n<\/div>\n<\/div>\n","protected":false},"excerpt":{"rendered":"<p><span class=\"rt-reading-time\" style=\"display: block;\"><span class=\"rt-label rt-prefix\">Temps de lecture\u00a0: <\/span> <span class=\"rt-time\">4<\/span> <span class=\"rt-label rt-postfix\">minutes<\/span><\/span> Actualit\u00e9 1 : Aisne-actifs.com : accompagner les entreprises qui recrutent et les demandeurs d&#8217;emploi de l&rsquo;Aisne gr\u00e2ce \u00e0 un nouveau site internet Le d\u00e9partement de l\u2019Aisne a r\u00e9cemment inaugur\u00e9 sa toute nouvelle plateforme Aisne-actifs.com faisant de l\u2019emploi sa priorit\u00e9.&nbsp; Aisne-actifs.com, [&hellip;]<\/p>\n","protected":false},"author":17,"featured_media":6648,"comment_status":"open","ping_status":"open","sticky":false,"template":"","format":"standard","meta":{"footnotes":""},"categories":[110],"tags":[],"class_list":["post-6337","post","type-post","status-publish","format-standard","has-post-thumbnail","hentry","category-archives"],"_links":{"self":[{"href":"https:\/\/www.cma-hautsdefrance.fr\/blog\/wp-json\/wp\/v2\/posts\/6337","targetHints":{"allow":["GET"]}}],"collection":[{"href":"https:\/\/www.cma-hautsdefrance.fr\/blog\/wp-json\/wp\/v2\/posts"}],"about":[{"href":"https:\/\/www.cma-hautsdefrance.fr\/blog\/wp-json\/wp\/v2\/types\/post"}],"author":[{"embeddable":true,"href":"https:\/\/www.cma-hautsdefrance.fr\/blog\/wp-json\/wp\/v2\/users\/17"}],"replies":[{"embeddable":true,"href":"https:\/\/www.cma-hautsdefrance.fr\/blog\/wp-json\/wp\/v2\/comments?post=6337"}],"version-history":[{"count":33,"href":"https:\/\/www.cma-hautsdefrance.fr\/blog\/wp-json\/wp\/v2\/posts\/6337\/revisions"}],"predecessor-version":[{"id":6521,"href":"https:\/\/www.cma-hautsdefrance.fr\/blog\/wp-json\/wp\/v2\/posts\/6337\/revisions\/6521"}],"wp:featuredmedia":[{"embeddable":true,"href":"https:\/\/www.cma-hautsdefrance.fr\/blog\/wp-json\/wp\/v2\/media\/6648"}],"wp:attachment":[{"href":"https:\/\/www.cma-hautsdefrance.fr\/blog\/wp-json\/wp\/v2\/media?parent=6337"}],"wp:term":[{"taxonomy":"category","embeddable":true,"href":"https:\/\/www.cma-hautsdefrance.fr\/blog\/wp-json\/wp\/v2\/categories?post=6337"},{"taxonomy":"post_tag","embeddable":true,"href":"https:\/\/www.cma-hautsdefrance.fr\/blog\/wp-json\/wp\/v2\/tags?post=6337"}],"curies":[{"name":"wp","href":"https:\/\/api.w.org\/{rel}","templated":true}]}}