{"id":6383,"date":"2021-07-23T11:43:16","date_gmt":"2021-07-23T09:43:16","guid":{"rendered":"https:\/\/www.cma-hautsdefrance.fr\/blog\/?p=6383"},"modified":"2024-05-14T14:36:55","modified_gmt":"2024-05-14T12:36:55","slug":"decoration-dinterieur","status":"publish","type":"post","link":"https:\/\/www.cma-hautsdefrance.fr\/blog\/archives\/decoration-dinterieur\/","title":{"rendered":"H\u00e9l\u00e8ne THEVENIN, du marketing \u00e0 la d\u00e9coration d\u2019int\u00e9rieur"},"content":{"rendered":"<span class=\"rt-reading-time\" style=\"display: block;\"><span class=\"rt-label rt-prefix\">Temps de lecture\u00a0: <\/span> <span class=\"rt-time\">2<\/span> <span class=\"rt-label rt-postfix\">minutes<\/span><\/span>\n<h2 class=\"has-text-color wp-block-heading\" style=\"color:#f7bf32\">En activit\u00e9 depuis 2012 et install\u00e9e dans sa boutique <strong><em>Amarante by H\u00e9l\u00e8ne Thevenin<\/em><\/strong> depuis 2015, H\u00e9l\u00e8ne est LA cr\u00e9atrice inspirante de Saint-Quentin.<\/h2>\n\n\n\n<div style=\"height:68px\" aria-hidden=\"true\" class=\"wp-block-spacer\"><\/div>\n\n\n\n<div class=\"wp-block-columns is-layout-flex wp-container-core-columns-is-layout-9d6595d7 wp-block-columns-is-layout-flex\">\n<div class=\"wp-block-column is-layout-flow wp-block-column-is-layout-flow\">\n<figure class=\"wp-block-image size-large\"><img loading=\"lazy\" decoding=\"async\" width=\"800\" height=\"600\" src=\"https:\/\/www.cma-hautsdefrance.fr\/blog\/wp-content\/uploads\/2021\/07\/thevenin-decoration.png\" alt=\"d\u00e9coration d'interieur\" class=\"wp-image-6385\"\/><\/figure>\n<\/div>\n\n\n\n<div class=\"wp-block-column is-layout-flow wp-block-column-is-layout-flow\">\n<div style=\"height:25px\" aria-hidden=\"true\" class=\"wp-block-spacer\"><\/div>\n\n\n\n<blockquote class=\"wp-block-quote is-layout-flow wp-block-quote-is-layout-flow\"><p><strong><em>J\u2019ai men\u00e9 une vie parisienne \u00e0 100 \u00e0 l\u2019heure pendant plusieurs ann\u00e9es, en tant que charg\u00e9e de marketing dans le domaine de la d\u00e9co et vendeuse de pr\u00eat-\u00e0-porter de luxe. <\/em><\/strong><br><strong><em>Puis, j\u2019ai eu cette soif de libert\u00e9, ce besoin d&rsquo;autonomie et de concret. C\u2019est \u00e7a qui m\u2019a donn\u00e9 envie de faire ce que je fais aujourd\u2019hui<\/em><\/strong>.<\/p><\/blockquote>\n<\/div>\n<\/div>\n\n\n\n<p style=\"font-size:18px\">H\u00e9l\u00e8ne suit alors les traces de ses grands-parents. Avec un grand-p\u00e8re peintre en b\u00e2timent et des grands-m\u00e8res couturi\u00e8res, elle est attir\u00e9e depuis toute petite par la cr\u00e9ation et la d\u00e9coration d\u2019int\u00e9rieur. Au sortir de sa vie parisienne, elle se lance dans une formation de neuf mois au Lyc\u00e9e des M\u00e9tiers d\u2019Art de Saint-Quentin pour faire de sa passion son m\u00e9tier.&nbsp;<\/p>\n\n\n\n<h5 class=\"wp-block-heading\">Fauteuils, commodes, t\u00eates de lits, etc., H\u00e9l\u00e8ne redonne vie au mobilier d\u00e9pass\u00e9 :<\/h5>\n\n\n\n<div style=\"height:24px\" aria-hidden=\"true\" class=\"wp-block-spacer\"><\/div>\n\n\n\n<blockquote class=\"wp-block-quote is-layout-flow wp-block-quote-is-layout-flow\"><p><span style=\"color:#f7bf32\" class=\"has-inline-color\"><strong><em>70% de mon activit\u00e9 concerne la r\u00e9novation de meubles appartenant \u00e0 mes clients. Le reste est de la cr\u00e9ation pure avec des meubles que je chine, auxquels je donne une nouvelle jeunesse et que je vends ensuite dans ma boutique-atelier<\/em><\/strong>.<\/span><\/p><\/blockquote>\n\n\n\n<div style=\"height:38px\" aria-hidden=\"true\" class=\"wp-block-spacer\"><\/div>\n\n\n\n<p style=\"font-size:18px\">Elle propose \u00e9galement un accompagnement technique et personnalis\u00e9 aux particuliers qui souhaitent relooker eux-m\u00eames leur mobilier.&nbsp;<\/p>\n\n\n\n<p style=\"font-size:18px\">La CMA Hauts-de-France a attribu\u00e9 le <strong><a href=\"https:\/\/www.cma-hautsdefrance.fr\/charte-qualite-artisan\/\" target=\"_blank\" aria-label=\" (opens in a new tab)\" rel=\"noreferrer noopener nofollow\" class=\"rank-math-link\">label Charte Qualit\u00e9 Confiance<\/a><\/strong> \u00e0 H\u00e9l\u00e8ne en f\u00e9vrier 2021 et continue de l\u2019accompagner dans le d\u00e9veloppement de son entreprise. La cr\u00e9atrice a r\u00e9cemment d\u00e9ploy\u00e9 sa boutique en ligne via le site Selency et compte bien d\u00e9velopper sa pr\u00e9sence sur les r\u00e9seaux sociaux.&nbsp;<\/p>\n\n\n\n<div style=\"height:71px\" aria-hidden=\"true\" class=\"wp-block-spacer\"><\/div>\n\n\n\n<h5 class=\"has-text-align-center wp-block-heading\"><strong>Amarante by H\u00e9l\u00e8ne Th\u00e9venin<\/strong><br>48 rue Emile Zola<br>02100 Saint-Quentin<br>06 58 01 24 98<br><a href=\"https:\/\/www.facebook.com\/amarantebyhelenethevenin\" target=\"_blank\" label=\"Facebook (opens in a new tab)\" rel=\"noreferrer noopener nofollow\" class=\"rank-math-link broken_link\">Facebook<\/a><\/h5>\n","protected":false},"excerpt":{"rendered":"<p><span class=\"rt-reading-time\" style=\"display: block;\"><span class=\"rt-label rt-prefix\">Temps de lecture\u00a0: <\/span> <span class=\"rt-time\">2<\/span> <span class=\"rt-label rt-postfix\">minutes<\/span><\/span> En activit\u00e9 depuis 2012 et install\u00e9e dans sa boutique Amarante by H\u00e9l\u00e8ne Thevenin depuis 2015, H\u00e9l\u00e8ne est LA cr\u00e9atrice inspirante de Saint-Quentin. J\u2019ai men\u00e9 une vie parisienne \u00e0 100 \u00e0 l\u2019heure pendant plusieurs ann\u00e9es, en tant que charg\u00e9e de marketing [&hellip;]<\/p>\n","protected":false},"author":17,"featured_media":6543,"comment_status":"open","ping_status":"open","sticky":false,"template":"","format":"standard","meta":{"footnotes":""},"categories":[110],"tags":[],"class_list":["post-6383","post","type-post","status-publish","format-standard","has-post-thumbnail","hentry","category-archives"],"_links":{"self":[{"href":"https:\/\/www.cma-hautsdefrance.fr\/blog\/wp-json\/wp\/v2\/posts\/6383","targetHints":{"allow":["GET"]}}],"collection":[{"href":"https:\/\/www.cma-hautsdefrance.fr\/blog\/wp-json\/wp\/v2\/posts"}],"about":[{"href":"https:\/\/www.cma-hautsdefrance.fr\/blog\/wp-json\/wp\/v2\/types\/post"}],"author":[{"embeddable":true,"href":"https:\/\/www.cma-hautsdefrance.fr\/blog\/wp-json\/wp\/v2\/users\/17"}],"replies":[{"embeddable":true,"href":"https:\/\/www.cma-hautsdefrance.fr\/blog\/wp-json\/wp\/v2\/comments?post=6383"}],"version-history":[{"count":8,"href":"https:\/\/www.cma-hautsdefrance.fr\/blog\/wp-json\/wp\/v2\/posts\/6383\/revisions"}],"predecessor-version":[{"id":6393,"href":"https:\/\/www.cma-hautsdefrance.fr\/blog\/wp-json\/wp\/v2\/posts\/6383\/revisions\/6393"}],"wp:featuredmedia":[{"embeddable":true,"href":"https:\/\/www.cma-hautsdefrance.fr\/blog\/wp-json\/wp\/v2\/media\/6543"}],"wp:attachment":[{"href":"https:\/\/www.cma-hautsdefrance.fr\/blog\/wp-json\/wp\/v2\/media?parent=6383"}],"wp:term":[{"taxonomy":"category","embeddable":true,"href":"https:\/\/www.cma-hautsdefrance.fr\/blog\/wp-json\/wp\/v2\/categories?post=6383"},{"taxonomy":"post_tag","embeddable":true,"href":"https:\/\/www.cma-hautsdefrance.fr\/blog\/wp-json\/wp\/v2\/tags?post=6383"}],"curies":[{"name":"wp","href":"https:\/\/api.w.org\/{rel}","templated":true}]}}