{"id":6421,"date":"2021-07-23T15:56:05","date_gmt":"2021-07-23T13:56:05","guid":{"rendered":"https:\/\/www.cma-hautsdefrance.fr\/blog\/?p=6421"},"modified":"2024-05-14T14:35:51","modified_gmt":"2024-05-14T12:35:51","slug":"cma","status":"publish","type":"post","link":"https:\/\/www.cma-hautsdefrance.fr\/blog\/archives\/cma\/","title":{"rendered":"Pour une CMA qui vous ressemble : votez pour vos \u00e9lus !"},"content":{"rendered":"<span class=\"rt-reading-time\" style=\"display: block;\"><span class=\"rt-label rt-prefix\">Temps de lecture\u00a0: <\/span> <span class=\"rt-time\">3<\/span> <span class=\"rt-label rt-postfix\">minutes<\/span><\/span>\n<h2 class=\"has-text-color wp-block-heading\" style=\"color:#3aaa35\"><strong><strong>Du 1<sup>er<\/sup> au 14 octobre 2021, vous voterez pour les artisans qui vous repr\u00e9senteront au sein de la Chambre de m\u00e9tiers et de l\u2019artisanat Hauts-de-France pour les cinq ans \u00e0 venir. Une \u00e9tape cruciale pour d\u00e9finir les orientations d\u2019un \u00e9tablissement \u00e0 votre service et \u00e0 vos c\u00f4t\u00e9s au quotidien.<\/strong><\/strong><\/h2>\n\n\n\n<div style=\"height:65px\" aria-hidden=\"true\" class=\"wp-block-spacer\"><\/div>\n\n\n\n<h3 class=\"wp-block-heading\">LA CMA HAUTS-DE-FRANCE ET VOS \u00c9LUS : LES PARTENAIRES DU QUOTIDIEN<\/h3>\n\n\n\n<div style=\"height:21px\" aria-hidden=\"true\" class=\"wp-block-spacer\"><\/div>\n\n\n\n<div class=\"wp-block-columns is-layout-flex wp-container-core-columns-is-layout-9d6595d7 wp-block-columns-is-layout-flex\">\n<div class=\"wp-block-column is-layout-flow wp-block-column-is-layout-flow\">\n<p style=\"font-size:18px\">Notre mission est de <strong>d\u00e9fendre vos int\u00e9r\u00eats et de vous accompagner dans le d\u00e9veloppement de votre entreprise. <\/strong>Chaque jour, nous intervenons <strong>aupr\u00e8s des collectivit\u00e9s et des pouvoirs publics<\/strong> afin d\u2019exprimer votre avis et de mettre en place les conditions de r\u00e9ussite pour l\u2019artisanat local.<\/p>\n\n\n\n<p style=\"font-size:18px\"><strong><span style=\"color:#3aaa35\" class=\"has-inline-color\">Les 125 \u00e9lus<\/span><\/strong> CMA Hauts-de-France, appuy\u00e9s par nos <strong><span style=\"color:#3aaa35\" class=\"has-inline-color\">1 200 collaborateurs d\u00e9ploy\u00e9s partout en r\u00e9gion,<\/span><\/strong> sont \u00e0 votre service et \u00e0 votre \u00e9coute. Ce v\u00e9ritable r\u00e9seau de proximit\u00e9, mat\u00e9rialis\u00e9 par nos 40 antennes, contribue \u00e0 <strong>d\u00e9velopper l\u2019\u00e9conomie locale par la formation et l\u2019accompagnement aux entreprises.<\/strong><\/p>\n<\/div>\n\n\n\n<div class=\"wp-block-column is-layout-flow wp-block-column-is-layout-flow\">\n<p style=\"font-size:18px\">En 2020, nous avons \u00e9t\u00e9 aux c\u00f4t\u00e9s de <strong><span style=\"color:#3aaa35\" class=\"has-inline-color\">33 000 artisans et porteurs de projet<\/span><\/strong> dans leur souhait de d\u00e9velopper leur activit\u00e9, gr\u00e2ce \u00e0 un accompagnement sur-mesure.<br>Une dynamique qui ne fait que s\u2019amplifier, car vous \u00eates de plus en plus nombreux \u00e0 vous lancer dans l\u2019artisanat : <strong>30% de plus qu\u2019en 2016, soit actuellement plus de 100 000 entreprises artisanales actives.<\/strong> Une progression mat\u00e9rialis\u00e9e par pr\u00e8s de <strong><span style=\"color:#3aaa35\" class=\"has-inline-color\">15 000 cr\u00e9ations<br>d\u2019entreprises<\/span><\/strong> que nous avons enregistr\u00e9es l\u2019ann\u00e9e derni\u00e8re.<\/p>\n<\/div>\n<\/div>\n\n\n\n<div style=\"height:65px\" aria-hidden=\"true\" class=\"wp-block-spacer\"><\/div>\n\n\n\n<div class=\"wp-block-image\"><figure class=\"aligncenter size-large is-resized\"><img loading=\"lazy\" decoding=\"async\" src=\"https:\/\/www.cma-hautsdefrance.fr\/blog\/wp-content\/uploads\/2021\/07\/illu-p5_-1-1024x587.png\" alt=\"\" class=\"wp-image-6456\" width=\"653\" height=\"374\"\/><\/figure><\/div>\n\n\n\n<div style=\"height:65px\" aria-hidden=\"true\" class=\"wp-block-spacer\"><\/div>\n\n\n\n<h3 class=\"has-black-color has-text-color wp-block-heading\">FORMER LES ARTISANS D\u2019AUJOURD\u2019HUI ET DE DEMAIN<\/h3>\n\n\n\n<div style=\"height:21px\" aria-hidden=\"true\" class=\"wp-block-spacer\"><\/div>\n\n\n\n<p style=\"font-size:18px\">La formation, c\u2019est l\u2019ADN de la <a href=\"https:\/\/www.cma-hautsdefrance.fr\/\" target=\"_blank\" aria-label=\" (opens in a new tab)\" rel=\"noreferrer noopener nofollow\" class=\"rank-math-link\">CMA Hauts-de-France<\/a>, car <strong>apprendre et transmettre sont les raisons d\u2019\u00eatre de l\u2019artisanat.<\/strong> \u00catre \u00e0 l\u2019\u00e9coute du secteur et avoir une v\u00e9ritable exigence de qualit\u00e9, c\u2019est donner \u00e0 tous les moyens de r\u00e9ussir.<\/p>\n\n\n\n<div style=\"height:25px\" aria-hidden=\"true\" class=\"wp-block-spacer\"><\/div>\n\n\n\n<div class=\"wp-block-columns is-layout-flex wp-container-core-columns-is-layout-9d6595d7 wp-block-columns-is-layout-flex\">\n<div class=\"wp-block-column is-layout-flow wp-block-column-is-layout-flow\">\n<div class=\"wp-block-columns is-layout-flex wp-container-core-columns-is-layout-9d6595d7 wp-block-columns-is-layout-flex\">\n<div class=\"wp-block-column is-layout-flow wp-block-column-is-layout-flow\">\n<div style=\"height:122px\" aria-hidden=\"true\" class=\"wp-block-spacer\"><\/div>\n\n\n\n<h5 class=\"has-text-align-center wp-block-heading\" style=\"font-size:27px\"><strong>Ainsi avec nos<\/strong><\/h5>\n<\/div>\n\n\n\n<div class=\"wp-block-column is-layout-flow wp-block-column-is-layout-flow\">\n<figure class=\"wp-block-image size-large\"><img loading=\"lazy\" decoding=\"async\" width=\"601\" height=\"597\" src=\"https:\/\/www.cma-hautsdefrance.fr\/blog\/wp-content\/uploads\/2021\/07\/illu-p4-1.png\" alt=\"cma\" class=\"wp-image-6438\"\/><\/figure>\n<\/div>\n<\/div>\n<\/div>\n\n\n\n<div class=\"wp-block-column is-layout-flow wp-block-column-is-layout-flow\">\n<div class=\"wp-block-columns is-layout-flex wp-container-core-columns-is-layout-9d6595d7 wp-block-columns-is-layout-flex\">\n<div class=\"wp-block-column is-layout-flow wp-block-column-is-layout-flow\">\n<div style=\"height:122px\" aria-hidden=\"true\" class=\"wp-block-spacer\"><\/div>\n\n\n\n<h5 class=\"has-text-align-center wp-block-heading\" style=\"font-size:27px\"><strong>nous formons<\/strong><\/h5>\n<\/div>\n\n\n\n<div class=\"wp-block-column is-layout-flow wp-block-column-is-layout-flow\">\n<figure class=\"wp-block-image size-large\"><img loading=\"lazy\" decoding=\"async\" width=\"602\" height=\"597\" src=\"https:\/\/www.cma-hautsdefrance.fr\/blog\/wp-content\/uploads\/2021\/07\/illu-p4-2.png\" alt=\"cma\" class=\"wp-image-6440\"\/><\/figure>\n<\/div>\n<\/div>\n<\/div>\n<\/div>\n\n\n\n<p style=\"font-size:18px\">Ces jeunes que vous contribuez \u00e0 accompagner dans votre entreprise seront vos futurs collaborateurs ou les entrepreneurs de demain. Le secteur artisanal \u00e9tant en plein d\u00e9veloppement, nous avons besoin de cette main d&rsquo;\u0153uvre form\u00e9e, dipl\u00f4m\u00e9e et sensibilis\u00e9e au respect des valeurs et des savoir- faire artisanaux.<\/p>\n\n\n\n<p style=\"font-size:18px\">En votant, vous soutenez notre action de formation des apprentis, mais \u00e9galement les milliers d\u2019artisans, de conjoints et de collaborateurs qui suivent chaque jour nos formations continues afin de se perfectionner.<\/p>\n\n\n\n<div style=\"height:32px\" aria-hidden=\"true\" class=\"wp-block-spacer\"><\/div>\n\n\n\n<hr class=\"wp-block-separator is-style-wide\"\/>\n\n\n\n<div style=\"height:33px\" aria-hidden=\"true\" class=\"wp-block-spacer\"><\/div>\n\n\n\n<h3 class=\"has-white-color has-text-color has-background wp-block-heading\" style=\"background-color:#108282\">TOUTES LES R\u00c9PONSES \u00c0 VOS QUESTIONS SUR LE VOTE CMA<\/h3>\n\n\n\n<div style=\"height:21px\" aria-hidden=\"true\" class=\"wp-block-spacer\"><\/div>\n\n\n\n<p style=\"font-size:18px\"><strong>Quel type de scrutin ?<\/strong><br>Le scrutin est plurinominal majoritaire \u00e0 un tour. Les listes sont compos\u00e9es de 35 noms par d\u00e9partement, soit 175 noms par liste r\u00e9gionale. Toutes les familles de l&rsquo;artisanat sont obligatoirement repr\u00e9sent\u00e9es dans chaque liste (alimentation, b\u00e2timent, production et services).<\/p>\n\n\n\n<p style=\"font-size:18px\"><strong>Pour combien de temps ?<\/strong><br>Vous \u00e9lisez des artisans pour une dur\u00e9e de cinq ans, soit pour la mandature 2021 &#8211; 2026.<\/p>\n\n\n\n<p style=\"font-size:18px\"><strong>Qui peut voter ?<\/strong><br>Tous les chefs d\u2019entreprise immatricul\u00e9s au R\u00e9pertoire des M\u00e9tiers.<\/p>\n\n\n\n<p style=\"font-size:18px\"><strong>Qui sont les candidats ?<\/strong><br>Les candidats sont des chefs d\u2019entreprise, des conjoints collaborateurs ou dirigeants sociaux des personnes morales immatricul\u00e9es au R\u00e9pertoire des M\u00e9tiers. Ils doivent \u00eatre \u00e2g\u00e9s de moins de 65 ans et \u00eatre immatricul\u00e9s au R\u00e9pertoire des M\u00e9tiers depuis au moins deux ans.<\/p>\n\n\n\n<p style=\"font-size:18px\"><strong>Comment voter ?<\/strong><br>Vous n\u2019avez pas besoin de vous d\u00e9placer, car le vote se fait enti\u00e8rement \u00e0 distance. L\u2019ensemble des candidatures vous seront transmises par courrier d\u00e9but octobre. Vous pourrez voter directement par voie \u00e9lectronique ou par voie postale. Vous recevrez le mat\u00e9riel de vote d\u00e9but octobre.<\/p>\n\n\n\n<p style=\"font-size:18px\"><strong>Quand seront annonc\u00e9s les r\u00e9sultats ?<\/strong><br>Ils seront rendus publics d\u00e8s le 19 octobre 2021.<\/p>\n","protected":false},"excerpt":{"rendered":"<p><span class=\"rt-reading-time\" style=\"display: block;\"><span class=\"rt-label rt-prefix\">Temps de lecture\u00a0: <\/span> <span class=\"rt-time\">3<\/span> <span class=\"rt-label rt-postfix\">minutes<\/span><\/span> Du 1er au 14 octobre 2021, vous voterez pour les artisans qui vous repr\u00e9senteront au sein de la Chambre de m\u00e9tiers et de l\u2019artisanat Hauts-de-France pour les cinq ans \u00e0 venir. Une \u00e9tape cruciale pour d\u00e9finir les orientations d\u2019un \u00e9tablissement [&hellip;]<\/p>\n","protected":false},"author":17,"featured_media":6633,"comment_status":"open","ping_status":"open","sticky":false,"template":"","format":"standard","meta":{"footnotes":""},"categories":[110],"tags":[],"class_list":["post-6421","post","type-post","status-publish","format-standard","has-post-thumbnail","hentry","category-archives"],"_links":{"self":[{"href":"https:\/\/www.cma-hautsdefrance.fr\/blog\/wp-json\/wp\/v2\/posts\/6421","targetHints":{"allow":["GET"]}}],"collection":[{"href":"https:\/\/www.cma-hautsdefrance.fr\/blog\/wp-json\/wp\/v2\/posts"}],"about":[{"href":"https:\/\/www.cma-hautsdefrance.fr\/blog\/wp-json\/wp\/v2\/types\/post"}],"author":[{"embeddable":true,"href":"https:\/\/www.cma-hautsdefrance.fr\/blog\/wp-json\/wp\/v2\/users\/17"}],"replies":[{"embeddable":true,"href":"https:\/\/www.cma-hautsdefrance.fr\/blog\/wp-json\/wp\/v2\/comments?post=6421"}],"version-history":[{"count":23,"href":"https:\/\/www.cma-hautsdefrance.fr\/blog\/wp-json\/wp\/v2\/posts\/6421\/revisions"}],"predecessor-version":[{"id":6468,"href":"https:\/\/www.cma-hautsdefrance.fr\/blog\/wp-json\/wp\/v2\/posts\/6421\/revisions\/6468"}],"wp:featuredmedia":[{"embeddable":true,"href":"https:\/\/www.cma-hautsdefrance.fr\/blog\/wp-json\/wp\/v2\/media\/6633"}],"wp:attachment":[{"href":"https:\/\/www.cma-hautsdefrance.fr\/blog\/wp-json\/wp\/v2\/media?parent=6421"}],"wp:term":[{"taxonomy":"category","embeddable":true,"href":"https:\/\/www.cma-hautsdefrance.fr\/blog\/wp-json\/wp\/v2\/categories?post=6421"},{"taxonomy":"post_tag","embeddable":true,"href":"https:\/\/www.cma-hautsdefrance.fr\/blog\/wp-json\/wp\/v2\/tags?post=6421"}],"curies":[{"name":"wp","href":"https:\/\/api.w.org\/{rel}","templated":true}]}}