{"id":8865,"date":"2024-03-11T17:07:11","date_gmt":"2024-03-11T16:07:11","guid":{"rendered":"https:\/\/www.cma-hautsdefrance.fr\/blog\/?p=8865"},"modified":"2024-03-11T17:25:05","modified_gmt":"2024-03-11T16:25:05","slug":"pour-lamour-des-toutous","status":"publish","type":"post","link":"https:\/\/www.cma-hautsdefrance.fr\/blog\/histoires-artisans\/pour-lamour-des-toutous\/","title":{"rendered":"Pour l\u2019amour des toutous"},"content":{"rendered":"<span class=\"rt-reading-time\" style=\"display: block;\"><span class=\"rt-label rt-prefix\">Temps de lecture\u00a0: <\/span> <span class=\"rt-time\">3<\/span> <span class=\"rt-label rt-postfix\">minutes<\/span><\/span>\n<h2 class=\"wp-block-heading\"><strong>Depuis juin 2023, le salon de Moby, cr\u00e9\u00e9 \u00e0 Linselles par Sarah Innocenti, -ancienne juriste devenue \u00e9ducatrice de chiens guides puis form\u00e9e au toilettage canin \u00e0 la CMA en 2022-, procure soin d\u2019entretien et bien-\u00eatre \u00e0 ces boules de poils qu\u2019elle connait si bien.<\/strong><br><\/h2>\n\n\n\n<figure class=\"wp-block-image size-large\"><img loading=\"lazy\" decoding=\"async\" width=\"1024\" height=\"768\" src=\"https:\/\/www.cma-hautsdefrance.fr\/blog\/wp-content\/uploads\/2024\/03\/thumbnail_IMG_8257-1024x768.jpg\" alt=\"\" class=\"wp-image-8871\"\/><\/figure>\n\n\n\n<p class=\"has-medium-font-size\">Les ouvriers finissent de s\u2019activer dans la maison de Sarah Innocenti o\u00f9 la v\u00e9randa ensoleill\u00e9e, vient d\u2019\u00eatre tout juste r\u00e9am\u00e9nag\u00e9e en salon de toilettage, fonctionnel pour bichonner de fid\u00e8les compagnons \u00e0 quatre pattes. Avec la possibilit\u00e9 d\u2019une petite pause post soin dans le jardin attenant. Tout est pens\u00e9 par Sarah pour le bien-\u00eatre de ces toutous.<\/p>\n\n\n\n<p class=\"has-medium-font-size\">Un hasard heureux, il y a une vingtaine d\u2019ann\u00e9es, a permis \u00e0 cette ancienne juriste de d\u00e9couvrir l\u2019univers canin qu\u2019elle n\u2019a plus l\u00e2ch\u00e9. <em>\u00ab&nbsp;Je travaillais dans des cabinets d\u2019avocats depuis deux ans lorsque j\u2019ai r\u00e9alis\u00e9 progressivement que je m\u2019ennuyais dans ce milieu\u2026&nbsp;Un jour, un ami, accompagnateur de chiens, m\u2019a propos\u00e9 de me joindre \u00e0 lui et j\u2019ai ador\u00e9.&nbsp;\u00bb <\/em>Enthousiaste, la jeune femme commence d\u00e8s lors \u00e0 travailler dans une \u00e9cole de chiens guides d\u2019aveugles et de mal-voyants, Porte de Vincennes.<br>Sarah va d\u00e9velopper un amour inconditionnel pour ces animaux d\u2019exception (souvent des Golden Retriever, Labrador ou encore Berger Allemand), notamment en \u00e9duquant un chien nomm\u00e9 Moby. &nbsp;Elle va d\u00e9couvrir la confiance, l\u2019autonomie dont font preuve ces chiens d\u2019assistance mais aussi leur pr\u00e9sence rassurante, sans \u00e9gal pour les personnes en situation de handicap. \u00ab&nbsp; <em>Ce sont plus que des chiens, de formidables compagnons, \u00e0 la fois robustes, doux, patients, dot\u00e9s d\u2019une incroyable capacit\u00e9 \u00e0 cr\u00e9er du lien. J\u2019ai aim\u00e9 apprendre aux chiens \u00e0 apprendre \u00bb, <\/em>sourit-elle<em>.<\/em><\/p>\n\n\n\n<figure class=\"wp-block-gallery has-nested-images columns-default is-cropped wp-block-gallery-2 is-layout-flex wp-block-gallery-is-layout-flex\">\n<figure class=\"wp-block-image size-large\"><img loading=\"lazy\" decoding=\"async\" width=\"1024\" height=\"683\" data-id=\"8880\" src=\"https:\/\/www.cma-hautsdefrance.fr\/blog\/wp-content\/uploads\/2024\/03\/thumbnail_IMG_4323-1024x683.jpg\" alt=\"\" class=\"wp-image-8880\"\/><\/figure>\n\n\n\n<figure class=\"wp-block-image size-large\"><img loading=\"lazy\" decoding=\"async\" width=\"1024\" height=\"683\" data-id=\"8881\" src=\"https:\/\/www.cma-hautsdefrance.fr\/blog\/wp-content\/uploads\/2024\/03\/thumbnail_IMG_4313-1024x683.jpg\" alt=\"\" class=\"wp-image-8881\"\/><\/figure>\n<\/figure>\n\n\n\n<h2 class=\"wp-block-heading\"><strong>\u00ab&nbsp; Lorsque j\u2019\u00e9tais petite, je voulais \u00eatre coiffeuse&nbsp;\u00bb<\/strong><strong><\/strong><\/h2>\n\n\n\n<p class=\"has-medium-font-size\">Au bout de trois ans, Sarah entame, toujours \u00e0 Paris, une formation d\u2019\u00e9ducatrice de chiens guides et d\u2019assistance, qu\u2019elle va poursuivre dans le Nord (la r\u00e9gion de son mari). Apr\u00e8s l\u2019obtention de son dipl\u00f4me en 2014 \u00e0 l\u2019association des chiens guides d\u2019aveugles des centres Paul Corteville \u00e0 Roncq, elle exerce dans la commune jusqu\u2019en 2020 avant de d\u00e9cider de se lancer dans une nouvelle aventure. <em>\u00ab&nbsp;J\u2019avais envie d\u2019autre chose \u2026 <\/em><em>Le toilettage est aujourd\u2019hui une profession \u00e0 part enti\u00e8re qui ne s\u2019improvise pas et exige une s\u00e9rieuse formation. On assure le soin et l\u2019esth\u00e9tique d\u2019un animal. C\u2019est une autre fa\u00e7on de s\u2019occuper d\u2019eux.&nbsp;\u00bb<\/em><\/p>\n\n\n\n<p class=\"has-medium-font-size\">Une formation d\u2019un an entam\u00e9e gr\u00e2ce \u00e0 son Compte professionnel formation (CPF) \u00e0 l\u2019antenne de la CMA d\u2019Arras, en alternance au salon Helly\u2019gance de Gondecourt, va lui permettre d\u2019obtenir un Certificat Technique du M\u00e9tier de toiletteuse canine.<br>En juin 2023, Sarah ouvre Le salon de Moby (d\u00e9di\u00e9 \u00e0 ce chien avec lequel tout a commenc\u00e9) \u00e0 Linselles. La client\u00e8le est tr\u00e8s vite au rendez-vous pour celle qui a privil\u00e9gi\u00e9 le toilettage canin. <em>\u00ab&nbsp;J\u2019ai r\u00e9alis\u00e9 que<\/em> <em>mon parcours avec les chiens d\u2019assistance<\/em><em> favorise la confiance des ma\u00eetres, <\/em>explique-t-elle\u2026 <em>J\u2019aime<\/em> <em>le contact avec les chiens et m\u00eame si les postures physiques sont parfois difficiles, la relation \u00e0 l\u2019animal, le fait de les choyer, les embellir, l\u2019emportent sur tout le reste<\/em>.<em> <\/em><em>Enfin, j\u2019appr\u00e9cie l\u2019ind\u00e9pendance que procure ce m\u00e9tier.<\/em><em> <\/em>Et d\u2019ajouter, en riant&nbsp;:<em> \u00ab&nbsp; Pour tout vous dire, lorsque j\u2019\u00e9tais petite, je voulais \u00eatre\u2026 coiffeuse&nbsp;\u00bb.<\/em><\/p>\n\n\n\n<figure class=\"wp-block-gallery has-nested-images columns-default is-cropped wp-block-gallery-3 is-layout-flex wp-block-gallery-is-layout-flex\">\n<figure class=\"wp-block-image size-large\"><img loading=\"lazy\" decoding=\"async\" width=\"768\" height=\"1024\" data-id=\"8874\" src=\"https:\/\/www.cma-hautsdefrance.fr\/blog\/wp-content\/uploads\/2024\/03\/thumbnail_IMG_9776-768x1024.jpg\" alt=\"\" class=\"wp-image-8874\"\/><\/figure>\n\n\n\n<figure class=\"wp-block-image size-large\"><img loading=\"lazy\" decoding=\"async\" width=\"665\" height=\"1024\" data-id=\"8875\" src=\"https:\/\/www.cma-hautsdefrance.fr\/blog\/wp-content\/uploads\/2024\/03\/thumbnail_IMG_9394-665x1024.jpg\" alt=\"\" class=\"wp-image-8875\"\/><\/figure>\n\n\n\n<figure class=\"wp-block-image size-large\"><img loading=\"lazy\" decoding=\"async\" width=\"768\" height=\"1024\" data-id=\"8872\" src=\"https:\/\/www.cma-hautsdefrance.fr\/blog\/wp-content\/uploads\/2024\/03\/thumbnail_IMG_8937-768x1024.jpg\" alt=\"\" class=\"wp-image-8872\"\/><\/figure>\n\n\n\n<figure class=\"wp-block-image size-large\"><img loading=\"lazy\" decoding=\"async\" width=\"768\" height=\"1024\" data-id=\"8876\" src=\"https:\/\/www.cma-hautsdefrance.fr\/blog\/wp-content\/uploads\/2024\/03\/thumbnail_IMG_8403-768x1024.jpg\" alt=\"\" class=\"wp-image-8876\"\/><\/figure>\n\n\n\n<figure class=\"wp-block-image size-large\"><img loading=\"lazy\" decoding=\"async\" width=\"768\" height=\"1024\" data-id=\"8873\" src=\"https:\/\/www.cma-hautsdefrance.fr\/blog\/wp-content\/uploads\/2024\/03\/thumbnail_IMG_9886-768x1024.jpg\" alt=\"\" class=\"wp-image-8873\"\/><\/figure>\n<\/figure>\n\n\n\n<h2 class=\"wp-block-heading has-small-font-size\"><strong>Le salon de Moby\u00a0 97 rue Castelnau\u00a0 59126 Linselles\u00a0 07 68 79 16 61<\/strong><br>Cr\u00e9dit photos S.I.<\/h2>\n","protected":false},"excerpt":{"rendered":"<p><span class=\"rt-reading-time\" style=\"display: block;\"><span class=\"rt-label rt-prefix\">Temps de lecture\u00a0: <\/span> <span class=\"rt-time\">3<\/span> <span class=\"rt-label rt-postfix\">minutes<\/span><\/span> Depuis juin 2023, le salon de Moby, cr\u00e9\u00e9 \u00e0 Linselles par Sarah Innocenti, -ancienne juriste devenue \u00e9ducatrice de chiens guides puis form\u00e9e au toilettage canin \u00e0 la CMA en 2022-, procure soin d\u2019entretien et bien-\u00eatre \u00e0 ces boules de poils [&hellip;]<\/p>\n","protected":false},"author":20,"featured_media":8871,"comment_status":"closed","ping_status":"open","sticky":false,"template":"","format":"standard","meta":{"footnotes":""},"categories":[8],"tags":[],"class_list":["post-8865","post","type-post","status-publish","format-standard","has-post-thumbnail","hentry","category-histoires-artisans"],"_links":{"self":[{"href":"https:\/\/www.cma-hautsdefrance.fr\/blog\/wp-json\/wp\/v2\/posts\/8865","targetHints":{"allow":["GET"]}}],"collection":[{"href":"https:\/\/www.cma-hautsdefrance.fr\/blog\/wp-json\/wp\/v2\/posts"}],"about":[{"href":"https:\/\/www.cma-hautsdefrance.fr\/blog\/wp-json\/wp\/v2\/types\/post"}],"author":[{"embeddable":true,"href":"https:\/\/www.cma-hautsdefrance.fr\/blog\/wp-json\/wp\/v2\/users\/20"}],"replies":[{"embeddable":true,"href":"https:\/\/www.cma-hautsdefrance.fr\/blog\/wp-json\/wp\/v2\/comments?post=8865"}],"version-history":[{"count":7,"href":"https:\/\/www.cma-hautsdefrance.fr\/blog\/wp-json\/wp\/v2\/posts\/8865\/revisions"}],"predecessor-version":[{"id":8884,"href":"https:\/\/www.cma-hautsdefrance.fr\/blog\/wp-json\/wp\/v2\/posts\/8865\/revisions\/8884"}],"wp:featuredmedia":[{"embeddable":true,"href":"https:\/\/www.cma-hautsdefrance.fr\/blog\/wp-json\/wp\/v2\/media\/8871"}],"wp:attachment":[{"href":"https:\/\/www.cma-hautsdefrance.fr\/blog\/wp-json\/wp\/v2\/media?parent=8865"}],"wp:term":[{"taxonomy":"category","embeddable":true,"href":"https:\/\/www.cma-hautsdefrance.fr\/blog\/wp-json\/wp\/v2\/categories?post=8865"},{"taxonomy":"post_tag","embeddable":true,"href":"https:\/\/www.cma-hautsdefrance.fr\/blog\/wp-json\/wp\/v2\/tags?post=8865"}],"curies":[{"name":"wp","href":"https:\/\/api.w.org\/{rel}","templated":true}]}}