{"id":9212,"date":"2024-07-12T08:35:56","date_gmt":"2024-07-12T06:35:56","guid":{"rendered":"https:\/\/www.cma-hautsdefrance.fr\/blog\/?p=9212"},"modified":"2024-07-12T08:40:19","modified_gmt":"2024-07-12T06:40:19","slug":"marie-jose-orlof-les-femmes-font-bouger-lartisanat","status":"publish","type":"post","link":"https:\/\/www.cma-hautsdefrance.fr\/blog\/linvite\/marie-jose-orlof-les-femmes-font-bouger-lartisanat\/","title":{"rendered":"Marie-Jos\u00e9 Orlof : \u00ab Les femmes font bouger l\u2019artisanat \u00bb"},"content":{"rendered":"<span class=\"rt-reading-time\" style=\"display: block;\"><span class=\"rt-label rt-prefix\">Temps de lecture\u00a0: <\/span> <span class=\"rt-time\">3<\/span> <span class=\"rt-label rt-postfix\">minutes<\/span><\/span>\n<div class=\"wp-block-columns is-layout-flex wp-container-core-columns-is-layout-9d6595d7 wp-block-columns-is-layout-flex\">\n<div class=\"wp-block-column is-layout-flow wp-block-column-is-layout-flow\" style=\"flex-basis:33.33%\">\n<figure class=\"wp-block-image size-large\"><img loading=\"lazy\" decoding=\"async\" width=\"768\" height=\"1024\" src=\"https:\/\/www.cma-hautsdefrance.fr\/blog\/wp-content\/uploads\/2024\/07\/20240703_183418-768x1024.jpg\" alt=\"\" class=\"wp-image-9215\"\/><\/figure>\n<\/div>\n\n\n\n<div class=\"wp-block-column is-layout-flow wp-block-column-is-layout-flow\" style=\"flex-basis:66.66%\">\n<p style=\"font-size:14px\">C\u2019est une femme de caract\u00e8re et une v\u00e9ritable professionnelle, qui a prouv\u00e9 en quarante ans de m\u00e9tier qu\u2019elle avait toute sa place comme dirigeante dans l\u2019univers de l\u2019artisanat. Marie-Jos\u00e9 Orlof est aujourd\u2019hui la premi\u00e8re femme \u00e0 pr\u00e9sider la Chambre de m\u00e9tiers et de l\u2019artisanat du Pas-de-Calais, un territoire o\u00f9 les femmes chefs d\u2019entreprise sont proportionnellement plus nombreuses. En 30 ans, leur nombre a doubl\u00e9 pour atteindre 29 % en 2023, soit 36 000 dans la r\u00e9gion des Hauts-de-France. Des femmes brillantes, courageuses, qui font bouger l\u2019artisanat, sur lesquelles Marie Jos\u00e9 Orlof pose un regard admiratif. M\u00eame si la parit\u00e9 n\u2019est pas encore partout, elle se dit confiante. Car l\u2019artisanat est plus que jamais une affaire de femmes.<\/p>\n<\/div>\n<\/div>\n\n\n\n<p style=\"font-size:14px\"><strong>-Vous \u00eates la premi\u00e8re femme \u00e0 pr\u00e9sider depuis 2023, la Chambre de m\u00e9tiers et de l\u2019artisanat du Pas-de-Calais, qu\u2019est-ce que cela a suscit\u00e9 en vous lorsque vous avez \u00e9t\u00e9 \u00e9lue ?<\/strong><\/p>\n\n\n\n<p style=\"font-size:14px\">Marie-Jos\u00e9 Orlof : C\u2019\u00e9tait un honneur et je ne pouvais pas refuser. Depuis quarante ans, je fais un m\u00e9tier o\u00f9 les hommes sont majoritaires, je me suis toujours sentie l\u00e9gitime. Cela m\u2019a rendue fi\u00e8re pour l\u2019artisanat.<\/p>\n\n\n\n<p style=\"font-size:14px\"><strong>&#8211; Justement est-ce difficile d\u2019\u00eatre une artisane, dans un milieu encore majoritairement masculin ? Je rappelle que vous \u00eates une femme chef d\u2019entreprise depuis 2005, dirigeante de la soci\u00e9t\u00e9 OTP, vous avez repris la marbrerie en 2016 \u00e0 Marck. Vous \u00eates par ailleurs membre \u00e9lue de la CMA HdF depuis 2010, membre de la Commission des Femmes dans l\u2019Artisanat \u2026 Vous avez beaucoup de responsabilit\u00e9s *\u2026<\/strong><\/p>\n\n\n\n<p style=\"font-size:14px\">Marie-Jos\u00e9 Orlof : Mon ressenti c\u2019est qu\u2019il fallait que j\u2019en fasse plus. J\u2019ai travaill\u00e9 beaucoup plus qu\u2019un homme. C\u2019est comme \u00e7a pour nous les femmes\u2026 m\u00eame si celles d\u2019aujourd\u2019hui ne rencontrent pas les m\u00eames difficult\u00e9s que celles d\u2019hier. \u2026D\u2019ailleurs, j\u2019ai h\u00e2te que cette Commission des Femmes n\u2019existe plus, cela voudra dire que nous avons vraiment avanc\u00e9. Toutefois au quotidien, m\u00eame si les temps changent, vous savez, il y a encore tellement de petits d\u00e9tails qui t\u00e9moignent que la parit\u00e9 n\u2019est pas encore partout ! Alors que c\u2019est tellement important la mixit\u00e9 en entreprise, c\u2019est ce qui en fait la richesse.<\/p>\n\n\n\n<p style=\"font-size:14px\">\u00ab Ne jamais avoir peur de l\u2019\u00e9chec \u00bb<\/p>\n\n\n\n<p style=\"font-size:14px\"><strong>-Quelles sont, selon vous, les grandes am\u00e9liorations \u00e0 apporter dans l\u2019artisanat, dans l\u2019apprentissage, pour les femmes des Hauts-de-France mais aussi en g\u00e9n\u00e9ral ?<\/strong><\/p>\n\n\n\n<p style=\"font-size:14px\">Marie-Jos\u00e9 Orlof : Les artisanes, les apprenties, celles que nous avons mises \u00e0 l\u2019honneur lors de la Commission des Femmes et de l\u2019Afterwork Entreprendre au f\u00e9minin ensuite \u00e0 Arras, montrent que c\u2019est possible. Nous c\u00e9l\u00e9brons l\u2019artisanat f\u00e9minin gr\u00e2ce \u00e0 de nombreux prix tels que Madame Artisanat pour ne citer que celui-l\u00e0, qui sont des acc\u00e9l\u00e9rateurs mais aussi des moyens de valoriser leur travail. Les femmes vont \u00eatre un vivier pour l\u2019entreprise, on le r\u00e9alise parfois tardivement mais elles ont tellement d\u2019atouts.<\/p>\n\n\n\n<p style=\"font-size:14px\"><strong>-Quel regard posez-vous sur ces femmes, beaucoup de jeunes femmes, qui choisissent cette voie de l\u2019artisanat ?<\/strong><\/p>\n\n\n\n<p style=\"font-size:14px\">Marie-Jos\u00e9 Orlof : Je suis \u00e9merveill\u00e9e par leur parcours, par ce qu\u2019elles ont accompli. La plupart ont fait des choix, tr\u00e8s jeunes ou bien alors ce sont des vocations tardives, comme pour les reconversions,. Elles m\u2019\u00e9patent, elles sont toutes courageuses, c\u2019est aussi pour cela que la Commission des Femmes les met en valeur.<\/p>\n\n\n\n<p style=\"font-size:14px\"><strong>-Leurs parcours sont inspirants, toutefois, quel conseil leur donneriez-vous ?<\/strong><\/p>\n\n\n\n<p style=\"font-size:14px\">Marie-Jos\u00e9 Orlof : Elles ne doivent jamais cesser de s\u2019\u00e9clater dans leur travail et si on veut que les choses changent, elles doivent \u00eatre des mod\u00e8les et partager leur passion. Enfin, les organismes tels que les banques, mais aussi les pouvoirs publics doivent les soutenir, les accompagner, ne pas les d\u00e9courager. A ces femmes qui font bouger l\u2019artisanat, qui sont la rel\u00e8ve, je dirai qu\u2019il ne faut jamais avoir peur de l\u2019\u00e9chec.<\/p>\n\n\n\n<figure class=\"wp-block-image size-large\"><img loading=\"lazy\" decoding=\"async\" width=\"1024\" height=\"768\" src=\"https:\/\/www.cma-hautsdefrance.fr\/blog\/wp-content\/uploads\/2024\/07\/20240703_155117184_iOS-1-1024x768.jpg\" alt=\"\" class=\"wp-image-9217\"\/><\/figure>\n\n\n\n<p>Photos DR CMA HDF<\/p>\n\n\n\n<p>*-Pr\u00e9sidente Pas-de-Calais de la Chambre de m\u00e9tiers et de l\u2019artisanat Hauts-de-France depuis 2023 <br>-Membre \u00e9lue de la Chambre de m\u00e9tiers et de l\u2019artisanat Hauts-de-France depuis 2010 <br>&#8211; Membre du bureau de la CMA Hauts-de-France depuis 2015 <br>&#8211; Pr\u00e9sidente de la commission territoriale de Calais depuis 2014 <br>&#8211; \u00c9lue \u00e0 la CAPEB au conseil d\u2019administration depuis 2010<\/p>\n","protected":false},"excerpt":{"rendered":"<p><span class=\"rt-reading-time\" style=\"display: block;\"><span class=\"rt-label rt-prefix\">Temps de lecture\u00a0: <\/span> <span class=\"rt-time\">3<\/span> <span class=\"rt-label rt-postfix\">minutes<\/span><\/span> C\u2019est une femme de caract\u00e8re et une v\u00e9ritable professionnelle, qui a prouv\u00e9 en quarante ans de m\u00e9tier qu\u2019elle avait toute sa place comme dirigeante dans l\u2019univers de l\u2019artisanat. Marie-Jos\u00e9 Orlof est aujourd\u2019hui la premi\u00e8re femme \u00e0 pr\u00e9sider la Chambre de [&hellip;]<\/p>\n","protected":false},"author":20,"featured_media":9219,"comment_status":"closed","ping_status":"open","sticky":false,"template":"","format":"standard","meta":{"footnotes":""},"categories":[111,109],"tags":[137,133,138,60],"class_list":["post-9212","post","type-post","status-publish","format-standard","has-post-thumbnail","hentry","category-a-la-une","category-linvite","tag-femmes-dans-lartisanat","tag-linvitee","tag-marie-jose-orlof","tag-pas-de-calais"],"_links":{"self":[{"href":"https:\/\/www.cma-hautsdefrance.fr\/blog\/wp-json\/wp\/v2\/posts\/9212","targetHints":{"allow":["GET"]}}],"collection":[{"href":"https:\/\/www.cma-hautsdefrance.fr\/blog\/wp-json\/wp\/v2\/posts"}],"about":[{"href":"https:\/\/www.cma-hautsdefrance.fr\/blog\/wp-json\/wp\/v2\/types\/post"}],"author":[{"embeddable":true,"href":"https:\/\/www.cma-hautsdefrance.fr\/blog\/wp-json\/wp\/v2\/users\/20"}],"replies":[{"embeddable":true,"href":"https:\/\/www.cma-hautsdefrance.fr\/blog\/wp-json\/wp\/v2\/comments?post=9212"}],"version-history":[{"count":2,"href":"https:\/\/www.cma-hautsdefrance.fr\/blog\/wp-json\/wp\/v2\/posts\/9212\/revisions"}],"predecessor-version":[{"id":9218,"href":"https:\/\/www.cma-hautsdefrance.fr\/blog\/wp-json\/wp\/v2\/posts\/9212\/revisions\/9218"}],"wp:featuredmedia":[{"embeddable":true,"href":"https:\/\/www.cma-hautsdefrance.fr\/blog\/wp-json\/wp\/v2\/media\/9219"}],"wp:attachment":[{"href":"https:\/\/www.cma-hautsdefrance.fr\/blog\/wp-json\/wp\/v2\/media?parent=9212"}],"wp:term":[{"taxonomy":"category","embeddable":true,"href":"https:\/\/www.cma-hautsdefrance.fr\/blog\/wp-json\/wp\/v2\/categories?post=9212"},{"taxonomy":"post_tag","embeddable":true,"href":"https:\/\/www.cma-hautsdefrance.fr\/blog\/wp-json\/wp\/v2\/tags?post=9212"}],"curies":[{"name":"wp","href":"https:\/\/api.w.org\/{rel}","templated":true}]}}