{"id":9675,"date":"2024-11-22T09:00:00","date_gmt":"2024-11-22T08:00:00","guid":{"rendered":"https:\/\/www.cma-hautsdefrance.fr\/blog\/?p=9675"},"modified":"2024-11-18T10:31:35","modified_gmt":"2024-11-18T09:31:35","slug":"lartisanat-dart-est-un-artisanat-moderne-aux-racines-profondes","status":"publish","type":"post","link":"https:\/\/www.cma-hautsdefrance.fr\/blog\/actualites\/actu-pas-de-calais\/lartisanat-dart-est-un-artisanat-moderne-aux-racines-profondes\/","title":{"rendered":"\u00ab\u00a0L\u2019artisanat d\u2019art est un artisanat moderne aux racines profondes\u00a0\u00bb"},"content":{"rendered":"<span class=\"rt-reading-time\" style=\"display: block;\"><span class=\"rt-label rt-prefix\">Temps de lecture\u00a0: <\/span> <span class=\"rt-time\">2<\/span> <span class=\"rt-label rt-postfix\">minutes<\/span><\/span>\n<p style=\"font-size:20px\"><strong>Agn\u00e8s Pannier-Runacher, ministre de la Transition \u00e9cologique, de l&rsquo;\u00c9nergie, du Climat et<\/strong> <strong>de la Pr\u00e9vention des risques<\/strong> \u00e9tait pr\u00e9sente \u00e0 l\u2019inauguration du Salon International des M\u00e9tiers d&rsquo;Art 2024, vendredi 15 novembre, au stade Bollaert-Delelis \u00e0 Lens. Tout en d\u00e9couvrant le travail des cr\u00e9ateurs, elle nous a confi\u00e9 sa vision de l\u2019artisanat d\u2019art.<\/p>\n\n\n\n<p style=\"font-size:14px\"><strong>Madame la Ministre, votre pr\u00e9sence \u00e0 l\u2019inauguration du Salon International des M\u00e9tiers d\u2019Art 2024 est importante, doublement li\u00e9e au th\u00e8me, le d\u00e9veloppement durable, mais aussi au fait que vous \u00eates d\u00e9put\u00e9e du Pas-de-Calais&nbsp;?<\/strong><br><strong>Agn\u00e8s Pannier-Runacher&nbsp;:<\/strong> Je suis effectivement \u00e0 la fois la \u00ab&nbsp;r\u00e9gionale de l\u2019\u00e9tape&nbsp;\u00bb puisque je viens du Pas-de-Calais, je me suis \u00e9galement occup\u00e9e d\u2019artisanat quand j\u2019\u00e9tais au gouvernement puisque j\u2019\u00e9tais en charge de l\u2019artisanat entre 2018 et 2020*. C\u2019est une activit\u00e9 professionnelle passionnante qu\u2019il faut absolument mettre en valeur et en particulier l\u2019artisanat d\u2019art. Je lie aujourd\u2019hui l\u2019utile et l\u2019agr\u00e9able (sourire) puisque ce salon est plac\u00e9 sous le signe de la transition \u00e9cologique et du d\u00e9veloppement durable et que chaque activit\u00e9 artisanale a sa pierre \u00e0 apporter au d\u00e9veloppement durable. On le voit d\u2019ailleurs au travers des cr\u00e9ations des artisans d\u2019art pr\u00e9sents et la mani\u00e8re dont on peut r\u00e9utiliser des mat\u00e9riaux, des savoir-faire qui sont tr\u00e8s peu impactants sur l\u2019environnement mais aussi cr\u00e9er des produits durables, beaux, qui am\u00e9liorent notre quotidien, en \u00e9tant tr\u00e8s respectueux de l\u2019environnement.<\/p>\n\n\n<div class=\"wp-block-image\">\n<figure class=\"alignleft size-large is-resized\"><img loading=\"lazy\" decoding=\"async\" width=\"768\" height=\"1024\" src=\"https:\/\/www.cma-hautsdefrance.fr\/blog\/wp-content\/uploads\/2024\/11\/Image-1-768x1024.jpeg\" alt=\"\" class=\"wp-image-9680\" style=\"width:319px;height:auto\"\/><\/figure>\n<\/div>\n\n\n<p style=\"font-size:14px\"><strong>La notion de transmission est importante dans ces m\u00e9tiers, cela vous touche&nbsp;?<\/strong><br><strong>APR : <\/strong>Effectivement, il y a aussi la notion de savoir-faire, de comp\u00e9tences que les artisans sont all\u00e9s rechercher. Je trouve que c\u2019est tr\u00e8s int\u00e9ressant parce qu\u2019on lie la tradition et la modernit\u00e9. L\u2019artisanat d\u2019art est un artisanat moderne qui a des racines profondes sur lesquelles on peut s\u2019appuyer. C\u2019est tr\u00e8s important car lorsqu\u2019on a des racines solides, tel l\u2019arbre, on peut s\u2019\u00e9lever dans les cieux.<\/p>\n\n\n<div class=\"wp-block-image\">\n<figure class=\"alignright size-large is-resized\"><img loading=\"lazy\" decoding=\"async\" width=\"576\" height=\"1024\" src=\"https:\/\/www.cma-hautsdefrance.fr\/blog\/wp-content\/uploads\/2024\/11\/Image-576x1024.jpeg\" alt=\"\" class=\"wp-image-9681\" style=\"width:269px;height:auto\"\/><\/figure>\n<\/div>\n\n\n<p style=\"font-size:14px\"><strong>L\u2019artisanat d\u2019art joue un r\u00f4le cl\u00e9 dans l\u2019\u00e9conomie selon vous &nbsp;?<\/strong><br><strong>APR :<\/strong> A contre-courant de ph\u00e9nom\u00e8nes commerciaux tels que le Black Friday, il faut redonner de la valeur \u00e0 l\u2019artisanat, \u00e0 l\u2019artisanat d\u2019art pr\u00e9cis\u00e9ment, soutenir l\u2019\u00e9conomie locale, valoriser ces m\u00e9tiers de proximit\u00e9 et ce salon en est la parfaite illustration.<\/p>\n\n\n\n<p style=\"font-size:14px\">*Secr\u00e9taire d&rsquo;\u00c9tat aupr\u00e8s du ministre de l\u2019Economie et des Finances, Bruno Le Maire, &nbsp;charg\u00e9e de la \u00ab&nbsp;reconqu\u00eate industrielle&nbsp;\u00bb<sup>,<\/sup> de l&rsquo;artisanat et du commerce.<\/p>\n\n\n\n<p style=\"font-size:14px\">Cr\u00e9dit photos CMA HDF<\/p>\n\n\n\n<p><\/p>\n\n\n","protected":false},"excerpt":{"rendered":"<p><span class=\"rt-reading-time\" style=\"display: block;\"><span class=\"rt-label rt-prefix\">Temps de lecture\u00a0: <\/span> <span class=\"rt-time\">2<\/span> <span class=\"rt-label rt-postfix\">minutes<\/span><\/span> Agn\u00e8s Pannier-Runacher, ministre de la Transition \u00e9cologique, de l&rsquo;\u00c9nergie, du Climat et de la Pr\u00e9vention des risques \u00e9tait pr\u00e9sente \u00e0 l\u2019inauguration du Salon International des M\u00e9tiers d&rsquo;Art 2024, vendredi 15 novembre, au stade Bollaert-Delelis \u00e0 Lens. Tout en d\u00e9couvrant le [&hellip;]<\/p>\n","protected":false},"author":20,"featured_media":9684,"comment_status":"closed","ping_status":"open","sticky":false,"template":"","format":"standard","meta":{"footnotes":""},"categories":[111,32,109],"tags":[170,73,168,172,169,171,74],"class_list":["post-9675","post","type-post","status-publish","format-standard","has-post-thumbnail","hentry","category-a-la-une","category-actu-pas-de-calais","category-linvite","tag-agnes-pannier-runacher","tag-artisanat","tag-artisanat-dart","tag-lens","tag-ministre-de-la-transition-ecologique","tag-salon-international-des-metiers-dart","tag-sima"],"_links":{"self":[{"href":"https:\/\/www.cma-hautsdefrance.fr\/blog\/wp-json\/wp\/v2\/posts\/9675","targetHints":{"allow":["GET"]}}],"collection":[{"href":"https:\/\/www.cma-hautsdefrance.fr\/blog\/wp-json\/wp\/v2\/posts"}],"about":[{"href":"https:\/\/www.cma-hautsdefrance.fr\/blog\/wp-json\/wp\/v2\/types\/post"}],"author":[{"embeddable":true,"href":"https:\/\/www.cma-hautsdefrance.fr\/blog\/wp-json\/wp\/v2\/users\/20"}],"replies":[{"embeddable":true,"href":"https:\/\/www.cma-hautsdefrance.fr\/blog\/wp-json\/wp\/v2\/comments?post=9675"}],"version-history":[{"count":5,"href":"https:\/\/www.cma-hautsdefrance.fr\/blog\/wp-json\/wp\/v2\/posts\/9675\/revisions"}],"predecessor-version":[{"id":9687,"href":"https:\/\/www.cma-hautsdefrance.fr\/blog\/wp-json\/wp\/v2\/posts\/9675\/revisions\/9687"}],"wp:featuredmedia":[{"embeddable":true,"href":"https:\/\/www.cma-hautsdefrance.fr\/blog\/wp-json\/wp\/v2\/media\/9684"}],"wp:attachment":[{"href":"https:\/\/www.cma-hautsdefrance.fr\/blog\/wp-json\/wp\/v2\/media?parent=9675"}],"wp:term":[{"taxonomy":"category","embeddable":true,"href":"https:\/\/www.cma-hautsdefrance.fr\/blog\/wp-json\/wp\/v2\/categories?post=9675"},{"taxonomy":"post_tag","embeddable":true,"href":"https:\/\/www.cma-hautsdefrance.fr\/blog\/wp-json\/wp\/v2\/tags?post=9675"}],"curies":[{"name":"wp","href":"https:\/\/api.w.org\/{rel}","templated":true}]}}