{"id":9690,"date":"2024-11-29T09:00:00","date_gmt":"2024-11-29T08:00:00","guid":{"rendered":"https:\/\/www.cma-hautsdefrance.fr\/blog\/?p=9690"},"modified":"2024-11-29T10:42:47","modified_gmt":"2024-11-29T09:42:47","slug":"les-artisanes-laureates-du-salon-international-des-metiers-dart-2024","status":"publish","type":"post","link":"https:\/\/www.cma-hautsdefrance.fr\/blog\/actualites\/les-artisanes-laureates-du-salon-international-des-metiers-dart-2024\/","title":{"rendered":"Les artisanes laur\u00e9ates du Salon International des M\u00e9tiers d\u2019Art 2024"},"content":{"rendered":"<span class=\"rt-reading-time\" style=\"display: block;\"><span class=\"rt-label rt-prefix\">Temps de lecture\u00a0: <\/span> <span class=\"rt-time\">2<\/span> <span class=\"rt-label rt-postfix\">minutes<\/span><\/span>\n<p style=\"font-size:20px\"><strong>Le Salon International des M\u00e9tiers d\u2019Art (SIMA) 2024 organis\u00e9 par la CMA HDF &#8211; qui s\u2019est d\u00e9roul\u00e9 du 15 au 17 novembre dernier au stade Bollaert-Delelis \u00e0 Lens &#8211; a r\u00e9v\u00e9l\u00e9 une fois encore le talent et le savoir-faire des artisans d\u2019art. Trois cr\u00e9atrices ont remport\u00e9 des prix,  chaudement f\u00e9licit\u00e9es par Agn\u00e8s Pannier-Runacher, ministre de la Transition \u00e9cologique, de l&rsquo;\u00c9nergie, du Climat et de la Pr\u00e9vention des risques<\/strong>\u00a0<strong>ainsi que par les \u00e9lus et partenaires du territoire des Hauts-de-France.<\/strong><\/p>\n\n\n\n<div style=\"height:40px\" aria-hidden=\"true\" class=\"wp-block-spacer\"><\/div>\n\n\n\n<p class=\"has-medium-font-size\">F\u00e9licitations \u00e0 <strong>Des R\u00eaves Fa\u00efencerie (Marion Leporcq)<\/strong> pour avoir remport\u00e9 le <strong>prix Clin d&rsquo;\u0152il<\/strong>, initi\u00e9 par l&rsquo;Agglom\u00e9ration de Lens-Li\u00e9vin. Ce prix lui offre l&rsquo;opportunit\u00e9 d&rsquo;exposer et de vendre ses cr\u00e9ations dans la boutique de Lens Tourisme pendant 6 mois.<\/p>\n\n\n<div class=\"wp-block-image\">\n<figure class=\"aligncenter size-large is-resized\"><img loading=\"lazy\" decoding=\"async\" width=\"1024\" height=\"683\" src=\"https:\/\/www.cma-hautsdefrance.fr\/blog\/wp-content\/uploads\/2024\/11\/IMG-9066-1024x683.jpg\" alt=\"\" class=\"wp-image-9693\" style=\"width:576px;height:auto\"\/><\/figure>\n<\/div>\n\n\n<div style=\"height:48px\" aria-hidden=\"true\" class=\"wp-block-spacer\"><\/div>\n\n\n\n<p class=\"has-medium-font-size\">Bravo \u00e0 <strong>Raw Woodworking (Lucie Delorme)<\/strong> qui remporte le <strong>prix SIMA Jeune<\/strong> mis en place par le Cr\u00e9dit Agricole Mutuel Nord de France. Elle obtient une dotation de 1 500 \u20ac par le Cr\u00e9dit Agricole et le remboursement de son stand par la CMA Hauts-de-France.&nbsp;<\/p>\n\n\n<div class=\"wp-block-image\">\n<figure class=\"aligncenter size-large is-resized\"><img loading=\"lazy\" decoding=\"async\" width=\"1024\" height=\"840\" src=\"https:\/\/www.cma-hautsdefrance.fr\/blog\/wp-content\/uploads\/2024\/11\/IMG-9065-1024x840.jpg\" alt=\"\" class=\"wp-image-9694\" style=\"width:579px;height:auto\"\/><\/figure>\n<\/div>\n\n\n<div style=\"height:57px\" aria-hidden=\"true\" class=\"wp-block-spacer\"><\/div>\n\n\n\n<p class=\"has-medium-font-size\">F\u00e9licitations \u00e0 <strong>Du vent dans mes valises (Camille Doutriaux &#8211; Poulet)<\/strong> grande gagnante du <strong>prix D\u00e9veloppement Durable<\/strong> organis\u00e9 par la Banque Populaire du Nord. Elle re\u00e7oit une dotation de 1 500 \u20ac de la Banque Populaire, un accompagnement gratuit pour l&rsquo;\u00e9laboration d&rsquo;un diagnostic environnemental par un expert de la CMA Hauts-de-France, ainsi qu&rsquo;un article dans le magazine Coup de Main de la CMA Hauts-de-France.<\/p>\n\n\n<div class=\"wp-block-image\">\n<figure class=\"aligncenter size-large is-resized\"><img loading=\"lazy\" decoding=\"async\" width=\"1024\" height=\"683\" src=\"https:\/\/www.cma-hautsdefrance.fr\/blog\/wp-content\/uploads\/2024\/11\/IMG-9067-1024x683.jpg\" alt=\"\" class=\"wp-image-9695\" style=\"width:616px;height:auto\"\/><\/figure>\n<\/div>\n\n\n<div style=\"height:57px\" aria-hidden=\"true\" class=\"wp-block-spacer\"><\/div>\n\n\n\n<p style=\"font-size:20px\">Cr\u00e9dit photos Sophie Stalnikiewicz pour la CMA HDF\/SIMA<\/p>\n\n\n\n<p><\/p>\n","protected":false},"excerpt":{"rendered":"<p><span class=\"rt-reading-time\" style=\"display: block;\"><span class=\"rt-label rt-prefix\">Temps de lecture\u00a0: <\/span> <span class=\"rt-time\">2<\/span> <span class=\"rt-label rt-postfix\">minutes<\/span><\/span> Le Salon International des M\u00e9tiers d\u2019Art (SIMA) 2024 organis\u00e9 par la CMA HDF &#8211; qui s\u2019est d\u00e9roul\u00e9 du 15 au 17 novembre dernier au stade Bollaert-Delelis \u00e0 Lens &#8211; a r\u00e9v\u00e9l\u00e9 une fois encore le talent et le savoir-faire des [&hellip;]<\/p>\n","protected":false},"author":20,"featured_media":9695,"comment_status":"closed","ping_status":"open","sticky":false,"template":"","format":"standard","meta":{"footnotes":""},"categories":[32,6],"tags":[73,168,159,63,74],"class_list":["post-9690","post","type-post","status-publish","format-standard","has-post-thumbnail","hentry","category-actu-pas-de-calais","category-actualites","tag-artisanat","tag-artisanat-dart","tag-chambre-de-metiers-et-de-lartisanat","tag-hauts-de-france","tag-sima"],"_links":{"self":[{"href":"https:\/\/www.cma-hautsdefrance.fr\/blog\/wp-json\/wp\/v2\/posts\/9690","targetHints":{"allow":["GET"]}}],"collection":[{"href":"https:\/\/www.cma-hautsdefrance.fr\/blog\/wp-json\/wp\/v2\/posts"}],"about":[{"href":"https:\/\/www.cma-hautsdefrance.fr\/blog\/wp-json\/wp\/v2\/types\/post"}],"author":[{"embeddable":true,"href":"https:\/\/www.cma-hautsdefrance.fr\/blog\/wp-json\/wp\/v2\/users\/20"}],"replies":[{"embeddable":true,"href":"https:\/\/www.cma-hautsdefrance.fr\/blog\/wp-json\/wp\/v2\/comments?post=9690"}],"version-history":[{"count":6,"href":"https:\/\/www.cma-hautsdefrance.fr\/blog\/wp-json\/wp\/v2\/posts\/9690\/revisions"}],"predecessor-version":[{"id":9701,"href":"https:\/\/www.cma-hautsdefrance.fr\/blog\/wp-json\/wp\/v2\/posts\/9690\/revisions\/9701"}],"wp:featuredmedia":[{"embeddable":true,"href":"https:\/\/www.cma-hautsdefrance.fr\/blog\/wp-json\/wp\/v2\/media\/9695"}],"wp:attachment":[{"href":"https:\/\/www.cma-hautsdefrance.fr\/blog\/wp-json\/wp\/v2\/media?parent=9690"}],"wp:term":[{"taxonomy":"category","embeddable":true,"href":"https:\/\/www.cma-hautsdefrance.fr\/blog\/wp-json\/wp\/v2\/categories?post=9690"},{"taxonomy":"post_tag","embeddable":true,"href":"https:\/\/www.cma-hautsdefrance.fr\/blog\/wp-json\/wp\/v2\/tags?post=9690"}],"curies":[{"name":"wp","href":"https:\/\/api.w.org\/{rel}","templated":true}]}}