{"id":9724,"date":"2024-12-13T09:00:00","date_gmt":"2024-12-13T08:00:00","guid":{"rendered":"https:\/\/www.cma-hautsdefrance.fr\/blog\/?p=9724"},"modified":"2025-01-08T09:45:47","modified_gmt":"2025-01-08T08:45:47","slug":"maroilles-lesire-roger-trois-medailles-dor-pour-eblouir-vos-tables-de-fetes","status":"publish","type":"post","link":"https:\/\/www.cma-hautsdefrance.fr\/blog\/actualites\/actu-aisne\/maroilles-lesire-roger-trois-medailles-dor-pour-eblouir-vos-tables-de-fetes\/","title":{"rendered":"Maroilles Lesire &amp; Roger\u00a0: trois m\u00e9dailles d\u2019or pour \u00e9blouir vos tables de f\u00eates"},"content":{"rendered":"<span class=\"rt-reading-time\" style=\"display: block;\"><span class=\"rt-label rt-prefix\">Temps de lecture\u00a0: <\/span> <span class=\"rt-time\">2<\/span> <span class=\"rt-label rt-postfix\">minutes<\/span><\/span>\n<p class=\"has-medium-font-size\"><strong>La fromagerie Lesire &amp; Roger, situ\u00e9e \u00e0 Mondrepuis dans l\u2019Aisne, vient d\u2019\u00eatre r\u00e9compens\u00e9e une nouvelle fois au concours international des fromages de Lyon en obtenant trois m\u00e9dailles d\u2019or, pour un maroilles, un sorbais et un rollot. Une nouvelle belle satisfaction pour Alexandre Roger, puisque leur maroilles, seul fromage AOP des Hauts-de-France, avait \u00e9t\u00e9 sacr\u00e9 \u00ab\u00a0meilleur fromage au monde\u00a0\u00bb en 2023 \u00e0 Lyon*.<\/strong><\/p>\n\n\n<div class=\"wp-block-image\">\n<figure class=\"aligncenter size-large is-resized\"><img loading=\"lazy\" decoding=\"async\" width=\"1024\" height=\"768\" src=\"https:\/\/www.cma-hautsdefrance.fr\/blog\/wp-content\/uploads\/2024\/12\/20240319_104921-1-1024x768.jpg\" alt=\"\" class=\"wp-image-9745\" style=\"width:573px;height:auto\"\/><\/figure>\n<\/div>\n\n\n<p style=\"font-size:14px\">&#8211; <strong>Apr\u00e8s que votre maroilles ait \u00e9t\u00e9 reconnu comme \u00ab\u00a0meilleur fromage au monde\u00a0\u00bb en 2023 (la distinction court jusqu&rsquo;\u00e0 la fin 2024), vous venez d&rsquo;\u00eatre encore une fois r\u00e9compens\u00e9 d\u00e9but d\u00e9cembre lors du concours international des fromages de Lyon, (avec pr\u00e8s de 1200 fromages du monde entier). Que ressentez-vous &nbsp;?<\/strong><\/p>\n\n\n\n<p style=\"font-size:14px\">&#8211;<strong>Alexandre Roger&nbsp;: <\/strong>Une tr\u00e8s grande satisfaction bien s\u00fbr puisque sur les cinq produits pr\u00e9sent\u00e9s par notre fromagerie, -quatre maroilles et un rollot-, trois fromages : un maroilles, un sorbais (vari\u00e9t\u00e9 de maroilles) et un rollot, ont obtenu chacun une m\u00e9daille d\u2019or.<\/p>\n\n\n<div class=\"wp-block-image\">\n<figure class=\"alignright size-large is-resized\"><img loading=\"lazy\" decoding=\"async\" width=\"768\" height=\"1024\" src=\"https:\/\/www.cma-hautsdefrance.fr\/blog\/wp-content\/uploads\/2024\/12\/20240319_122553-768x1024.jpg\" alt=\"\" class=\"wp-image-9732\" style=\"width:350px;height:auto\"\/><\/figure>\n<\/div>\n\n\n<p style=\"font-size:14px\">&#8211;<strong>Quelle est la sp\u00e9cificit\u00e9 de votre maroilles qui, selon vous, lui permet r\u00e9guli\u00e8rement d\u2019\u00eatre prim\u00e9 ?<\/strong><\/p>\n\n\n\n<p style=\"font-size:14px\">&#8211;<strong>AR&nbsp;: <\/strong>Je pense que cela tient \u00e0 un terroir exceptionnel dans l\u2019Aisne, qui favorise la seule AOP de la r\u00e9gion mais aussi \u00e0 un savoir-faire familial et donc une belle ma\u00eetrise de l\u2019affinage de fromages de lait de vache \u00e0 cro\u00fbtes lav\u00e9es. C\u2019est le travail permanent d\u2019une \u00e9quipe, mais rien n\u2019est jamais acquis.<\/p>\n\n\n\n<p style=\"font-size:14px\">&#8211;<strong>Quels sont vos projets pour valoriser ce succ\u00e8s et continuer \u00e0 innover dans la fabrication du maroilles ?<\/strong><\/p>\n\n\n\n<p style=\"font-size:14px\">&#8211;<strong>AR&nbsp;: <\/strong>Le fait que notre maroilles ait \u00e9t\u00e9 reconnu \u00ab&nbsp;meilleur fromage au monde&nbsp;\u00bb en 2023\/2024, nous incite \u00e0 continuer \u00e0 travailler de mani\u00e8re toujours qualitative et en recherche constante d\u2019innovation. Nos m\u00e9dailles d\u2019or nous prouvent aussi que nous fabriquons des produits d\u2019excellence et c\u2019est tr\u00e8s gratifiant.<\/p>\n\n\n\n<p style=\"font-size:14px\">&#8211;<strong>L\u2019activit\u00e9 \u00e0 la fromagerie est-elle encore plus soutenue \u00e0 l\u2019approche des f\u00eates&nbsp;?<\/strong><\/p>\n\n\n\n<p style=\"font-size:14px\">&#8211;<strong>AR&nbsp;:<\/strong> Oui, nous avons un pic de production notamment en novembre, nous prenons de l\u2019avance en raison des d\u00e9lais d\u2019affinage puis cela se fractionne entre la poursuite de l\u2019affinage et l\u2019emballage des fromages. Ensuite vient la p\u00e9riode de pr\u00e9paration des livraisons.<\/p>\n\n\n\n<p style=\"font-size:14px\">&#8211;<strong>Estimez-vous qu&rsquo;il n&rsquo;y a pas de r\u00e9veillon sans fromages, notamment du maroilles, sur la table des f\u00eates&nbsp;?<\/strong><\/p>\n\n\n<div class=\"wp-block-image\">\n<figure class=\"alignleft size-large is-resized\"><img loading=\"lazy\" decoding=\"async\" width=\"1024\" height=\"628\" src=\"https:\/\/www.cma-hautsdefrance.fr\/blog\/wp-content\/uploads\/2024\/12\/DSC0971-1-1024x628.jpg\" alt=\"\" class=\"wp-image-9748\" style=\"width:540px;height:auto\"\/><\/figure>\n<\/div>\n\n\n<p style=\"font-size:14px\">&#8211;<strong>AR&nbsp;: <\/strong>(sourire) Le fromage reste un produit de convivialit\u00e9, qui est toujours appr\u00e9ci\u00e9 lors des repas de f\u00eates mais pas seulement et s\u2019il y a du maroilles, nous nous en r\u00e9jouissons.<\/p>\n\n\n\n<div style=\"height:45px\" aria-hidden=\"true\" class=\"wp-block-spacer\"><\/div>\n\n\n\n<p style=\"font-size:14px\"><strong>Cr\u00e9dit photos DR Lesire &amp; Roger &#8211; CMA HDF<\/strong><br><\/p>\n\n\n\n<p style=\"font-size:14px\"><\/p>\n\n\n\n<div style=\"height:37px\" aria-hidden=\"true\" class=\"wp-block-spacer\"><\/div>\n\n\n\n<p style=\"font-size:14px\"><strong>*C\u2019est un fromage du Calvados, le Petit Saint-Faron, qui obtient ce titre pour 2025<\/strong>.<br><strong>Nous avions consacr\u00e9 un article \u00e0 la fromagerie Lesire et Roger en mars dernier, voir ici&nbsp; <a href=\"https:\/\/www.cma-hautsdefrance.fr\/blog\/histoires-artisans\/chaque-fromage-est-un-defi\/\">\u00ab\u00a0Chaque fromage est un d\u00e9fi\u00a0\u00bb &#8211; COUP DE MAIN<\/a><\/strong><br><\/p>\n\n\n\n<p><\/p>\n","protected":false},"excerpt":{"rendered":"<p><span class=\"rt-reading-time\" style=\"display: block;\"><span class=\"rt-label rt-prefix\">Temps de lecture\u00a0: <\/span> <span class=\"rt-time\">2<\/span> <span class=\"rt-label rt-postfix\">minutes<\/span><\/span> La fromagerie Lesire &amp; Roger, situ\u00e9e \u00e0 Mondrepuis dans l\u2019Aisne, vient d\u2019\u00eatre r\u00e9compens\u00e9e une nouvelle fois au concours international des fromages de Lyon en obtenant trois m\u00e9dailles d\u2019or, pour un maroilles, un sorbais et un rollot. Une nouvelle belle satisfaction [&hellip;]<\/p>\n","protected":false},"author":20,"featured_media":9730,"comment_status":"closed","ping_status":"open","sticky":false,"template":"","format":"standard","meta":{"footnotes":""},"categories":[30],"tags":[58,73,175,63,176,94,177],"class_list":["post-9724","post","type-post","status-publish","format-standard","has-post-thumbnail","hentry","category-actu-aisne","tag-aisne","tag-artisanat","tag-fromage","tag-hauts-de-france","tag-lesireroger","tag-maroilles","tag-medaille-dor"],"_links":{"self":[{"href":"https:\/\/www.cma-hautsdefrance.fr\/blog\/wp-json\/wp\/v2\/posts\/9724","targetHints":{"allow":["GET"]}}],"collection":[{"href":"https:\/\/www.cma-hautsdefrance.fr\/blog\/wp-json\/wp\/v2\/posts"}],"about":[{"href":"https:\/\/www.cma-hautsdefrance.fr\/blog\/wp-json\/wp\/v2\/types\/post"}],"author":[{"embeddable":true,"href":"https:\/\/www.cma-hautsdefrance.fr\/blog\/wp-json\/wp\/v2\/users\/20"}],"replies":[{"embeddable":true,"href":"https:\/\/www.cma-hautsdefrance.fr\/blog\/wp-json\/wp\/v2\/comments?post=9724"}],"version-history":[{"count":20,"href":"https:\/\/www.cma-hautsdefrance.fr\/blog\/wp-json\/wp\/v2\/posts\/9724\/revisions"}],"predecessor-version":[{"id":9752,"href":"https:\/\/www.cma-hautsdefrance.fr\/blog\/wp-json\/wp\/v2\/posts\/9724\/revisions\/9752"}],"wp:featuredmedia":[{"embeddable":true,"href":"https:\/\/www.cma-hautsdefrance.fr\/blog\/wp-json\/wp\/v2\/media\/9730"}],"wp:attachment":[{"href":"https:\/\/www.cma-hautsdefrance.fr\/blog\/wp-json\/wp\/v2\/media?parent=9724"}],"wp:term":[{"taxonomy":"category","embeddable":true,"href":"https:\/\/www.cma-hautsdefrance.fr\/blog\/wp-json\/wp\/v2\/categories?post=9724"},{"taxonomy":"post_tag","embeddable":true,"href":"https:\/\/www.cma-hautsdefrance.fr\/blog\/wp-json\/wp\/v2\/tags?post=9724"}],"curies":[{"name":"wp","href":"https:\/\/api.w.org\/{rel}","templated":true}]}}