{"id":9755,"date":"2025-01-08T09:29:47","date_gmt":"2025-01-08T08:29:47","guid":{"rendered":"https:\/\/www.cma-hautsdefrance.fr\/blog\/?p=9755"},"modified":"2025-01-08T11:22:43","modified_gmt":"2025-01-08T10:22:43","slug":"exceller-et-sintegrer-dans-un-monde-en-constante-mutation","status":"publish","type":"post","link":"https:\/\/www.cma-hautsdefrance.fr\/blog\/le-magazine-de-la-formation-2025\/exceller-et-sintegrer-dans-un-monde-en-constante-mutation\/","title":{"rendered":"\u00ab\u202fExceller et s\u2019int\u00e9grer dans un monde en constante mutation\u202f\u00bb\u00a0"},"content":{"rendered":"<span class=\"rt-reading-time\" style=\"display: block;\"><span class=\"rt-label rt-prefix\">Temps de lecture\u00a0: <\/span> <span class=\"rt-time\">3<\/span> <span class=\"rt-label rt-postfix\">minutes<\/span><\/span>\n<p class=\"has-medium-font-size\"><strong>Patrice Chelmy, est vice-pr\u00e9sident de la CMA Hauts-de-France en charge de la formation professionnelle depuis juin 2024. Originaire d\u2019Amiens, tr\u00e8s impliqu\u00e9 dans la formation et l\u2019insertion \u00e0 travers plusieurs associations, ce restaurateur de m\u00e9tier a su conjuguer engagement, passion et savoir-faire, des qualit\u00e9s reconnues \u00e0 travers la certification Artisan en or d\u00e9cern\u00e9e \u00e0 son \u00e9tablissement Le Pr\u00e9 Porus en 2022. Fort de son exp\u00e9rience, Patrice Chelmy \u0153uvre d\u00e9sormais pour accompagner la formation professionnelle et l\u2019apprentissage au sein de la CMA HDF. Il revient sur son parcours et nous livre les axes sur lesquels il souhaite concentrer ses efforts.<\/strong>&nbsp;<\/p>\n\n\n\n<p style=\"font-size:14px\"><strong>Votre carri\u00e8re est marqu\u00e9e par un parcours riche et diversifi\u00e9, entre la restauration et votre r\u00f4le actuel de vice-pr\u00e9sident. Qu\u2019est-ce qui vous a conduit jusqu\u2019ici, et qu\u2019est-ce qui a motiv\u00e9 votre engagement dans le domaine de la formation ?<\/strong>\u00a0<br><strong>Patrice Chelmy\u202f:<\/strong> Je suis un ancien formateur en cuisine restauration, je suis intervenu pendant dix ans dans le cadre de l\u2019insertion au sein de l\u2019association Amiens Avenir Jeunes. J\u2019ai ensuite \u00e9t\u00e9 artisan traiteur pendant une quinzaine d\u2019ann\u00e9es puis j\u2019ai repris un restaurant, devenu Le pr\u00e9 Porus qui a obtenu la certification Artisan en Or en 2022. Parall\u00e8lement, je suis aussi pr\u00e9sident d\u2019une association sur le territoire de l\u2019Ami\u00e9nois, Synapse 3i qui s\u2019occupe d\u2019ateliers et chantiers d&rsquo;insertion (ACI). Aujourd\u2019hui, la formation est l\u2019activit\u00e9 dominante \u00e0 la CMA HDF, nous devons donc \u00eatre hyper r\u00e9actifs. Nous constatons aussi que nous sommes de plus en plus en contact avec des jeunes en grandes difficult\u00e9s. Il y a une mutation du public et une accentuation du ph\u00e9nom\u00e8ne.\u00a0 A travers l\u2019accompagnement CMA Chance, Nouvelles Chances, la formation Fran\u00e7ais langue \u00e9trang\u00e8re, mais aussi le dispositif Emplois solidaires de l\u2019artisanat, (un parcours cibl\u00e9 et structur\u00e9 visant \u00e0 ins\u00e9rer durablement), nous proposons des parcours adapt\u00e9s pour consolider le projet professionnel de ces jeunes, s\u00e9curiser leur entr\u00e9e en formation, afin de favoriser leur insertion, de fa\u00e7on durable.\u00a0 Nous devons poursuivre dans cette voie donc proposer les formations les mieux adapt\u00e9es \u00e0 ces changements soci\u00e9taux.<\/p>\n\n\n<div class=\"wp-block-image\">\n<figure class=\"alignleft size-large is-resized\"><img loading=\"lazy\" decoding=\"async\" width=\"1024\" height=\"768\" src=\"https:\/\/www.cma-hautsdefrance.fr\/blog\/wp-content\/uploads\/2024\/12\/20241021_Viste-Rouvignies-1024x768.jpg\" alt=\"\" class=\"wp-image-9761\" style=\"width:548px;height:auto\"\/><\/figure>\n<\/div>\n\n\n<p style=\"font-size:14px\"><strong>En tant qu\u2019artisan, restaurateur et d\u00e9sormais en charge de la formation, quelle est, selon vous, l&rsquo;importance de la formation pour les apprentis et les jeunes en d\u00e9but de carri\u00e8re ? Comment peut-on leur donner les meilleures chances de succ\u00e8s dans un march\u00e9 en constante \u00e9volution ?\u00a0<\/strong>\u00a0<br><strong>PC\u202f:<\/strong> Nous disposons \u00e0 ce titre des \u00e9quipes p\u00e9dagogiques qualifi\u00e9es et des \u00e9quipements de pointe qui r\u00e9pondent aux besoins et permettent de bien pr\u00e9parer les publics en formation. La CMA s\u2019adapte totalement pour satisfaire les artisans.\u00a0\u00a0<\/p>\n\n\n\n<p style=\"font-size:14px\">Depuis cinq ans, nous avons mis en place l&rsquo;AFEST (Action de Formation en Situation de Travail encadr\u00e9e par la Loi Avenir Pro), un dispositif novateur qui permet de se former directement sur son lieu de travail, en immersion totale. Cette m\u00e9thode offre une acquisition de comp\u00e9tences rapide et concr\u00e8te.&nbsp;L&rsquo;AFEST et le tutorat sont des r\u00e9ponses adapt\u00e9es, permettant aux apprenants de s&rsquo;approprier les savoir-faire tout en restant connect\u00e9s \u00e0 la r\u00e9alit\u00e9 du terrain. En red\u00e9finissant la formation de cette mani\u00e8re, nous offrons\u202fune v\u00e9ritable chance de s&rsquo;int\u00e9grer et d&rsquo;exceller dans un secteur en constante mutation.&nbsp;<\/p>\n\n\n\n<p style=\"font-size:14px\"><strong>Vous \u00eates particuli\u00e8rement impliqu\u00e9 dans la formation continue et la mont\u00e9e en comp\u00e9tences. Sur quels axes souhaitez-vous concentrer vos efforts, que ce soit pour les professionnels en reconversion ou pour ceux qui cherchent \u00e0 \u00e9voluer dans leur m\u00e9tier ?<\/strong>\u00a0<br><strong>PC\u202f:<\/strong> Ces deux axes sont pour moi tr\u00e8s importants.\u00a0Un actif sur cinq, en emploi ou demandeur d\u2019emploi, est actuellement en train de pr\u00e9parer une reconversion professionnelle. Les motifs de reconversion sont multiples, mais les plus cit\u00e9s demeurent \u00ab\u202fSe rapprocher de ses valeurs, vivre davantage ses passions\u202f\u00bb et am\u00e9liorer son employabilit\u00e9.\u00a0\u00a0<br>Nous mettons tout en \u0153uvre pour \u00e9clairer des voies, ouvrir le champ des possibles, cr\u00e9er des vocations (apprentis, reconversion professionnelle, retour \u00e0 l\u2019emploi \u2026) et faire grandir les artisans.\u00a0Notre \u00e9tablissement est la maison des artisans, c\u2019est un message que nous souhaitons vraiment faire passer, encore et encore. Pour encore mieux nous faire conna\u00eetre, je pense qu\u2019il serait int\u00e9ressant de concentrer encore plus nos efforts sur nos manifestations, y faire intervenir aussi nos professionnels, nos artisans ambassadeurs, nos laur\u00e9ats de concours, pour montrer ainsi la diversit\u00e9 de nos publics. Nous avons 3740 nouveaux dipl\u00f4m\u00e9s en 2024 (apprentissage et formation continue). Si nous cultivions encore plus ce r\u00e9seau, ce serait formidable\u202f!\u00a0<\/p>\n\n\n\n<p style=\"font-size:14px\">Photos DR CMA HDF&nbsp;<\/p>\n","protected":false},"excerpt":{"rendered":"<p><span class=\"rt-reading-time\" style=\"display: block;\"><span class=\"rt-label rt-prefix\">Temps de lecture\u00a0: <\/span> <span class=\"rt-time\">3<\/span> <span class=\"rt-label rt-postfix\">minutes<\/span><\/span> Patrice Chelmy, est vice-pr\u00e9sident de la CMA Hauts-de-France en charge de la formation professionnelle depuis juin 2024. Originaire d\u2019Amiens, tr\u00e8s impliqu\u00e9 dans la formation et l\u2019insertion \u00e0 travers plusieurs associations, ce restaurateur de m\u00e9tier a su conjuguer engagement, passion et [&hellip;]<\/p>\n","protected":false},"author":20,"featured_media":9760,"comment_status":"closed","ping_status":"open","sticky":false,"template":"","format":"standard","meta":{"footnotes":""},"categories":[178],"tags":[209,119,73,210,158,213,68,214,212,208,63,91,211],"class_list":["post-9755","post","type-post","status-publish","format-standard","has-post-thumbnail","hentry","category-le-magazine-de-la-formation-2025","tag-afest","tag-apprentissage","tag-artisanat","tag-cma-chance","tag-cma-hdf","tag-emplois-solidaires-de-lartisanat","tag-formation","tag-formation-continue","tag-formation-francais-langue-etrangere","tag-formation-professionnelle","tag-hauts-de-france","tag-interview","tag-nouvelles-chances"],"_links":{"self":[{"href":"https:\/\/www.cma-hautsdefrance.fr\/blog\/wp-json\/wp\/v2\/posts\/9755","targetHints":{"allow":["GET"]}}],"collection":[{"href":"https:\/\/www.cma-hautsdefrance.fr\/blog\/wp-json\/wp\/v2\/posts"}],"about":[{"href":"https:\/\/www.cma-hautsdefrance.fr\/blog\/wp-json\/wp\/v2\/types\/post"}],"author":[{"embeddable":true,"href":"https:\/\/www.cma-hautsdefrance.fr\/blog\/wp-json\/wp\/v2\/users\/20"}],"replies":[{"embeddable":true,"href":"https:\/\/www.cma-hautsdefrance.fr\/blog\/wp-json\/wp\/v2\/comments?post=9755"}],"version-history":[{"count":4,"href":"https:\/\/www.cma-hautsdefrance.fr\/blog\/wp-json\/wp\/v2\/posts\/9755\/revisions"}],"predecessor-version":[{"id":9925,"href":"https:\/\/www.cma-hautsdefrance.fr\/blog\/wp-json\/wp\/v2\/posts\/9755\/revisions\/9925"}],"wp:featuredmedia":[{"embeddable":true,"href":"https:\/\/www.cma-hautsdefrance.fr\/blog\/wp-json\/wp\/v2\/media\/9760"}],"wp:attachment":[{"href":"https:\/\/www.cma-hautsdefrance.fr\/blog\/wp-json\/wp\/v2\/media?parent=9755"}],"wp:term":[{"taxonomy":"category","embeddable":true,"href":"https:\/\/www.cma-hautsdefrance.fr\/blog\/wp-json\/wp\/v2\/categories?post=9755"},{"taxonomy":"post_tag","embeddable":true,"href":"https:\/\/www.cma-hautsdefrance.fr\/blog\/wp-json\/wp\/v2\/tags?post=9755"}],"curies":[{"name":"wp","href":"https:\/\/api.w.org\/{rel}","templated":true}]}}