{"id":9876,"date":"2025-01-08T09:32:52","date_gmt":"2025-01-08T08:32:52","guid":{"rendered":"https:\/\/www.cma-hautsdefrance.fr\/blog\/?p=9876"},"modified":"2025-01-08T11:25:42","modified_gmt":"2025-01-08T10:25:42","slug":"julie-jeuland-marechale-ferrante-cest-un-metier-manuel-ou-la-relation-a-lanimal-est-primordiale","status":"publish","type":"post","link":"https:\/\/www.cma-hautsdefrance.fr\/blog\/a-la-une\/julie-jeuland-marechale-ferrante-cest-un-metier-manuel-ou-la-relation-a-lanimal-est-primordiale\/","title":{"rendered":"Julie Jeuland, mar\u00e9chale-ferrante : \u00ab\u00a0C\u2019est un m\u00e9tier manuel o\u00f9 la relation \u00e0 l\u2019animal est primordiale\u00a0\u00bb"},"content":{"rendered":"<span class=\"rt-reading-time\" style=\"display: block;\"><span class=\"rt-label rt-prefix\">Temps de lecture\u00a0: <\/span> <span class=\"rt-time\">2<\/span> <span class=\"rt-label rt-postfix\">minutes<\/span><\/span>\n<p class=\"has-medium-font-size\"><strong>Le mar\u00e9chal-ferrant associe savoir-faire artisanal, connaissances en anatomie \u00e9quine et passion pour le cheval. Longtemps per\u00e7u comme une profession r\u00e9serv\u00e9e aux hommes par sa dimension physique et technique, le m\u00e9tier de mar\u00e9chal-ferrant s\u2019est ouvert aux femmes. Avec succ\u00e8s. Julie Jeuland, mar\u00e9chale-ferrante depuis 15 ans et enseignante \u00e0 la CMA Formation et Entreprises Beauvais, met en lumi\u00e8re la formation qui permet \u00e0 ces artisan(e)s alliant le fer et le feu, de s\u2019affirmer dans un m\u00e9tier en pleine \u00e9volution.<\/strong><\/p>\n\n\n\n<p style=\"font-size:14px\"><strong>&#8211; Pouvez-vous d\u00e9crire votre m\u00e9tier de mar\u00e9chale-ferrante ? \u00catre une femme dans un milieu longtemps masculin a-t-il \u00e9t\u00e9 compliqu\u00e9&nbsp;?<\/strong><br><strong>-Julie Jeuland&nbsp;:<\/strong> Ce m\u00e9tier a plusieurs aspects, il consiste \u00e0 effectuer le parage sur le cheval (\u00f4ter l\u2019exc\u00e8dent de corne sur les sabots) et le ferrer. Nous lui faisons une manucure XXL (rires). Le mar\u00e9chal-ferrant est \u00e9galement l\u2019orthop\u00e9diste du cheval, il faut conna\u00eetre l\u2019anatomie, la bio m\u00e9canique pour d\u00e9celer des pathologies. Le fait d\u2019\u00eatre une femme n\u2019a pas toujours \u00e9t\u00e9 un atout au d\u00e9but, mais aujourd\u2019hui le regard a bien chang\u00e9, on arrive d\u2019ailleurs \u00e0 des classes avec plus de filles que de gar\u00e7ons. Il n\u2019y a d\u00e9finitivement plus rien \u00e0 prouver&nbsp;!<\/p>\n\n\n<div class=\"wp-block-image\">\n<figure class=\"alignleft size-large is-resized\"><img loading=\"lazy\" decoding=\"async\" width=\"682\" height=\"1024\" src=\"https:\/\/www.cma-hautsdefrance.fr\/blog\/wp-content\/uploads\/2025\/01\/1000040714-682x1024.jpg\" alt=\"\" class=\"wp-image-9880\" style=\"width:405px;height:auto\"\/><\/figure>\n<\/div>\n\n\n<p style=\"font-size:14px\">&#8211; <strong>Quelle a \u00e9t\u00e9 votre formation ?<\/strong><br><strong>-JJ&nbsp;: <\/strong>Je suis mar\u00e9chale-ferrante depuis 15 ans. J\u2019ai d\u2019abord fait un CAP pour adulte en 9 mois puis un BTM en 2 ans \u00e0 CMA Formation et Entreprises Beauvais. On apprend l\u2019hippologie, l\u2019\u00e9tude du cheval dans sa globalit\u00e9 mais aussi \u00e0 pratiquer sur la forge. C\u2019est un m\u00e9tier qui demande de l\u2019endurance car il y a des postures \u00e0 tenir. Tous les chevaux ne sont pas conciliants, ce sont des animaux sensibles, il faut \u00eatre zen.<\/p>\n\n\n\n<p style=\"font-size:14px\"><strong>&#8211; Depuis quand enseignez-vous&nbsp;?<\/strong><br><strong>-JJ&nbsp;: <\/strong>J\u2019enseigne depuis huit ans \u00e0 CMA Formation et Entreprises Beauvais. J\u2019y pensais depuis un moment et puis un jour il y a eu une opportunit\u00e9. C\u2019est un m\u00e9tier tr\u00e8s gratifiant. Il y a trois classes de CAP, deux classes de BTM, cela repr\u00e9sente une cinquantaine d\u2019\u00e9l\u00e8ves. La mar\u00e9chalerie est une fili\u00e8re o\u00f9 on n\u2019est pas l\u00e0 par hasard. Les jeunes sont courageux et motiv\u00e9s.<\/p>\n\n\n\n<p style=\"font-size:14px\"><strong>&#8211; Le m\u00e9tier a-t-il beaucoup chang\u00e9 ces derni\u00e8res ann\u00e9es ?<\/strong><br><strong>-JJ&nbsp;<\/strong>: Le m\u00e9tier a beaucoup chang\u00e9, notamment parce que la m\u00e9decine v\u00e9t\u00e9rinaire a beaucoup \u00e9volu\u00e9 mais aussi les mat\u00e9riaux (composite, silicone).<\/p>\n\n\n\n<p style=\"font-size:14px\">&#8211;<strong>Quelles sont les perspectives d\u2019emploi pour les jeunes qui se lancent dans cette carri\u00e8re ?<\/strong><br><strong>-JJ&nbsp;: <\/strong>Il y a une tr\u00e8s demande de mar\u00e9chaux-ferrants sur le march\u00e9, l\u2019\u00e9quitation est en vogue. Il ne faut pas avoir peur de se lancer. Il faut aussi avoir la passion du cheval, du m\u00e9tier manuel. Ne pas craindre de travailler en ext\u00e9rieur en toute saison \u2026 la relation \u00e0 l\u2019animal est primordiale. Pour moi c\u2019est le plus beau des m\u00e9tiers&nbsp;!<\/p>\n\n\n\n<p style=\"font-size:14px\">Cr\u00e9dit photos : CMA HDF<\/p>\n","protected":false},"excerpt":{"rendered":"<p><span class=\"rt-reading-time\" style=\"display: block;\"><span class=\"rt-label rt-prefix\">Temps de lecture\u00a0: <\/span> <span class=\"rt-time\">2<\/span> <span class=\"rt-label rt-postfix\">minutes<\/span><\/span> Le mar\u00e9chal-ferrant associe savoir-faire artisanal, connaissances en anatomie \u00e9quine et passion pour le cheval. Longtemps per\u00e7u comme une profession r\u00e9serv\u00e9e aux hommes par sa dimension physique et technique, le m\u00e9tier de mar\u00e9chal-ferrant s\u2019est ouvert aux femmes. Avec succ\u00e8s. Julie Jeuland, [&hellip;]<\/p>\n","protected":false},"author":20,"featured_media":9882,"comment_status":"closed","ping_status":"open","sticky":false,"template":"","format":"standard","meta":{"footnotes":""},"categories":[111,178],"tags":[73,100,188,63,91,187],"class_list":["post-9876","post","type-post","status-publish","format-standard","has-post-thumbnail","hentry","category-a-la-une","category-le-magazine-de-la-formation-2025","tag-artisanat","tag-artisane","tag-beauvais","tag-hauts-de-france","tag-interview","tag-marechal-ferrant"],"_links":{"self":[{"href":"https:\/\/www.cma-hautsdefrance.fr\/blog\/wp-json\/wp\/v2\/posts\/9876","targetHints":{"allow":["GET"]}}],"collection":[{"href":"https:\/\/www.cma-hautsdefrance.fr\/blog\/wp-json\/wp\/v2\/posts"}],"about":[{"href":"https:\/\/www.cma-hautsdefrance.fr\/blog\/wp-json\/wp\/v2\/types\/post"}],"author":[{"embeddable":true,"href":"https:\/\/www.cma-hautsdefrance.fr\/blog\/wp-json\/wp\/v2\/users\/20"}],"replies":[{"embeddable":true,"href":"https:\/\/www.cma-hautsdefrance.fr\/blog\/wp-json\/wp\/v2\/comments?post=9876"}],"version-history":[{"count":4,"href":"https:\/\/www.cma-hautsdefrance.fr\/blog\/wp-json\/wp\/v2\/posts\/9876\/revisions"}],"predecessor-version":[{"id":9886,"href":"https:\/\/www.cma-hautsdefrance.fr\/blog\/wp-json\/wp\/v2\/posts\/9876\/revisions\/9886"}],"wp:featuredmedia":[{"embeddable":true,"href":"https:\/\/www.cma-hautsdefrance.fr\/blog\/wp-json\/wp\/v2\/media\/9882"}],"wp:attachment":[{"href":"https:\/\/www.cma-hautsdefrance.fr\/blog\/wp-json\/wp\/v2\/media?parent=9876"}],"wp:term":[{"taxonomy":"category","embeddable":true,"href":"https:\/\/www.cma-hautsdefrance.fr\/blog\/wp-json\/wp\/v2\/categories?post=9876"},{"taxonomy":"post_tag","embeddable":true,"href":"https:\/\/www.cma-hautsdefrance.fr\/blog\/wp-json\/wp\/v2\/tags?post=9876"}],"curies":[{"name":"wp","href":"https:\/\/api.w.org\/{rel}","templated":true}]}}