{"id":9979,"date":"2025-02-07T09:00:00","date_gmt":"2025-02-07T08:00:00","guid":{"rendered":"https:\/\/www.cma-hautsdefrance.fr\/blog\/?p=9979"},"modified":"2025-05-20T16:51:59","modified_gmt":"2025-05-20T14:51:59","slug":"selections-regionales-des-worldskills-2025-arras-marc-fosse-la-vocation-de-transmettre","status":"publish","type":"post","link":"https:\/\/www.cma-hautsdefrance.fr\/blog\/actualites\/selections-regionales-des-worldskills-2025-arras-marc-fosse-la-vocation-de-transmettre\/","title":{"rendered":"S\u00e9lections r\u00e9gionales des Worldskills 2025 Arras Marc Fosse\u00a0: la vocation de transmettre"},"content":{"rendered":"<span class=\"rt-reading-time\" style=\"display: block;\"><span class=\"rt-label rt-prefix\">Temps de lecture\u00a0: <\/span> <span class=\"rt-time\">3<\/span> <span class=\"rt-label rt-postfix\">minutes<\/span><\/span>\n<p class=\"has-medium-font-size\"><strong>Depuis plus d\u2019une vingtaine d\u2019ann\u00e9es \u00e0 la CMA Hauts-de-France, Marc Fosse a occup\u00e9 divers postes dans la fili\u00e8re automobile propos\u00e9e par l\u2019\u00e9tablissement avant de devenir Responsable d\u2019unit\u00e9 p\u00e9dagogique (RUP) \u00e0 la Direction Formation. Guid\u00e9 par la vocation de transmettre, il est \u00e9galement  membre du jury depuis quelques ann\u00e9es aux Worldskills, dont certaines \u00e9preuves r\u00e9gionales -Automobile et Engins-, se sont d\u00e9roul\u00e9es cette semaine \u00e0 la CMA Formation et Entreprises Arras.<\/strong><\/p>\n\n\n<div class=\"wp-block-image\">\n<figure class=\"alignleft size-large is-resized\"><img loading=\"lazy\" decoding=\"async\" width=\"927\" height=\"1024\" src=\"https:\/\/www.cma-hautsdefrance.fr\/blog\/wp-content\/uploads\/2025\/02\/20250204_140112-2-927x1024.jpg\" alt=\"\" class=\"wp-image-9990\" style=\"width:515px;height:auto\"\/><\/figure>\n<\/div>\n\n\n<p style=\"font-size:14px\">A 56 ans, Marc Fosse est une figure embl\u00e9matique de la fili\u00e8re automobile \u00e0 la CMA Hauts-de-France. Chacun s\u2019accorde \u00e0 reconna\u00eetre ses comp\u00e9tences, sa rigueur, son exigence. Des qualit\u00e9s qui comptent quand on pilote une fili\u00e8re professionnelle en constante \u00e9volution. Transmettre un savoir-faire, voir les \u00e9l\u00e8ves progresser, les aider \u00e0 b\u00e2tir leur avenir, les accompagner vers la r\u00e9ussite\u2026 Voil\u00e0 ce qui motive au quotidien celui qui &#8211; rattach\u00e9 \u00e0 la CMA Formation Laon-, sillonne la r\u00e9gion en tant que Responsable d\u2019unit\u00e9 p\u00e9dagogique pour la CMA HDF pour aider \u00e0 d\u00e9busquer les jeunes talents.<br>Pour lui, l\u2019aventure automobile a commenc\u00e9 \u00ab\u00a0<em>lorsque je\u00a0jouais aux petites voitures, dans ma chambre\u00a0<\/em>\u00bb l\u00e2che-t-il avec un sourire. <em>Plus tard, ado, j\u2019ai d\u00e9couvert la m\u00e9canique, en r\u00e9parant ma mobylette, du coup, je le faisais aussi pour mes copains\u2026 J\u2019ai su que c\u2019\u00e9tait ce que je voulais faire.\u00a0\u00bb <\/em>Marc ne se laisse pas influencer par son coll\u00e8ge et ceux qui tentent de le dissuader de choisir l\u2019apprentissage. Il pers\u00e9v\u00e8re et s\u2019oriente vers un CAP Maintenance poids-lourds, poursuit avec un BP Technologie automobile. Apr\u00e8s une formation post apprentissage en Allemagne chez BMW, de retour en France, il est employ\u00e9 chez un concessionnaire automobile Wolkswagen\/Audi et se retrouve responsable des ateliers. <em>\u00ab\u00a0A ce moment-l\u00e0, j\u2019ai compris combien j\u2019aimais transmettre\u00a0mais j\u2019avais aussi envie d\u2019essayer autre chose que la \u00ab\u00a0vie de garage\u00a0\u00bb\u00a0<\/em>\u00bb, reconnait-il. C\u2019est ainsi qu\u2019en 1998, Marc devient formateur au CFA interprofessionnel de la Marne puis en 2003, int\u00e8gre la Chambre de M\u00e9tiers et de l&rsquo;Artisanat de l\u2019Aisne en qualit\u00e9 de professeur en Technologie automobile.<\/p>\n\n\n\n<p style=\"font-size:16px\"><strong>Une incroyable aventure humaine<\/strong><\/p>\n\n\n\n<p style=\"font-size:14px\">Car derri\u00e8re les moteurs, il y a certes une passion : celle de la m\u00e9canique, du fonctionnement pr\u00e9cis et complexe des v\u00e9hicules, mais au-del\u00e0 de la technique, ce m\u00e9tier est aussi pour Marc Fosse une incroyable aventure humaine. \u00ab\u00a0<em>\u00catre professeur, c\u2019est un \u00e9quilibre entre\u00a0exigence et bienveillance, entre\u00a0transmission et apprentissage mutuel. Car oui, moi aussi, j\u2019apprends chaque jour au contact des jeunes, de leurs questions, de leur vision nouvelle des choses.\u00a0\u00bb<\/em> Former les jeunes pousses de la fili\u00e8re automobile est pour lui une v\u00e9ritable satisfaction. <em>\u00ab\u00a0A la passion de la m\u00e9canique est venue s\u2019associer celle de la p\u00e9dagogie mais je garde le contact permanent avec la technologie automobile, c\u2019est indispensable\u00a0\u00bb, <\/em>confie-t-il<em>. Par ailleurs, la fili\u00e8re automobile doit pouvoir se d\u00e9velopper, on le voit avec les belles structures de Trith-St L\u00e9ger ou encore Boulogne dont nous sommes tr\u00e8s fiers*.\u00a0\u00bb<\/em><br>Chaque apprenti arrive avec son parcours, ses doutes, ses ambitions. L\u2019objectif de Marc est de leur donner confiance, les pousser \u00e0 se d\u00e9passer et leur montrer que m\u00eame si la m\u00e9canique automobile \u00e9volue \u00e0 toute vitesse, chacun peut trouver sa place. Apr\u00e8s avoir occup\u00e9 le poste de Responsable d\u2019unit\u00e9 p\u00e9dagogique<strong> (<\/strong>RUP) \u00e0 la CMA de l&rsquo;Aisne, il a pris les commandes de la fili\u00e8re m\u00e9canique automobile \u00e0 la CMA HDF. Et puis il lui a \u00e9t\u00e9 propos\u00e9 de prendre part aux comp\u00e9titions. \u00ab\u00a0<em>La premi\u00e8re satisfaction c\u2019est de pr\u00e9parer les jeunes aux concours, comme pour les Worldskills aujourd\u2019hui, c\u2019est venu en 2008 pour moi lorsqu&rsquo;on m&rsquo;a demand\u00e9 de faire partie du jury et la victoire c\u2019est d\u2019avoir des jeunes qui finissent sur des podiums. La seconde, c\u2019est de retrouver des apprentis qui sont devenus chef d\u2019atelier ou artisan r\u00e9parateur. On devient m\u00eame parfois coll\u00e8gues de travail !\u00a0\u00bb<\/em><\/p>\n\n\n\n<p style=\"font-size:14px\">Dans ses&nbsp;<em>Pens\u00e9es<\/em>, Blaise Pascal \u00e9crivait que&nbsp;<em>\u00ab&nbsp;la chose la plus importante \u00e0 toute la vie est le choix du m\u00e9tier : le hasard en dispose&nbsp;\u00bb<\/em>. Parfois le hasard fait bien les choses. Et quand ce n\u2019est pas le hasard c\u2019est tout simplement une histoire de vocation. Il n\u2019y a qu\u2019\u00e0 regarder Marc Fosse aux c\u00f4t\u00e9s de ses coll\u00e8gues et des jeunes apprentis qui concourraient aux  s\u00e9lections r\u00e9gionales des Worldskills&nbsp; \u00e0 Arras dans la fili\u00e8re automobile, pour en \u00eatre convaincu.<\/p>\n\n\n\n<p style=\"font-size:14px\">Cr\u00e9dit photos CMA DHF<\/p>\n\n\n\n<p style=\"font-size:14px\">* <a href=\"https:\/\/www.cma-hautsdefrance.fr\/blog\/le-magazine-de-la-formation-2025\/la-mecanique-automobile-une-filiere-davenir-dans-les-hauts-de-france\/\">La m\u00e9canique automobile : une fili\u00e8re d\u2019avenir dans les Hauts-de-France&nbsp; &#8211; COUP DE MAIN<\/a><\/p>\n","protected":false},"excerpt":{"rendered":"<p><span class=\"rt-reading-time\" style=\"display: block;\"><span class=\"rt-label rt-prefix\">Temps de lecture\u00a0: <\/span> <span class=\"rt-time\">3<\/span> <span class=\"rt-label rt-postfix\">minutes<\/span><\/span> Depuis plus d\u2019une vingtaine d\u2019ann\u00e9es \u00e0 la CMA Hauts-de-France, Marc Fosse a occup\u00e9 divers postes dans la fili\u00e8re automobile propos\u00e9e par l\u2019\u00e9tablissement avant de devenir Responsable d\u2019unit\u00e9 p\u00e9dagogique (RUP) \u00e0 la Direction Formation. Guid\u00e9 par la vocation de transmettre, il [&hellip;]<\/p>\n","protected":false},"author":20,"featured_media":10000,"comment_status":"closed","ping_status":"open","sticky":false,"template":"","format":"standard","meta":{"footnotes":""},"categories":[111,28,32,6,57,109],"tags":[73,194,158,222,63,91,223,145],"class_list":["post-9979","post","type-post","status-publish","format-standard","has-post-thumbnail","hentry","category-a-la-une","category-actu-nord","category-actu-pas-de-calais","category-actualites","category-ateliers-des-savoirs","category-linvite","tag-artisanat","tag-cma-arras","tag-cma-hdf","tag-filiere-automobile","tag-hauts-de-france","tag-interview","tag-selections-regionales-worldskills-2025","tag-worldskills"],"_links":{"self":[{"href":"https:\/\/www.cma-hautsdefrance.fr\/blog\/wp-json\/wp\/v2\/posts\/9979","targetHints":{"allow":["GET"]}}],"collection":[{"href":"https:\/\/www.cma-hautsdefrance.fr\/blog\/wp-json\/wp\/v2\/posts"}],"about":[{"href":"https:\/\/www.cma-hautsdefrance.fr\/blog\/wp-json\/wp\/v2\/types\/post"}],"author":[{"embeddable":true,"href":"https:\/\/www.cma-hautsdefrance.fr\/blog\/wp-json\/wp\/v2\/users\/20"}],"replies":[{"embeddable":true,"href":"https:\/\/www.cma-hautsdefrance.fr\/blog\/wp-json\/wp\/v2\/comments?post=9979"}],"version-history":[{"count":8,"href":"https:\/\/www.cma-hautsdefrance.fr\/blog\/wp-json\/wp\/v2\/posts\/9979\/revisions"}],"predecessor-version":[{"id":9994,"href":"https:\/\/www.cma-hautsdefrance.fr\/blog\/wp-json\/wp\/v2\/posts\/9979\/revisions\/9994"}],"wp:featuredmedia":[{"embeddable":true,"href":"https:\/\/www.cma-hautsdefrance.fr\/blog\/wp-json\/wp\/v2\/media\/10000"}],"wp:attachment":[{"href":"https:\/\/www.cma-hautsdefrance.fr\/blog\/wp-json\/wp\/v2\/media?parent=9979"}],"wp:term":[{"taxonomy":"category","embeddable":true,"href":"https:\/\/www.cma-hautsdefrance.fr\/blog\/wp-json\/wp\/v2\/categories?post=9979"},{"taxonomy":"post_tag","embeddable":true,"href":"https:\/\/www.cma-hautsdefrance.fr\/blog\/wp-json\/wp\/v2\/tags?post=9979"}],"curies":[{"name":"wp","href":"https:\/\/api.w.org\/{rel}","templated":true}]}}